{"id":58730,"date":"2026-09-01T16:41:35","date_gmt":"2026-09-01T22:41:35","guid":{"rendered":"https:\/\/reporterosdelsur.org\/diario\/?p=58730"},"modified":"2026-09-01T16:41:39","modified_gmt":"2026-09-01T22:41:39","slug":"miguel-moheno-marca-distancia-de-morena-y-perfila-al-pvem-a-competir-solo-en-2027","status":"publish","type":"post","link":"https:\/\/reporterosdelsur.org\/diario\/2026\/09\/miguel-moheno-marca-distancia-de-morena-y-perfila-al-pvem-a-competir-solo-en-2027\/","title":{"rendered":"Miguel Moheno marca distancia de Morena y perfila al PVEM a competir solo en 2027"},"content":{"rendered":"\n<p class=\"wp-block-paragraph\"><strong>El coordinador del PVEM en el Congreso local afirm\u00f3 que su partido no depende de Morena y mantendr\u00e1 su estrategia de competir por separado; sin embargo, abri\u00f3 la puerta a acuerdos de facto con el PRD en C\u00e1rdenas.<\/strong><\/p>\n\n\n\n<p class=\"wp-block-paragraph\"><strong>C\u00c1RDENAS, TAB.\u2014<\/strong> El coordinador de la bancada del Partido Verde Ecologista de M\u00e9xico (PVEM) en el Congreso de Tabasco, Miguel \u00c1ngel Moheno Pi\u00f1era, marc\u00f3 distancia de Morena y afirm\u00f3 que su partido no depende de esa fuerza pol\u00edtica, aunque continuar\u00e1 respaldando desde el \u00e1mbito legislativo a la presidenta de M\u00e9xico, Claudia Sheinbaum Pardo.<\/p>\n\n\n\n<p class=\"wp-block-paragraph\">El legislador sostuvo que el PVEM mantiene su propia estrategia pol\u00edtica y electoral, por lo que reiter\u00f3 que la intenci\u00f3n es competir de manera independiente en los pr\u00f3ximos procesos electorales, al considerar que esta f\u00f3rmula les ha permitido obtener resultados favorables y fortalecer su presencia tanto a nivel local como federal.<\/p>\n\n\n\n<figure class=\"wp-block-image size-large\"><img loading=\"lazy\" decoding=\"async\" width=\"1024\" height=\"683\" src=\"https:\/\/reporterosdelsur.org\/diario\/wp-content\/uploads\/2026\/09\/Cardenas-6-1024x683.jpeg\" alt=\"\" class=\"wp-image-58732\" srcset=\"https:\/\/reporterosdelsur.org\/diario\/wp-content\/uploads\/2026\/09\/Cardenas-6-1024x683.jpeg 1024w, https:\/\/reporterosdelsur.org\/diario\/wp-content\/uploads\/2026\/09\/Cardenas-6-300x200.jpeg 300w, https:\/\/reporterosdelsur.org\/diario\/wp-content\/uploads\/2026\/09\/Cardenas-6-768x512.jpeg 768w, https:\/\/reporterosdelsur.org\/diario\/wp-content\/uploads\/2026\/09\/Cardenas-6-1200x800.jpeg 1200w, https:\/\/reporterosdelsur.org\/diario\/wp-content\/uploads\/2026\/09\/Cardenas-6-465x310.jpeg 465w, https:\/\/reporterosdelsur.org\/diario\/wp-content\/uploads\/2026\/09\/Cardenas-6-695x464.jpeg 695w, https:\/\/reporterosdelsur.org\/diario\/wp-content\/uploads\/2026\/09\/Cardenas-6.jpeg 1280w\" sizes=\"auto, (max-width: 1024px) 100vw, 1024px\" \/><\/figure>\n\n\n\n<p class=\"wp-block-paragraph\">No obstante, Moheno Pi\u00f1era dej\u00f3 abierta la posibilidad de establecer acuerdos con otras fuerzas pol\u00edticas, particularmente con el PRD Tabasco, de cara a las elecciones de 2027, especialmente en el municipio de C\u00e1rdenas.<\/p>\n\n\n\n<p class=\"wp-block-paragraph\">El coordinador parlamentario destac\u00f3 la presencia que mantiene el PRD en esa demarcaci\u00f3n, al considerarlo una fuerza pol\u00edtica con estructura y figuras que conservan presencia entre el electorado.<\/p>\n\n\n\n<figure class=\"wp-block-image size-large\"><img loading=\"lazy\" decoding=\"async\" width=\"768\" height=\"1024\" src=\"https:\/\/reporterosdelsur.org\/diario\/wp-content\/uploads\/2026\/09\/Cardenas-4-768x1024.jpeg\" alt=\"\" class=\"wp-image-58733\" srcset=\"https:\/\/reporterosdelsur.org\/diario\/wp-content\/uploads\/2026\/09\/Cardenas-4-768x1024.jpeg 768w, https:\/\/reporterosdelsur.org\/diario\/wp-content\/uploads\/2026\/09\/Cardenas-4-225x300.jpeg 225w, https:\/\/reporterosdelsur.org\/diario\/wp-content\/uploads\/2026\/09\/Cardenas-4-413x550.jpeg 413w, https:\/\/reporterosdelsur.org\/diario\/wp-content\/uploads\/2026\/09\/Cardenas-4-375x500.jpeg 375w, https:\/\/reporterosdelsur.org\/diario\/wp-content\/uploads\/2026\/09\/Cardenas-4.jpeg 960w\" sizes=\"auto, (max-width: 768px) 100vw, 768px\" \/><\/figure>\n\n\n\n<p class=\"wp-block-paragraph\">Aunque descart\u00f3 nuevamente incorporarse a un bloque opositor, el legislador no cerr\u00f3 la puerta a establecer acercamientos con partidos que compartan objetivos comunes, aun cuando ello no necesariamente implique una coalici\u00f3n formal durante el proceso electoral intermedio.<\/p>\n\n\n\n<p class=\"wp-block-paragraph\">\u201cCompetiremos solos porque as\u00ed nos conviene\u201d, sostuvo, al se\u00f1alar que la estrategia del PVEM se mantendr\u00e1 enfocada en continuar posicion\u00e1ndose entre el electorado.<\/p>\n\n\n\n<h2 class=\"wp-block-heading\">Respaldan al deporte en C\u00e1rdenas<\/h2>\n\n\n\n<p class=\"wp-block-paragraph\">Las declaraciones del legislador se dieron en el marco de una visita a la Academia Deportiva Guerreros C\u00e1rdenas, ubicada en la colonia Petrolera, donde acompa\u00f1\u00f3 a ni\u00f1as, ni\u00f1os y j\u00f3venes que practican f\u00fatbol.<\/p>\n\n\n\n<p class=\"wp-block-paragraph\">Durante la actividad se concret\u00f3 la entrega de insumos destinados a fortalecer las labores de entrenamiento y las actividades deportivas de la academia.<\/p>\n\n\n\n<p class=\"wp-block-paragraph\">Moheno Pi\u00f1era convivi\u00f3 con los j\u00f3venes y sostuvo una charla con madres y padres de familia, quienes expusieron experiencias e inquietudes relacionadas con la formaci\u00f3n deportiva de sus hijos.<\/p>\n\n\n\n<figure class=\"wp-block-image size-large\"><img loading=\"lazy\" decoding=\"async\" width=\"1024\" height=\"682\" src=\"https:\/\/reporterosdelsur.org\/diario\/wp-content\/uploads\/2026\/09\/Cardenas-3-1024x682.jpeg\" alt=\"\" class=\"wp-image-58734\" srcset=\"https:\/\/reporterosdelsur.org\/diario\/wp-content\/uploads\/2026\/09\/Cardenas-3-1024x682.jpeg 1024w, https:\/\/reporterosdelsur.org\/diario\/wp-content\/uploads\/2026\/09\/Cardenas-3-300x200.jpeg 300w, https:\/\/reporterosdelsur.org\/diario\/wp-content\/uploads\/2026\/09\/Cardenas-3-768x512.jpeg 768w, https:\/\/reporterosdelsur.org\/diario\/wp-content\/uploads\/2026\/09\/Cardenas-3-1200x800.jpeg 1200w, https:\/\/reporterosdelsur.org\/diario\/wp-content\/uploads\/2026\/09\/Cardenas-3-465x310.jpeg 465w, https:\/\/reporterosdelsur.org\/diario\/wp-content\/uploads\/2026\/09\/Cardenas-3-695x463.jpeg 695w, https:\/\/reporterosdelsur.org\/diario\/wp-content\/uploads\/2026\/09\/Cardenas-3.jpeg 1280w\" sizes=\"auto, (max-width: 1024px) 100vw, 1024px\" \/><\/figure>\n\n\n\n<p class=\"wp-block-paragraph\">En el encuentro se destac\u00f3 que C\u00e1rdenas cuenta con talento en distintas disciplinas y que fortalecer los espacios deportivos permite que las nuevas generaciones encuentren alternativas para mantenerse activas, desarrollar habilidades y fomentar valores como la disciplina, el trabajo en equipo y la convivencia.<\/p>\n\n\n\n<p class=\"wp-block-paragraph\">El diputado reconoci\u00f3 particularmente el esfuerzo de los entrenadores y de las familias que contribuyen a mantener vigente la pr\u00e1ctica deportiva en la colonia Petrolera.<\/p>\n\n\n\n<p class=\"wp-block-paragraph\">Asimismo, resalt\u00f3 que el impulso a este tipo de actividades puede contribuir a fortalecer el tejido social y generar oportunidades de desarrollo para ni\u00f1as, ni\u00f1os y j\u00f3venes.<\/p>\n\n\n\n<p class=\"wp-block-paragraph\">De cara a 2027, el PVEM deber\u00e1 definir su estrategia electoral en Tabasco. Mientras tanto, Moheno Pi\u00f1era mantiene la postura de competir por separado, aunque sin descartar acuerdos pol\u00edticos con otras fuerzas en municipios donde existan coincidencias y condiciones para trabajar de manera conjunta.<\/p>\n","protected":false},"excerpt":{"rendered":"<p>El coordinador del PVEM en el Congreso local afirm\u00f3 que su partido no depende de Morena y mantendr\u00e1 su estrategia de competir por separado; sin embargo, abri\u00f3 la puerta a acuerdos de facto con el PRD en C\u00e1rdenas. C\u00c1RDENAS, TAB.\u2014 El coordinador de la bancada del Partido Verde Ecologista de<span class=\"more-link theme-more-link\"><a href=\"https:\/\/reporterosdelsur.org\/diario\/2026\/09\/miguel-moheno-marca-distancia-de-morena-y-perfila-al-pvem-a-competir-solo-en-2027\/\">Leer Nota Complete<\/a><\/span><\/p>\n","protected":false},"author":3,"featured_media":58731,"comment_status":"open","ping_status":"open","sticky":false,"template":"","format":"standard","meta":{"footnotes":"","jetpack_publicize_message":"","jetpack_publicize_feature_enabled":true,"jetpack_social_post_already_shared":true,"jetpack_social_options":{"image_generator_settings":{"template":"highway","default_image_id":0,"font":"","enabled":false},"version":2}},"categories":[2],"tags":[192,403,242,1375,38,35],"class_list":["entry","author-hipolitog2015gmail-com","post-58730","post","type-post","status-publish","format-standard","has-post-thumbnail","category-tabasco","tag-cardenas","tag-congreso-del-estado","tag-diputados","tag-eleccion-2027","tag-noticias","tag-tabasco"],"jetpack_publicize_connections":[],"featured_image_urls":{"full":["https:\/\/reporterosdelsur.org\/diario\/wp-content\/uploads\/2026\/09\/Cardenas-1.jpeg",1280,853,false],"thumbnail":["https:\/\/reporterosdelsur.org\/diario\/wp-content\/uploads\/2026\/09\/Cardenas-1-150x150.jpeg",150,150,true],"medium":["https:\/\/reporterosdelsur.org\/diario\/wp-content\/uploads\/2026\/09\/Cardenas-1-300x200.jpeg",300,200,true],"medium_large":["https:\/\/reporterosdelsur.org\/diario\/wp-content\/uploads\/2026\/09\/Cardenas-1-768x512.jpeg",768,512,true],"large":["https:\/\/reporterosdelsur.org\/diario\/wp-content\/uploads\/2026\/09\/Cardenas-1-1024x682.jpeg",1024,682,true],"1536x1536":["https:\/\/reporterosdelsur.org\/diario\/wp-content\/uploads\/2026\/09\/Cardenas-1.jpeg",1280,853,false],"2048x2048":["https:\/\/reporterosdelsur.org\/diario\/wp-content\/uploads\/2026\/09\/Cardenas-1.jpeg",1280,853,false],"ultp_layout_landscape_large":["https:\/\/reporterosdelsur.org\/diario\/wp-content\/uploads\/2026\/09\/Cardenas-1-1200x800.jpeg",1200,800,true],"ultp_layout_landscape":["https:\/\/reporterosdelsur.org\/diario\/wp-content\/uploads\/2026\/09\/Cardenas-1-870x570.jpeg",870,570,true],"ultp_layout_portrait":["https:\/\/reporterosdelsur.org\/diario\/wp-content\/uploads\/2026\/09\/Cardenas-1-600x853.jpeg",600,853,true],"ultp_layout_square":["https:\/\/reporterosdelsur.org\/diario\/wp-content\/uploads\/2026\/09\/Cardenas-1-600x600.jpeg",600,600,true],"hoot-medium-thumb":["https:\/\/reporterosdelsur.org\/diario\/wp-content\/uploads\/2026\/09\/Cardenas-1-460x400.jpeg",460,400,true],"hoot-preview":["https:\/\/reporterosdelsur.org\/diario\/wp-content\/uploads\/2026\/09\/Cardenas-1-465x310.jpeg",465,310,true],"hoot-preview-thumb":["https:\/\/reporterosdelsur.org\/diario\/wp-content\/uploads\/2026\/09\/Cardenas-1-465x550.jpeg",465,550,true],"hoot-large-thumb":["https:\/\/reporterosdelsur.org\/diario\/wp-content\/uploads\/2026\/09\/Cardenas-1-690x550.jpeg",690,550,true],"hoot-preview-large":["https:\/\/reporterosdelsur.org\/diario\/wp-content\/uploads\/2026\/09\/Cardenas-1-695x463.jpeg",695,463,true],"hoot-wide-thumb":["https:\/\/reporterosdelsur.org\/diario\/wp-content\/uploads\/2026\/09\/Cardenas-1-920x425.jpeg",920,425,true],"hoot-extra-wide-thumb":["https:\/\/reporterosdelsur.org\/diario\/wp-content\/uploads\/2026\/09\/Cardenas-1-1035x425.jpeg",1035,425,true]},"author_info":{"display_name":"Hipolito Garc\u00eda","author_link":"https:\/\/reporterosdelsur.org\/diario\/author\/hipolitog2015gmail-com\/"},"category_info":"<a href=\"https:\/\/reporterosdelsur.org\/diario\/category\/tabasco\/\" rel=\"category tag\">Tabasco<\/a>","tag_info":"Tabasco","comment_count":"0","_links":{"self":[{"href":"https:\/\/reporterosdelsur.org\/diario\/wp-json\/wp\/v2\/posts\/58730","targetHints":{"allow":["GET"]}}],"collection":[{"href":"https:\/\/reporterosdelsur.org\/diario\/wp-json\/wp\/v2\/posts"}],"about":[{"href":"https:\/\/reporterosdelsur.org\/diario\/wp-json\/wp\/v2\/types\/post"}],"author":[{"embeddable":true,"href":"https:\/\/reporterosdelsur.org\/diario\/wp-json\/wp\/v2\/users\/3"}],"replies":[{"embeddable":true,"href":"https:\/\/reporterosdelsur.org\/diario\/wp-json\/wp\/v2\/comments?post=58730"}],"version-history":[{"count":1,"href":"https:\/\/reporterosdelsur.org\/diario\/wp-json\/wp\/v2\/posts\/58730\/revisions"}],"predecessor-version":[{"id":58735,"href":"https:\/\/reporterosdelsur.org\/diario\/wp-json\/wp\/v2\/posts\/58730\/revisions\/58735"}],"wp:featuredmedia":[{"embeddable":true,"href":"https:\/\/reporterosdelsur.org\/diario\/wp-json\/wp\/v2\/media\/58731"}],"wp:attachment":[{"href":"https:\/\/reporterosdelsur.org\/diario\/wp-json\/wp\/v2\/media?parent=58730"}],"wp:term":[{"taxonomy":"category","embeddable":true,"href":"https:\/\/reporterosdelsur.org\/diario\/wp-json\/wp\/v2\/categories?post=58730"},{"taxonomy":"post_tag","embeddable":true,"href":"https:\/\/reporterosdelsur.org\/diario\/wp-json\/wp\/v2\/tags?post=58730"}],"curies":[{"name":"wp","href":"https:\/\/api.w.org\/{rel}","templated":true}]}}