{"id":58726,"date":"2026-09-01T16:31:34","date_gmt":"2026-09-01T22:31:34","guid":{"rendered":"https:\/\/reporterosdelsur.org\/diario\/?p=58726"},"modified":"2026-09-01T19:13:11","modified_gmt":"2026-09-02T01:13:11","slug":"cuestionan-legalidad-de-alcaldia-interina-y-reportan-nuevos-cambios-en-ayuntamiento-de-paraiso","status":"publish","type":"post","link":"https:\/\/reporterosdelsur.org\/diario\/2026\/09\/cuestionan-legalidad-de-alcaldia-interina-y-reportan-nuevos-cambios-en-ayuntamiento-de-paraiso\/","title":{"rendered":"Cuestionan legalidad de alcald\u00eda interina y reportan nuevos cambios en Ayuntamiento de Para\u00edso"},"content":{"rendered":"\n<p class=\"wp-block-paragraph\"><strong>El abogado Sergio Antonio Reyes Ramos sostuvo que la designaci\u00f3n de Mar\u00eda Eliza Hern\u00e1ndez Flores como alcaldesa interina debe ser revisada jur\u00eddicamente; este 1 de septiembre tambi\u00e9n se reportaron renuncias y movimientos en diversas \u00e1reas del Ayuntamiento, adem\u00e1s de se\u00f1alamientos de contratistas por presuntos adeudos.<\/strong><\/p>\n\n\n\n<p class=\"wp-block-paragraph\"><strong>PARA\u00cdSO, TAB.\u2014<\/strong> La legalidad de la designaci\u00f3n de Mar\u00eda Eliza Hern\u00e1ndez Flores como alcaldesa interina de Para\u00edso fue cuestionada por el integrante del Colegio de Abogados Tabasque\u00f1os, Sergio Antonio Reyes Ramos, quien consider\u00f3 que el procedimiento utilizado por el Ayuntamiento debe ser revisado a la luz de las disposiciones legales aplicables.<\/p>\n\n\n\n<p class=\"wp-block-paragraph\">Durante una rueda de prensa, el abogado sostuvo que existen posibles inconsistencias en la sustituci\u00f3n de la titularidad del Ayuntamiento, particularmente en lo relacionado con las reglas de g\u00e9nero que, a su consideraci\u00f3n, deben observarse cuando se genera una ausencia en la presidencia municipal.<\/p>\n\n\n\n<p class=\"wp-block-paragraph\">Reyes Ramos argument\u00f3 que, si el presidente municipal ausente es hombre, la sustituci\u00f3n deber\u00eda corresponder a un var\u00f3n, en atenci\u00f3n al principio de paridad de g\u00e9nero y a las disposiciones que regulan la integraci\u00f3n de los ayuntamientos.<\/p>\n\n\n\n<p class=\"wp-block-paragraph\">El litigante tambi\u00e9n se\u00f1al\u00f3 que debe analizarse la figura del suplente electo por la ciudadan\u00eda, al considerar que la legislaci\u00f3n contempla su participaci\u00f3n cuando el presidente municipal se encuentra imposibilitado temporalmente para ejercer sus funciones.<\/p>\n\n\n\n<p class=\"wp-block-paragraph\">A partir de estos argumentos, plante\u00f3 que el Congreso del Estado podr\u00eda intervenir para revisar la situaci\u00f3n jur\u00eddica de la administraci\u00f3n municipal y, dependiendo de lo que determinen las autoridades competentes, valorar alternativas para garantizar la legalidad en la integraci\u00f3n del Ayuntamiento.<\/p>\n\n\n\n<p class=\"wp-block-paragraph\">Entre los escenarios mencionados se encuentra la eventual sustituci\u00f3n de integrantes del Cabildo y, en un caso extremo, la desaparici\u00f3n del Ayuntamiento y la conformaci\u00f3n de un Consejo Municipal.<\/p>\n\n\n\n<p class=\"wp-block-paragraph\">Reyes Ramos advirti\u00f3 adem\u00e1s que, si las autoridades determinaran que funcionarios municipales ejercieron atribuciones sin contar con la debida legitimidad jur\u00eddica, podr\u00edan derivarse responsabilidades legales. Sin embargo, hasta el momento no existe una resoluci\u00f3n que determine que el Ayuntamiento sea inexistente ni que sus integrantes hayan incurrido en alg\u00fan delito.<\/p>\n\n\n\n<p class=\"wp-block-paragraph\">El abogado consider\u00f3 que la situaci\u00f3n genera incertidumbre sobre el funcionamiento de la administraci\u00f3n municipal y podr\u00eda tener repercusiones presupuestales, econ\u00f3micas y pol\u00edticas.<\/p>\n\n\n\n<figure class=\"wp-block-image size-large\"><img loading=\"lazy\" decoding=\"async\" width=\"1024\" height=\"768\" src=\"https:\/\/reporterosdelsur.org\/diario\/wp-content\/uploads\/2026\/09\/Paraiso-3-1024x768.jpg\" alt=\"\" class=\"wp-image-58728\" srcset=\"https:\/\/reporterosdelsur.org\/diario\/wp-content\/uploads\/2026\/09\/Paraiso-3-1024x768.jpg 1024w, https:\/\/reporterosdelsur.org\/diario\/wp-content\/uploads\/2026\/09\/Paraiso-3-300x225.jpg 300w, https:\/\/reporterosdelsur.org\/diario\/wp-content\/uploads\/2026\/09\/Paraiso-3-768x576.jpg 768w, https:\/\/reporterosdelsur.org\/diario\/wp-content\/uploads\/2026\/09\/Paraiso-3-1536x1152.jpg 1536w, https:\/\/reporterosdelsur.org\/diario\/wp-content\/uploads\/2026\/09\/Paraiso-3-465x349.jpg 465w, https:\/\/reporterosdelsur.org\/diario\/wp-content\/uploads\/2026\/09\/Paraiso-3-667x500.jpg 667w, https:\/\/reporterosdelsur.org\/diario\/wp-content\/uploads\/2026\/09\/Paraiso-3.jpg 2048w\" sizes=\"auto, (max-width: 1024px) 100vw, 1024px\" \/><\/figure>\n\n\n\n<h2 class=\"wp-block-heading\">Reportan movimientos en \u00e1reas municipales<\/h2>\n\n\n\n<p class=\"wp-block-paragraph\">En paralelo a los cuestionamientos sobre la integraci\u00f3n del gobierno municipal, este 1 de septiembre se reportaron diversos movimientos en \u00e1reas administrativas del Ayuntamiento de Para\u00edso.<\/p>\n\n\n\n<p class=\"wp-block-paragraph\">De acuerdo con la informaci\u00f3n proporcionada, Marco Arturo Javier Madrigal present\u00f3 su renuncia a la Coordinaci\u00f3n de Fiscalizaci\u00f3n y Normatividad (Reglamento), junto con un grupo de inspectores. La coordinaci\u00f3n ser\u00eda ocupada por quien anteriormente se encontraba encargado de la Junta Municipal de Reclutamiento.<\/p>\n\n\n\n<p class=\"wp-block-paragraph\">Asimismo, Julio C\u00e9sar Jim\u00e9nez Cruz fue removido de la Direcci\u00f3n de Tr\u00e1nsito Municipal y, seg\u00fan la informaci\u00f3n difundida, este mismo d\u00eda retom\u00f3 funciones en la Oficial\u00eda del Registro Civil 01.<\/p>\n\n\n\n<p class=\"wp-block-paragraph\">En la Subdirecci\u00f3n de Catastro tambi\u00e9n se registr\u00f3 un cambio. Dolores C\u00f3rdoba, quien hab\u00eda sido designada recientemente, dej\u00f3 el cargo y su lugar ser\u00eda ocupado por Flor del Mar P\u00e9rez Rosado, exdirectora de Seguridad P\u00fablica municipal.<\/p>\n\n\n\n<p class=\"wp-block-paragraph\">Otro movimiento se relaciona con la Direcci\u00f3n de Obras, Ordenamiento Territorial y Servicios Municipales. Tras la renuncia presentada este d\u00eda por Edison Wilson, el \u00e1rea tendr\u00eda como nuevo titular a Asunci\u00f3n L\u00f3pez, de acuerdo con la informaci\u00f3n proporcionada.<\/p>\n\n\n\n<h2 class=\"wp-block-heading\">Contratistas se\u00f1alan presuntos adeudos<\/h2>\n\n\n\n<p class=\"wp-block-paragraph\">Por separado, tambi\u00e9n se han difundido se\u00f1alamientos de contratistas relacionados con presuntos adeudos por trabajos de obra p\u00fablica realizados para el municipio.<\/p>\n\n\n\n<p class=\"wp-block-paragraph\">Seg\u00fan la informaci\u00f3n proporcionada, ocho contratistas habr\u00edan presentado una denuncia ante la Fiscal\u00eda General del Estado de Tabasco, en la que se\u00f1alar\u00edan adeudos que, en conjunto, rondar\u00edan los 80 millones de pesos.<\/p>\n\n\n\n<p class=\"wp-block-paragraph\">Tambi\u00e9n existen se\u00f1alamientos sobre presuntas obras ejecutadas sin los procedimientos de licitaci\u00f3n correspondientes.<\/p>\n\n\n\n<p class=\"wp-block-paragraph\">No obstante, estos \u00faltimos planteamientos corresponden a denuncias y se\u00f1alamientos que deber\u00e1n ser investigados por las autoridades competentes, por lo que no pueden considerarse hechos acreditados mientras no exista una resoluci\u00f3n oficial que determine responsabilidades.<\/p>\n\n\n\n<p class=\"wp-block-paragraph\">La situaci\u00f3n de Para\u00edso se mantiene as\u00ed bajo la atenci\u00f3n de distintas instancias, tanto por los cuestionamientos a la designaci\u00f3n de la alcaldesa interina como por los movimientos registrados dentro de la administraci\u00f3n municipal y las denuncias relacionadas con la ejecuci\u00f3n y pago de obras p\u00fablicas.<\/p>\n\n\n\n<p class=\"wp-block-paragraph\">Corresponder\u00e1 al Congreso del Estado y a las autoridades judiciales o de procuraci\u00f3n de justicia, seg\u00fan el \u00e1mbito de sus atribuciones, determinar si los procedimientos cuestionados se ajustaron al marco jur\u00eddico y, en su caso, establecer las medidas o responsabilidades que correspondan.<\/p>\n","protected":false},"excerpt":{"rendered":"<p>El abogado Sergio Antonio Reyes Ramos sostuvo que la designaci\u00f3n de Mar\u00eda Eliza Hern\u00e1ndez Flores como alcaldesa interina debe ser revisada jur\u00eddicamente; este 1 de septiembre tambi\u00e9n se reportaron renuncias y movimientos en diversas \u00e1reas del Ayuntamiento, adem\u00e1s de se\u00f1alamientos de contratistas por presuntos adeudos. PARA\u00cdSO, TAB.\u2014 La legalidad de<span class=\"more-link theme-more-link\"><a href=\"https:\/\/reporterosdelsur.org\/diario\/2026\/09\/cuestionan-legalidad-de-alcaldia-interina-y-reportan-nuevos-cambios-en-ayuntamiento-de-paraiso\/\">Leer Nota Complete<\/a><\/span><\/p>\n","protected":false},"author":1,"featured_media":58727,"comment_status":"open","ping_status":"open","sticky":false,"template":"","format":"standard","meta":{"footnotes":"","jetpack_publicize_message":"","jetpack_publicize_feature_enabled":true,"jetpack_social_post_already_shared":true,"jetpack_social_options":{"image_generator_settings":{"template":"highway","default_image_id":0,"font":"","enabled":false},"version":2}},"categories":[6,2],"tags":[268,694,982,371,1355,491,38,372,411,132,459,333,34],"class_list":["entry","author-admin","post-58726","post","type-post","status-publish","format-standard","has-post-thumbnail","category-destacado","category-tabasco","tag-ayuntamiento","tag-extorsion","tag-fgr-tabasco","tag-gn","tag-llamadas-telefonicas","tag-marina","tag-noticias","tag-operativos","tag-paraiso","tag-secuestro","tag-sedena","tag-seguridad","tag-villahermosa"],"jetpack_publicize_connections":[],"featured_image_urls":{"full":["https:\/\/reporterosdelsur.org\/diario\/wp-content\/uploads\/2026\/09\/Paraiso.jpg",1600,1070,false],"thumbnail":["https:\/\/reporterosdelsur.org\/diario\/wp-content\/uploads\/2026\/09\/Paraiso-150x150.jpg",150,150,true],"medium":["https:\/\/reporterosdelsur.org\/diario\/wp-content\/uploads\/2026\/09\/Paraiso-300x201.jpg",300,201,true],"medium_large":["https:\/\/reporterosdelsur.org\/diario\/wp-content\/uploads\/2026\/09\/Paraiso-768x514.jpg",768,514,true],"large":["https:\/\/reporterosdelsur.org\/diario\/wp-content\/uploads\/2026\/09\/Paraiso-1024x685.jpg",1024,685,true],"1536x1536":["https:\/\/reporterosdelsur.org\/diario\/wp-content\/uploads\/2026\/09\/Paraiso-1536x1027.jpg",1536,1027,true],"2048x2048":["https:\/\/reporterosdelsur.org\/diario\/wp-content\/uploads\/2026\/09\/Paraiso.jpg",1600,1070,false],"ultp_layout_landscape_large":["https:\/\/reporterosdelsur.org\/diario\/wp-content\/uploads\/2026\/09\/Paraiso-1200x800.jpg",1200,800,true],"ultp_layout_landscape":["https:\/\/reporterosdelsur.org\/diario\/wp-content\/uploads\/2026\/09\/Paraiso-870x570.jpg",870,570,true],"ultp_layout_portrait":["https:\/\/reporterosdelsur.org\/diario\/wp-content\/uploads\/2026\/09\/Paraiso-600x900.jpg",600,900,true],"ultp_layout_square":["https:\/\/reporterosdelsur.org\/diario\/wp-content\/uploads\/2026\/09\/Paraiso-600x600.jpg",600,600,true],"hoot-medium-thumb":["https:\/\/reporterosdelsur.org\/diario\/wp-content\/uploads\/2026\/09\/Paraiso-460x400.jpg",460,400,true],"hoot-preview":["https:\/\/reporterosdelsur.org\/diario\/wp-content\/uploads\/2026\/09\/Paraiso-465x311.jpg",465,311,true],"hoot-preview-thumb":["https:\/\/reporterosdelsur.org\/diario\/wp-content\/uploads\/2026\/09\/Paraiso-465x550.jpg",465,550,true],"hoot-large-thumb":["https:\/\/reporterosdelsur.org\/diario\/wp-content\/uploads\/2026\/09\/Paraiso-690x550.jpg",690,550,true],"hoot-preview-large":["https:\/\/reporterosdelsur.org\/diario\/wp-content\/uploads\/2026\/09\/Paraiso-695x465.jpg",695,465,true],"hoot-wide-thumb":["https:\/\/reporterosdelsur.org\/diario\/wp-content\/uploads\/2026\/09\/Paraiso-920x425.jpg",920,425,true],"hoot-extra-wide-thumb":["https:\/\/reporterosdelsur.org\/diario\/wp-content\/uploads\/2026\/09\/Paraiso-1035x425.jpg",1035,425,true]},"author_info":{"display_name":"Reporteros del Sur","author_link":"https:\/\/reporterosdelsur.org\/diario\/author\/admin\/"},"category_info":"<a href=\"https:\/\/reporterosdelsur.org\/diario\/category\/destacado\/\" rel=\"category tag\">Destacado<\/a> <a href=\"https:\/\/reporterosdelsur.org\/diario\/category\/tabasco\/\" rel=\"category tag\">Tabasco<\/a>","tag_info":"Tabasco","comment_count":"0","_links":{"self":[{"href":"https:\/\/reporterosdelsur.org\/diario\/wp-json\/wp\/v2\/posts\/58726","targetHints":{"allow":["GET"]}}],"collection":[{"href":"https:\/\/reporterosdelsur.org\/diario\/wp-json\/wp\/v2\/posts"}],"about":[{"href":"https:\/\/reporterosdelsur.org\/diario\/wp-json\/wp\/v2\/types\/post"}],"author":[{"embeddable":true,"href":"https:\/\/reporterosdelsur.org\/diario\/wp-json\/wp\/v2\/users\/1"}],"replies":[{"embeddable":true,"href":"https:\/\/reporterosdelsur.org\/diario\/wp-json\/wp\/v2\/comments?post=58726"}],"version-history":[{"count":1,"href":"https:\/\/reporterosdelsur.org\/diario\/wp-json\/wp\/v2\/posts\/58726\/revisions"}],"predecessor-version":[{"id":58729,"href":"https:\/\/reporterosdelsur.org\/diario\/wp-json\/wp\/v2\/posts\/58726\/revisions\/58729"}],"wp:featuredmedia":[{"embeddable":true,"href":"https:\/\/reporterosdelsur.org\/diario\/wp-json\/wp\/v2\/media\/58727"}],"wp:attachment":[{"href":"https:\/\/reporterosdelsur.org\/diario\/wp-json\/wp\/v2\/media?parent=58726"}],"wp:term":[{"taxonomy":"category","embeddable":true,"href":"https:\/\/reporterosdelsur.org\/diario\/wp-json\/wp\/v2\/categories?post=58726"},{"taxonomy":"post_tag","embeddable":true,"href":"https:\/\/reporterosdelsur.org\/diario\/wp-json\/wp\/v2\/tags?post=58726"}],"curies":[{"name":"wp","href":"https:\/\/api.w.org\/{rel}","templated":true}]}}