{"id":58719,"date":"2026-09-01T16:20:16","date_gmt":"2026-09-01T22:20:16","guid":{"rendered":"https:\/\/reporterosdelsur.org\/diario\/?p=58719"},"modified":"2026-09-01T16:20:19","modified_gmt":"2026-09-01T22:20:19","slug":"donde-antes-habia-puertas-cerradas-hoy-los-jovenes-tocan-para-abrir-caminos","status":"publish","type":"post","link":"https:\/\/reporterosdelsur.org\/diario\/2026\/09\/donde-antes-habia-puertas-cerradas-hoy-los-jovenes-tocan-para-abrir-caminos\/","title":{"rendered":"Donde antes hab\u00eda puertas cerradas, hoy los j\u00f3venes tocan para abrir caminos"},"content":{"rendered":"\n<p class=\"wp-block-paragraph\"><strong>La Jornada de Paz n\u00famero 64 en Centro llev\u00f3 servicios, recuperaci\u00f3n de espacios p\u00fablicos y actividades comunitarias a Villa Macultepec, donde j\u00f3venes de \u201cJ\u00f3venes Unen al Barrio\u201d participan activamente en la reconstrucci\u00f3n del tejido social.<\/strong><\/p>\n\n\n\n<p class=\"wp-block-paragraph\"><strong>VILLA MACULTEPEC, CENTRO.\u2014<\/strong> La paz no lleg\u00f3 en silencio este martes a Villa Macultepec. Lleg\u00f3 caminando por las calles, tocando puertas, recuperando espacios p\u00fablicos, acercando servicios y, sobre todo, escuchando a los vecinos. En esta labor, j\u00f3venes como Norma Rosal\u00eda Flores Miranda y Yeinner Oswaldo Valencia encontraron una oportunidad para demostrar que tambi\u00e9n pueden ser protagonistas de los cambios en sus comunidades.<\/p>\n\n\n\n<p class=\"wp-block-paragraph\">Norma es una mam\u00e1 joven que recientemente concluy\u00f3 la preparatoria abierta y decidi\u00f3 incorporarse al programa \u201cJ\u00f3venes Unen al Barrio\u201d, donde encontr\u00f3 una manera de poner sus conocimientos al servicio de los dem\u00e1s. Desde Indeco participa en jornadas de limpieza, actividades de reciclaje, cine comunitario y visitas a escuelas.<\/p>\n\n\n\n<figure class=\"wp-block-image size-large\"><img loading=\"lazy\" decoding=\"async\" width=\"1024\" height=\"683\" src=\"https:\/\/reporterosdelsur.org\/diario\/wp-content\/uploads\/2026\/09\/Jornada-3-1024x683.jpeg\" alt=\"\" class=\"wp-image-58721\" srcset=\"https:\/\/reporterosdelsur.org\/diario\/wp-content\/uploads\/2026\/09\/Jornada-3-1024x683.jpeg 1024w, https:\/\/reporterosdelsur.org\/diario\/wp-content\/uploads\/2026\/09\/Jornada-3-300x200.jpeg 300w, https:\/\/reporterosdelsur.org\/diario\/wp-content\/uploads\/2026\/09\/Jornada-3-768x512.jpeg 768w, https:\/\/reporterosdelsur.org\/diario\/wp-content\/uploads\/2026\/09\/Jornada-3-1200x800.jpeg 1200w, https:\/\/reporterosdelsur.org\/diario\/wp-content\/uploads\/2026\/09\/Jornada-3-465x310.jpeg 465w, https:\/\/reporterosdelsur.org\/diario\/wp-content\/uploads\/2026\/09\/Jornada-3-695x464.jpeg 695w, https:\/\/reporterosdelsur.org\/diario\/wp-content\/uploads\/2026\/09\/Jornada-3.jpeg 1280w\" sizes=\"auto, (max-width: 1024px) 100vw, 1024px\" \/><\/figure>\n\n\n\n<p class=\"wp-block-paragraph\">Para ella, recuperar un parque representa mucho m\u00e1s que mejorar su apariencia: significa rescatar espacios de convivencia que poco a poco se hab\u00edan perdido.<\/p>\n\n\n\n<p class=\"wp-block-paragraph\">\u201cHay muchos j\u00f3venes que est\u00e1n cayendo en eso del dinero f\u00e1cil\u201d, advierte Norma, quien considera necesario generar alternativas para que las nuevas generaciones encuentren oportunidades de aprendizaje, participaci\u00f3n y solidaridad.<\/p>\n\n\n\n<p class=\"wp-block-paragraph\">Su experiencia, explica, le permiti\u00f3 descubrir que no se trata solamente de mantenerse ocupada, sino de sentirse \u00fatil, escuchada y tomada en cuenta.<\/p>\n\n\n\n<figure class=\"wp-block-image size-large\"><img loading=\"lazy\" decoding=\"async\" width=\"1024\" height=\"683\" src=\"https:\/\/reporterosdelsur.org\/diario\/wp-content\/uploads\/2026\/09\/Jornada-2-1024x683.jpeg\" alt=\"\" class=\"wp-image-58720\" srcset=\"https:\/\/reporterosdelsur.org\/diario\/wp-content\/uploads\/2026\/09\/Jornada-2-1024x683.jpeg 1024w, https:\/\/reporterosdelsur.org\/diario\/wp-content\/uploads\/2026\/09\/Jornada-2-300x200.jpeg 300w, https:\/\/reporterosdelsur.org\/diario\/wp-content\/uploads\/2026\/09\/Jornada-2-768x512.jpeg 768w, https:\/\/reporterosdelsur.org\/diario\/wp-content\/uploads\/2026\/09\/Jornada-2-1200x800.jpeg 1200w, https:\/\/reporterosdelsur.org\/diario\/wp-content\/uploads\/2026\/09\/Jornada-2-465x310.jpeg 465w, https:\/\/reporterosdelsur.org\/diario\/wp-content\/uploads\/2026\/09\/Jornada-2-695x464.jpeg 695w, https:\/\/reporterosdelsur.org\/diario\/wp-content\/uploads\/2026\/09\/Jornada-2.jpeg 1280w\" sizes=\"auto, (max-width: 1024px) 100vw, 1024px\" \/><\/figure>\n\n\n\n<p class=\"wp-block-paragraph\">A unos kil\u00f3metros de distancia, en Jolochero segunda secci\u00f3n, Yeinner Oswaldo Valencia comparte una motivaci\u00f3n similar. Su principal petici\u00f3n es sencilla: \u201cque nos tomen en cuenta\u201d.<\/p>\n\n\n\n<p class=\"wp-block-paragraph\">El joven destaca la importancia de que existan espacios donde puedan participar, ayudar a otras personas y mantenerse involucrados en actividades positivas antes de que las malas decisiones terminen por cambiar el rumbo de sus vidas.<\/p>\n\n\n\n<p class=\"wp-block-paragraph\">\u201cMe siento bien de salir a apoyar a la gente que en verdad necesita el apoyo\u201d, expresa.<\/p>\n\n\n\n<p class=\"wp-block-paragraph\">Las historias de ambos j\u00f3venes se hicieron visibles durante la Jornada de Paz n\u00famero 64, realizada en Villa Macultepec, como parte de las acciones encaminadas a fortalecer la convivencia y reconstruir el tejido social en el municipio de Centro.<\/p>\n\n\n\n<p class=\"wp-block-paragraph\">La jornada tuvo tres objetivos principales: recuperar espacios p\u00fablicos, acercar alrededor de 80 servicios y tr\u00e1mites a las comunidades y fortalecer la participaci\u00f3n ciudadana mediante acciones de prevenci\u00f3n y atenci\u00f3n comunitaria.<\/p>\n\n\n\n<figure class=\"wp-block-image size-large\"><img loading=\"lazy\" decoding=\"async\" width=\"1024\" height=\"683\" src=\"https:\/\/reporterosdelsur.org\/diario\/wp-content\/uploads\/2026\/09\/Jornada-4-1024x683.jpeg\" alt=\"\" class=\"wp-image-58723\" srcset=\"https:\/\/reporterosdelsur.org\/diario\/wp-content\/uploads\/2026\/09\/Jornada-4-1024x683.jpeg 1024w, https:\/\/reporterosdelsur.org\/diario\/wp-content\/uploads\/2026\/09\/Jornada-4-300x200.jpeg 300w, https:\/\/reporterosdelsur.org\/diario\/wp-content\/uploads\/2026\/09\/Jornada-4-768x512.jpeg 768w, https:\/\/reporterosdelsur.org\/diario\/wp-content\/uploads\/2026\/09\/Jornada-4-1200x800.jpeg 1200w, https:\/\/reporterosdelsur.org\/diario\/wp-content\/uploads\/2026\/09\/Jornada-4-465x310.jpeg 465w, https:\/\/reporterosdelsur.org\/diario\/wp-content\/uploads\/2026\/09\/Jornada-4-695x464.jpeg 695w, https:\/\/reporterosdelsur.org\/diario\/wp-content\/uploads\/2026\/09\/Jornada-4.jpeg 1280w\" sizes=\"auto, (max-width: 1024px) 100vw, 1024px\" \/><\/figure>\n\n\n\n<p class=\"wp-block-paragraph\">En estas actividades, impulsadas con la participaci\u00f3n de los gobiernos estatal y federal, la juventud dej\u00f3 de ser espectadora para convertirse en parte activa de la transformaci\u00f3n de sus colonias y comunidades.<\/p>\n\n\n\n<p class=\"wp-block-paragraph\">Actualmente, alrededor de 110 j\u00f3venes participan formalmente en \u201cJ\u00f3venes Unen al Barrio\u201d, provenientes de unas 14 localidades de Centro. Su labor incluye recorridos por las calles, visitas casa por casa, distribuci\u00f3n de informaci\u00f3n y acercamiento de programas y servicios a las familias.<\/p>\n\n\n\n<p class=\"wp-block-paragraph\">Otros participan en torneos deportivos, talleres de dibujo y box, actividades recreativas para ni\u00f1as y ni\u00f1os, as\u00ed como en labores de pintura, limpieza y recuperaci\u00f3n de espacios p\u00fablicos.<\/p>\n\n\n\n<p class=\"wp-block-paragraph\">El programa, a cargo de la Secretar\u00eda de Seguridad y Protecci\u00f3n Ciudadana federal, est\u00e1 dirigido principalmente a j\u00f3venes de entre 12 y 29 a\u00f1os que se encuentran en situaci\u00f3n de vulnerabilidad, incluidos quienes no estudian ni trabajan, adem\u00e1s de ofrecer alternativas para que puedan retomar sus estudios.<\/p>\n\n\n\n<p class=\"wp-block-paragraph\">Para Norma, brindar estas oportunidades puede marcar una diferencia en la vida de quienes buscan un camino distinto.<\/p>\n\n\n\n<p class=\"wp-block-paragraph\">Antes, reconoce, hab\u00eda momentos en los que no ten\u00edan actividades que realizar; ahora cuentan con un espacio para aprender, servir y construir junto con sus vecinos.<\/p>\n\n\n\n<figure class=\"wp-block-image size-large\"><img loading=\"lazy\" decoding=\"async\" width=\"1024\" height=\"683\" src=\"https:\/\/reporterosdelsur.org\/diario\/wp-content\/uploads\/2026\/09\/Jornada-6-1024x683.jpeg\" alt=\"\" class=\"wp-image-58724\" srcset=\"https:\/\/reporterosdelsur.org\/diario\/wp-content\/uploads\/2026\/09\/Jornada-6-1024x683.jpeg 1024w, https:\/\/reporterosdelsur.org\/diario\/wp-content\/uploads\/2026\/09\/Jornada-6-300x200.jpeg 300w, https:\/\/reporterosdelsur.org\/diario\/wp-content\/uploads\/2026\/09\/Jornada-6-768x512.jpeg 768w, https:\/\/reporterosdelsur.org\/diario\/wp-content\/uploads\/2026\/09\/Jornada-6-1200x800.jpeg 1200w, https:\/\/reporterosdelsur.org\/diario\/wp-content\/uploads\/2026\/09\/Jornada-6-465x310.jpeg 465w, https:\/\/reporterosdelsur.org\/diario\/wp-content\/uploads\/2026\/09\/Jornada-6-695x464.jpeg 695w, https:\/\/reporterosdelsur.org\/diario\/wp-content\/uploads\/2026\/09\/Jornada-6.jpeg 1280w\" sizes=\"auto, (max-width: 1024px) 100vw, 1024px\" \/><\/figure>\n\n\n\n<p class=\"wp-block-paragraph\">Mientras la jornada avanzaba entre servicios, limpieza, actividades comunitarias y conversaciones con los habitantes, Yeinner resumi\u00f3 el significado que tiene para \u00e9l formar parte de estas acciones: \u201cgracias por darnos la oportunidad para seguir adelante\u201d.<\/p>\n\n\n\n<p class=\"wp-block-paragraph\">Es una frase sencilla, pero que resume el prop\u00f3sito de estas iniciativas: abrir espacios de participaci\u00f3n para los j\u00f3venes y generar alternativas que fortalezcan la convivencia.<\/p>\n\n\n\n<p class=\"wp-block-paragraph\">As\u00ed, en las calles de Centro, la paz comienza a construirse desde lo cotidiano: casa por casa, parque por parque y comunidad por comunidad, con j\u00f3venes que no s\u00f3lo reciben oportunidades, sino que tambi\u00e9n salen al encuentro de sus vecinos para ayudar a transformar su entorno.<\/p>\n","protected":false},"excerpt":{"rendered":"<p>La Jornada de Paz n\u00famero 64 en Centro llev\u00f3 servicios, recuperaci\u00f3n de espacios p\u00fablicos y actividades comunitarias a Villa Macultepec, donde j\u00f3venes de \u201cJ\u00f3venes Unen al Barrio\u201d participan activamente en la reconstrucci\u00f3n del tejido social. VILLA MACULTEPEC, CENTRO.\u2014 La paz no lleg\u00f3 en silencio este martes a Villa Macultepec. Lleg\u00f3<span class=\"more-link theme-more-link\"><a href=\"https:\/\/reporterosdelsur.org\/diario\/2026\/09\/donde-antes-habia-puertas-cerradas-hoy-los-jovenes-tocan-para-abrir-caminos\/\">Leer Nota Complete<\/a><\/span><\/p>\n","protected":false},"author":1,"featured_media":58722,"comment_status":"open","ping_status":"open","sticky":false,"template":"","format":"standard","meta":{"footnotes":"","jetpack_publicize_message":"","jetpack_publicize_feature_enabled":true,"jetpack_social_post_already_shared":true,"jetpack_social_options":{"image_generator_settings":{"template":"highway","default_image_id":0,"font":"","enabled":false},"version":2}},"categories":[2],"tags":[736,418,177,38,640,333],"class_list":["entry","author-admin","post-58719","post","type-post","status-publish","format-standard","has-post-thumbnail","category-tabasco","tag-audiencia-publica","tag-gobierno-de-tabasco","tag-javier-may-rodriguez","tag-noticias","tag-obras-sociales","tag-seguridad"],"jetpack_publicize_connections":[],"featured_image_urls":{"full":["https:\/\/reporterosdelsur.org\/diario\/wp-content\/uploads\/2026\/09\/Jornada-1.jpeg",1280,854,false],"thumbnail":["https:\/\/reporterosdelsur.org\/diario\/wp-content\/uploads\/2026\/09\/Jornada-1-150x150.jpeg",150,150,true],"medium":["https:\/\/reporterosdelsur.org\/diario\/wp-content\/uploads\/2026\/09\/Jornada-1-300x200.jpeg",300,200,true],"medium_large":["https:\/\/reporterosdelsur.org\/diario\/wp-content\/uploads\/2026\/09\/Jornada-1-768x512.jpeg",768,512,true],"large":["https:\/\/reporterosdelsur.org\/diario\/wp-content\/uploads\/2026\/09\/Jornada-1-1024x683.jpeg",1024,683,true],"1536x1536":["https:\/\/reporterosdelsur.org\/diario\/wp-content\/uploads\/2026\/09\/Jornada-1.jpeg",1280,854,false],"2048x2048":["https:\/\/reporterosdelsur.org\/diario\/wp-content\/uploads\/2026\/09\/Jornada-1.jpeg",1280,854,false],"ultp_layout_landscape_large":["https:\/\/reporterosdelsur.org\/diario\/wp-content\/uploads\/2026\/09\/Jornada-1-1200x800.jpeg",1200,800,true],"ultp_layout_landscape":["https:\/\/reporterosdelsur.org\/diario\/wp-content\/uploads\/2026\/09\/Jornada-1-870x570.jpeg",870,570,true],"ultp_layout_portrait":["https:\/\/reporterosdelsur.org\/diario\/wp-content\/uploads\/2026\/09\/Jornada-1-600x854.jpeg",600,854,true],"ultp_layout_square":["https:\/\/reporterosdelsur.org\/diario\/wp-content\/uploads\/2026\/09\/Jornada-1-600x600.jpeg",600,600,true],"hoot-medium-thumb":["https:\/\/reporterosdelsur.org\/diario\/wp-content\/uploads\/2026\/09\/Jornada-1-460x400.jpeg",460,400,true],"hoot-preview":["https:\/\/reporterosdelsur.org\/diario\/wp-content\/uploads\/2026\/09\/Jornada-1-465x310.jpeg",465,310,true],"hoot-preview-thumb":["https:\/\/reporterosdelsur.org\/diario\/wp-content\/uploads\/2026\/09\/Jornada-1-465x550.jpeg",465,550,true],"hoot-large-thumb":["https:\/\/reporterosdelsur.org\/diario\/wp-content\/uploads\/2026\/09\/Jornada-1-690x550.jpeg",690,550,true],"hoot-preview-large":["https:\/\/reporterosdelsur.org\/diario\/wp-content\/uploads\/2026\/09\/Jornada-1-695x464.jpeg",695,464,true],"hoot-wide-thumb":["https:\/\/reporterosdelsur.org\/diario\/wp-content\/uploads\/2026\/09\/Jornada-1-920x425.jpeg",920,425,true],"hoot-extra-wide-thumb":["https:\/\/reporterosdelsur.org\/diario\/wp-content\/uploads\/2026\/09\/Jornada-1-1035x425.jpeg",1035,425,true]},"author_info":{"display_name":"Reporteros del Sur","author_link":"https:\/\/reporterosdelsur.org\/diario\/author\/admin\/"},"category_info":"<a href=\"https:\/\/reporterosdelsur.org\/diario\/category\/tabasco\/\" rel=\"category tag\">Tabasco<\/a>","tag_info":"Tabasco","comment_count":"0","_links":{"self":[{"href":"https:\/\/reporterosdelsur.org\/diario\/wp-json\/wp\/v2\/posts\/58719","targetHints":{"allow":["GET"]}}],"collection":[{"href":"https:\/\/reporterosdelsur.org\/diario\/wp-json\/wp\/v2\/posts"}],"about":[{"href":"https:\/\/reporterosdelsur.org\/diario\/wp-json\/wp\/v2\/types\/post"}],"author":[{"embeddable":true,"href":"https:\/\/reporterosdelsur.org\/diario\/wp-json\/wp\/v2\/users\/1"}],"replies":[{"embeddable":true,"href":"https:\/\/reporterosdelsur.org\/diario\/wp-json\/wp\/v2\/comments?post=58719"}],"version-history":[{"count":1,"href":"https:\/\/reporterosdelsur.org\/diario\/wp-json\/wp\/v2\/posts\/58719\/revisions"}],"predecessor-version":[{"id":58725,"href":"https:\/\/reporterosdelsur.org\/diario\/wp-json\/wp\/v2\/posts\/58719\/revisions\/58725"}],"wp:featuredmedia":[{"embeddable":true,"href":"https:\/\/reporterosdelsur.org\/diario\/wp-json\/wp\/v2\/media\/58722"}],"wp:attachment":[{"href":"https:\/\/reporterosdelsur.org\/diario\/wp-json\/wp\/v2\/media?parent=58719"}],"wp:term":[{"taxonomy":"category","embeddable":true,"href":"https:\/\/reporterosdelsur.org\/diario\/wp-json\/wp\/v2\/categories?post=58719"},{"taxonomy":"post_tag","embeddable":true,"href":"https:\/\/reporterosdelsur.org\/diario\/wp-json\/wp\/v2\/tags?post=58719"}],"curies":[{"name":"wp","href":"https:\/\/api.w.org\/{rel}","templated":true}]}}