{"id":58716,"date":"2026-09-01T19:13:04","date_gmt":"2026-09-02T01:13:04","guid":{"rendered":"https:\/\/reporterosdelsur.org\/diario\/?p=58716"},"modified":"2026-09-01T19:25:42","modified_gmt":"2026-09-02T01:25:42","slug":"luis-ernesto-ortiz-catala-asume-la-direccion-general-del-isset","status":"publish","type":"post","link":"https:\/\/reporterosdelsur.org\/diario\/2026\/09\/luis-ernesto-ortiz-catala-asume-la-direccion-general-del-isset\/","title":{"rendered":"Luis Ernesto Ortiz asume direcci\u00f3n general del ISSET y Rodolfo Lehmann, la Subsecretar\u00eda de Integraci\u00f3n y Desarrollo en Salud&#8230;"},"content":{"rendered":"\n<p class=\"wp-block-paragraph\"><strong>El gobernador Javier May Rodr\u00edguez design\u00f3 a Luis Ernesto Ortiz Catal\u00e1 como nuevo director general del ISSET, mientras que Rodolfo Lehmann Mendoza asume funciones en la Subsecretar\u00eda de Integraci\u00f3n y Desarrollo en Salud.<\/strong><\/p>\n\n\n\n<p class=\"wp-block-paragraph\"><strong>TABASCO.-<\/strong> El gobernador de Tabasco, Javier May Rodr\u00edguez, inform\u00f3 este martes el relevo en la direcci\u00f3n general del Instituto de Seguridad Social del Estado de Tabasco (ISSET), al entregar el nombramiento a Luis Ernesto Ortiz Catal\u00e1 como nuevo titular del organismo.<\/p>\n\n\n\n<p class=\"wp-block-paragraph\">A trav\u00e9s de sus redes sociales, el mandatario estatal destac\u00f3 que la experiencia y el humanismo de Ortiz Catal\u00e1 ser\u00e1n fundamentales para dar continuidad a la atenci\u00f3n m\u00e9dica que reciben las y los derechohabientes.<\/p>\n\n\n\n<p class=\"wp-block-paragraph\">\u201cEstamos seguros que su experiencia y humanismo ser\u00e1n importantes atributos para continuar brindando un servicio de salud de calidad para las y los derechohabientes\u201d, expres\u00f3 May Rodr\u00edguez al anunciar el nombramiento.<\/p>\n\n\n\n<p class=\"wp-block-paragraph\">El gobernador tambi\u00e9n inform\u00f3 que Rodolfo Lehmann Mendoza, quien hasta ahora se desempe\u00f1aba como director general del ISSET, se incorporar\u00e1 a los trabajos de la Subsecretar\u00eda de Integraci\u00f3n y Desarrollo en Salud.<\/p>\n\n\n\n<figure class=\"wp-block-image size-large\"><img loading=\"lazy\" decoding=\"async\" width=\"1024\" height=\"683\" src=\"https:\/\/reporterosdelsur.org\/diario\/wp-content\/uploads\/2026\/09\/HRHPPrNXcAAWYAZ-1024x683.jpeg\" alt=\"\" class=\"wp-image-58768\" srcset=\"https:\/\/reporterosdelsur.org\/diario\/wp-content\/uploads\/2026\/09\/HRHPPrNXcAAWYAZ-1024x683.jpeg 1024w, https:\/\/reporterosdelsur.org\/diario\/wp-content\/uploads\/2026\/09\/HRHPPrNXcAAWYAZ-300x200.jpeg 300w, https:\/\/reporterosdelsur.org\/diario\/wp-content\/uploads\/2026\/09\/HRHPPrNXcAAWYAZ-768x512.jpeg 768w, https:\/\/reporterosdelsur.org\/diario\/wp-content\/uploads\/2026\/09\/HRHPPrNXcAAWYAZ-1200x800.jpeg 1200w, https:\/\/reporterosdelsur.org\/diario\/wp-content\/uploads\/2026\/09\/HRHPPrNXcAAWYAZ-465x310.jpeg 465w, https:\/\/reporterosdelsur.org\/diario\/wp-content\/uploads\/2026\/09\/HRHPPrNXcAAWYAZ-695x464.jpeg 695w, https:\/\/reporterosdelsur.org\/diario\/wp-content\/uploads\/2026\/09\/HRHPPrNXcAAWYAZ.jpeg 1280w\" sizes=\"auto, (max-width: 1024px) 100vw, 1024px\" \/><\/figure>\n\n\n\n<p class=\"wp-block-paragraph\">\u201cDesde ahora, el Dr. Rodolfo Lehmann Mendoza nos ayudar\u00e1 a continuar los trabajos en la Subsecretar\u00eda de Integraci\u00f3n y Desarrollo en Salud, donde confiamos har\u00e1 un gran trabajo en beneficio de las y los tabasque\u00f1os\u201d, se\u00f1al\u00f3.<\/p>\n\n\n\n<p class=\"wp-block-paragraph\">El cambio se produce despu\u00e9s de que Lehmann Mendoza aclarara que no hab\u00eda presentado su renuncia al frente del ISSET. No obstante, hab\u00eda manifestado su disposici\u00f3n para asumir una nueva responsabilidad si as\u00ed se lo solicitaba el gobernador.<\/p>\n\n\n\n<p class=\"wp-block-paragraph\">El ahora exdirector del instituto hab\u00eda se\u00f1alado que los cargos p\u00fablicos son \u201cencargos, no cargos\u201d, dejando abierta la posibilidad de continuar colaborando con la administraci\u00f3n estatal desde otra posici\u00f3n.<\/p>\n\n\n\n<p class=\"wp-block-paragraph\">Con este movimiento, el Gobierno de Tabasco busca dar continuidad a las acciones de atenci\u00f3n y servicios de salud para los trabajadores al servicio del Estado y sus familias, mientras Lehmann Mendoza se suma a las tareas de la Subsecretar\u00eda de Integraci\u00f3n y Desarrollo en Salud.<\/p>\n","protected":false},"excerpt":{"rendered":"<p>El gobernador Javier May Rodr\u00edguez design\u00f3 a Luis Ernesto Ortiz Catal\u00e1 como nuevo director general del ISSET, mientras que Rodolfo Lehmann Mendoza asume funciones en la Subsecretar\u00eda de Integraci\u00f3n y Desarrollo en Salud. TABASCO.- El gobernador de Tabasco, Javier May Rodr\u00edguez, inform\u00f3 este martes el relevo en la direcci\u00f3n general<span class=\"more-link theme-more-link\"><a href=\"https:\/\/reporterosdelsur.org\/diario\/2026\/09\/luis-ernesto-ortiz-catala-asume-la-direccion-general-del-isset\/\">Leer Nota Complete<\/a><\/span><\/p>\n","protected":false},"author":2,"featured_media":58717,"comment_status":"open","ping_status":"open","sticky":false,"template":"","format":"standard","meta":{"footnotes":"","jetpack_publicize_message":"","jetpack_publicize_feature_enabled":true,"jetpack_social_post_already_shared":true,"jetpack_social_options":{"image_generator_settings":{"template":"highway","default_image_id":0,"font":"","enabled":false},"version":2}},"categories":[6,2],"tags":[736,418,486,177,38,640,48,333],"class_list":["entry","author-guza0892gmail-com","post-58716","post","type-post","status-publish","format-standard","has-post-thumbnail","category-destacado","category-tabasco","tag-audiencia-publica","tag-gobierno-de-tabasco","tag-isset","tag-javier-may-rodriguez","tag-noticias","tag-obras-sociales","tag-salud","tag-seguridad"],"jetpack_publicize_connections":[],"featured_image_urls":{"full":["https:\/\/reporterosdelsur.org\/diario\/wp-content\/uploads\/2026\/09\/ISETT-2.jpg",1280,854,false],"thumbnail":["https:\/\/reporterosdelsur.org\/diario\/wp-content\/uploads\/2026\/09\/ISETT-2-150x150.jpg",150,150,true],"medium":["https:\/\/reporterosdelsur.org\/diario\/wp-content\/uploads\/2026\/09\/ISETT-2-300x200.jpg",300,200,true],"medium_large":["https:\/\/reporterosdelsur.org\/diario\/wp-content\/uploads\/2026\/09\/ISETT-2-768x512.jpg",768,512,true],"large":["https:\/\/reporterosdelsur.org\/diario\/wp-content\/uploads\/2026\/09\/ISETT-2-1024x683.jpg",1024,683,true],"1536x1536":["https:\/\/reporterosdelsur.org\/diario\/wp-content\/uploads\/2026\/09\/ISETT-2.jpg",1280,854,false],"2048x2048":["https:\/\/reporterosdelsur.org\/diario\/wp-content\/uploads\/2026\/09\/ISETT-2.jpg",1280,854,false],"ultp_layout_landscape_large":["https:\/\/reporterosdelsur.org\/diario\/wp-content\/uploads\/2026\/09\/ISETT-2-1200x800.jpg",1200,800,true],"ultp_layout_landscape":["https:\/\/reporterosdelsur.org\/diario\/wp-content\/uploads\/2026\/09\/ISETT-2-870x570.jpg",870,570,true],"ultp_layout_portrait":["https:\/\/reporterosdelsur.org\/diario\/wp-content\/uploads\/2026\/09\/ISETT-2-600x854.jpg",600,854,true],"ultp_layout_square":["https:\/\/reporterosdelsur.org\/diario\/wp-content\/uploads\/2026\/09\/ISETT-2-600x600.jpg",600,600,true],"hoot-medium-thumb":["https:\/\/reporterosdelsur.org\/diario\/wp-content\/uploads\/2026\/09\/ISETT-2-460x400.jpg",460,400,true],"hoot-preview":["https:\/\/reporterosdelsur.org\/diario\/wp-content\/uploads\/2026\/09\/ISETT-2-465x310.jpg",465,310,true],"hoot-preview-thumb":["https:\/\/reporterosdelsur.org\/diario\/wp-content\/uploads\/2026\/09\/ISETT-2-465x550.jpg",465,550,true],"hoot-large-thumb":["https:\/\/reporterosdelsur.org\/diario\/wp-content\/uploads\/2026\/09\/ISETT-2-690x550.jpg",690,550,true],"hoot-preview-large":["https:\/\/reporterosdelsur.org\/diario\/wp-content\/uploads\/2026\/09\/ISETT-2-695x464.jpg",695,464,true],"hoot-wide-thumb":["https:\/\/reporterosdelsur.org\/diario\/wp-content\/uploads\/2026\/09\/ISETT-2-920x425.jpg",920,425,true],"hoot-extra-wide-thumb":["https:\/\/reporterosdelsur.org\/diario\/wp-content\/uploads\/2026\/09\/ISETT-2-1035x425.jpg",1035,425,true]},"author_info":{"display_name":"Reporteros del Sur","author_link":"https:\/\/reporterosdelsur.org\/diario\/author\/guza0892gmail-com\/"},"category_info":"<a href=\"https:\/\/reporterosdelsur.org\/diario\/category\/destacado\/\" rel=\"category tag\">Destacado<\/a> <a href=\"https:\/\/reporterosdelsur.org\/diario\/category\/tabasco\/\" rel=\"category tag\">Tabasco<\/a>","tag_info":"Tabasco","comment_count":"0","_links":{"self":[{"href":"https:\/\/reporterosdelsur.org\/diario\/wp-json\/wp\/v2\/posts\/58716","targetHints":{"allow":["GET"]}}],"collection":[{"href":"https:\/\/reporterosdelsur.org\/diario\/wp-json\/wp\/v2\/posts"}],"about":[{"href":"https:\/\/reporterosdelsur.org\/diario\/wp-json\/wp\/v2\/types\/post"}],"author":[{"embeddable":true,"href":"https:\/\/reporterosdelsur.org\/diario\/wp-json\/wp\/v2\/users\/2"}],"replies":[{"embeddable":true,"href":"https:\/\/reporterosdelsur.org\/diario\/wp-json\/wp\/v2\/comments?post=58716"}],"version-history":[{"count":2,"href":"https:\/\/reporterosdelsur.org\/diario\/wp-json\/wp\/v2\/posts\/58716\/revisions"}],"predecessor-version":[{"id":58769,"href":"https:\/\/reporterosdelsur.org\/diario\/wp-json\/wp\/v2\/posts\/58716\/revisions\/58769"}],"wp:featuredmedia":[{"embeddable":true,"href":"https:\/\/reporterosdelsur.org\/diario\/wp-json\/wp\/v2\/media\/58717"}],"wp:attachment":[{"href":"https:\/\/reporterosdelsur.org\/diario\/wp-json\/wp\/v2\/media?parent=58716"}],"wp:term":[{"taxonomy":"category","embeddable":true,"href":"https:\/\/reporterosdelsur.org\/diario\/wp-json\/wp\/v2\/categories?post=58716"},{"taxonomy":"post_tag","embeddable":true,"href":"https:\/\/reporterosdelsur.org\/diario\/wp-json\/wp\/v2\/tags?post=58716"}],"curies":[{"name":"wp","href":"https:\/\/api.w.org\/{rel}","templated":true}]}}