{"id":58712,"date":"2026-09-01T06:33:00","date_gmt":"2026-09-01T12:33:00","guid":{"rendered":"https:\/\/reporterosdelsur.org\/diario\/?p=58712"},"modified":"2026-09-01T06:33:04","modified_gmt":"2026-09-01T12:33:04","slug":"preven-lluvias-fuertes-y-temperaturas-de-hasta-40-grados-para-tabasco","status":"publish","type":"post","link":"https:\/\/reporterosdelsur.org\/diario\/2026\/09\/preven-lluvias-fuertes-y-temperaturas-de-hasta-40-grados-para-tabasco\/","title":{"rendered":"Prev\u00e9n lluvias fuertes y temperaturas de hasta 40 grados para Tabasco"},"content":{"rendered":"\n<p class=\"wp-block-paragraph\"> <strong>La onda tropical n\u00famero 35 ingresar\u00e1 al sureste mexicano y favorecer\u00e1 lluvias de 25 a 50 mil\u00edmetros en el oeste de Tabasco, mientras que en Villahermosa persistir\u00e1 el intenso calor.<\/strong><\/p>\n\n\n\n<p class=\"wp-block-paragraph\"><strong>Villahermosa, Tab.\u2014<\/strong> Este martes 1 de septiembre, Tabasco enfrentar\u00e1 una jornada de <strong>ambiente caluroso a muy caluroso<\/strong>, con temperaturas m\u00e1ximas de hasta <strong>40 grados Celsius<\/strong>, adem\u00e1s de posibilidad de chubascos y lluvias puntuales fuertes en algunas regiones del estado.<\/p>\n\n\n\n<p class=\"wp-block-paragraph\">De acuerdo con el pron\u00f3stico meteorol\u00f3gico, canales de baja presi\u00f3n sobre el interior del pa\u00eds, en interacci\u00f3n con circulaciones cicl\u00f3nicas y vaguadas en niveles altos de la atm\u00f3sfera, favorecer\u00e1n condiciones de inestabilidad.<\/p>\n\n\n\n<p class=\"wp-block-paragraph\">A estos sistemas se sumar\u00e1 la <strong>onda tropical n\u00famero 34<\/strong>, que se desplazar\u00e1 sobre el sur y occidente de M\u00e9xico, as\u00ed como una nueva onda tropical, la n\u00famero 35, que ingresar\u00e1 al sureste mexicano.<\/p>\n\n\n\n<p class=\"wp-block-paragraph\">Estos fen\u00f3menos ocasionar\u00e1n chubascos y lluvias fuertes a muy fuertes, acompa\u00f1adas de <strong>descargas el\u00e9ctricas<\/strong>, principalmente en regiones del noreste, oriente, sur y sureste del pa\u00eds, adem\u00e1s de la pen\u00ednsula de Yucat\u00e1n.<\/p>\n\n\n\n<p class=\"wp-block-paragraph\">Para Tabasco se pronostican <strong>chubascos con lluvias puntuales fuertes de entre 25 y 50 mil\u00edmetros<\/strong>, principalmente en el oeste de la entidad.<\/p>\n\n\n\n<figure class=\"wp-block-image size-large\"><img loading=\"lazy\" decoding=\"async\" width=\"1024\" height=\"549\" src=\"https:\/\/reporterosdelsur.org\/diario\/wp-content\/uploads\/2026\/09\/Clima-2-1024x549.jpg\" alt=\"\" class=\"wp-image-58714\" srcset=\"https:\/\/reporterosdelsur.org\/diario\/wp-content\/uploads\/2026\/09\/Clima-2-1024x549.jpg 1024w, https:\/\/reporterosdelsur.org\/diario\/wp-content\/uploads\/2026\/09\/Clima-2-300x161.jpg 300w, https:\/\/reporterosdelsur.org\/diario\/wp-content\/uploads\/2026\/09\/Clima-2-768x412.jpg 768w, https:\/\/reporterosdelsur.org\/diario\/wp-content\/uploads\/2026\/09\/Clima-2-465x249.jpg 465w, https:\/\/reporterosdelsur.org\/diario\/wp-content\/uploads\/2026\/09\/Clima-2-695x372.jpg 695w, https:\/\/reporterosdelsur.org\/diario\/wp-content\/uploads\/2026\/09\/Clima-2.jpg 1058w\" sizes=\"auto, (max-width: 1024px) 100vw, 1024px\" \/><\/figure>\n\n\n\n<p class=\"wp-block-paragraph\">Asimismo, se prev\u00e9n <strong>vientos de 10 a 20 kil\u00f3metros por hora, con rachas de 30 a 50 kil\u00f3metros por hora<\/strong> en Tabasco, Veracruz, Chiapas, Yucat\u00e1n y Quintana Roo.<\/p>\n\n\n\n<p class=\"wp-block-paragraph\">Pese a la presencia de lluvias, una circulaci\u00f3n anticicl\u00f3nica en niveles medios de la atm\u00f3sfera mantendr\u00e1 condiciones de calor intenso en diversas entidades del pa\u00eds, incluidos los estados del litoral del Golfo de M\u00e9xico.<\/p>\n\n\n\n<p class=\"wp-block-paragraph\">Para <strong>Tabasco, Veracruz, Guerrero, Chiapas, Campeche, Yucat\u00e1n y Quintana Roo<\/strong> se estiman temperaturas m\u00e1ximas de entre <strong>35 y 40 grados Celsius<\/strong>.<\/p>\n\n\n\n<h3 class=\"wp-block-heading\">Villahermosa tendr\u00e1 jornada de intenso calor<\/h3>\n\n\n\n<p class=\"wp-block-paragraph\">En <strong>Villahermosa<\/strong>, el calor se mantendr\u00e1 como la principal condici\u00f3n meteorol\u00f3gica durante este martes. La temperatura ronda los <strong>32 grados Celsius<\/strong>, mientras que la sensaci\u00f3n t\u00e9rmica alcanza aproximadamente <strong>37 grados<\/strong>, debido a la combinaci\u00f3n de temperatura y humedad.<\/p>\n\n\n\n<p class=\"wp-block-paragraph\">La capital tabasque\u00f1a tendr\u00e1 una temperatura m\u00ednima cercana a <strong>25 grados<\/strong> y una m\u00e1xima prevista de <strong>40 grados Celsius<\/strong>, por lo que se espera una jornada especialmente calurosa y bochornosa.<\/p>\n\n\n\n<p class=\"wp-block-paragraph\">La humedad relativa, estimada en alrededor de <strong>67 por ciento<\/strong>, contribuir\u00e1 a incrementar la percepci\u00f3n t\u00e9rmica y podr\u00eda generar mayor incomodidad entre la poblaci\u00f3n, particularmente durante las horas de mayor radiaci\u00f3n solar.<\/p>\n\n\n\n<figure class=\"wp-block-embed is-type-rich is-provider-x wp-block-embed-x\"><div class=\"wp-block-embed__wrapper\">\n<blockquote class=\"twitter-tweet\" data-width=\"550\" data-dnt=\"true\"><p lang=\"es\" dir=\"ltr\">Se pronostican <a href=\"https:\/\/x.com\/hashtag\/Lluvias?src=hash&amp;ref_src=twsrc%5Etfw\">#Lluvias<\/a> de muy fuertes a intensas en zonas de 26 estados del pa\u00eds. <br><br>Consulta m\u00e1s detalles del <a href=\"https:\/\/x.com\/hashtag\/Pron%C3%B3stico?src=hash&amp;ref_src=twsrc%5Etfw\">#Pron\u00f3stico<\/a>, aqu\u00ed. \u2935\ufe0f<a href=\"https:\/\/t.co\/l7YVgxLkGk\">https:\/\/t.co\/l7YVgxLkGk<\/a> <a href=\"https:\/\/t.co\/rrM8gAQ5Ft\">pic.twitter.com\/rrM8gAQ5Ft<\/a><\/p>&mdash; CONAGUA Clima (@conagua_clima) <a href=\"https:\/\/x.com\/conagua_clima\/status\/2094588446232768762?ref_src=twsrc%5Etfw\">September 1, 2026<\/a><\/blockquote><script async src=\"https:\/\/platform.x.com\/widgets.js\" charset=\"utf-8\"><\/script>\n<\/div><\/figure>\n\n\n\n<p class=\"wp-block-paragraph\">El cielo presentar\u00e1 <strong>nubes dispersas<\/strong>, aunque las condiciones locales apuntan a una baja probabilidad de precipitaciones significativas en Villahermosa durante el d\u00eda.<\/p>\n\n\n\n<p class=\"wp-block-paragraph\">Los vientos ser\u00e1n d\u00e9biles, con velocidades cercanas a los <strong>2 metros por segundo<\/strong>, condici\u00f3n que podr\u00eda favorecer la persistencia de la sensaci\u00f3n de calor y humedad.<\/p>\n\n\n\n<p class=\"wp-block-paragraph\">Ante las altas temperaturas, se recomienda a la poblaci\u00f3n mantenerse hidratada, evitar la exposici\u00f3n prolongada al sol durante las horas de mayor intensidad y prestar especial atenci\u00f3n a ni\u00f1as, ni\u00f1os, adultos mayores y personas que realizan actividades al aire libre.<\/p>\n","protected":false},"excerpt":{"rendered":"<p>La onda tropical n\u00famero 35 ingresar\u00e1 al sureste mexicano y favorecer\u00e1 lluvias de 25 a 50 mil\u00edmetros en el oeste de Tabasco, mientras que en Villahermosa persistir\u00e1 el intenso calor. Villahermosa, Tab.\u2014 Este martes 1 de septiembre, Tabasco enfrentar\u00e1 una jornada de ambiente caluroso a muy caluroso, con temperaturas m\u00e1ximas<span class=\"more-link theme-more-link\"><a href=\"https:\/\/reporterosdelsur.org\/diario\/2026\/09\/preven-lluvias-fuertes-y-temperaturas-de-hasta-40-grados-para-tabasco\/\">Leer Nota Complete<\/a><\/span><\/p>\n","protected":false},"author":1,"featured_media":58713,"comment_status":"open","ping_status":"open","sticky":false,"template":"","format":"standard","meta":{"footnotes":"","jetpack_publicize_message":"","jetpack_publicize_feature_enabled":true,"jetpack_social_post_already_shared":true,"jetpack_social_options":{"image_generator_settings":{"template":"highway","default_image_id":0,"font":"","enabled":false},"version":2}},"categories":[2],"tags":[1364,1430,82,1088,731,1428,572,815,445,1427,1429,316,229,38,333,35,1365,1366,446],"class_list":["entry","author-admin","post-58712","post","type-post","status-publish","format-standard","has-post-thumbnail","category-tabasco","tag-anegaciones","tag-atlantico","tag-calles","tag-calor","tag-casas","tag-ciclones","tag-clima","tag-colonias","tag-frente-frio","tag-golfo-de-mexico","tag-huracanes","tag-inundaciones","tag-lluvias","tag-noticias","tag-seguridad","tag-tabasco","tag-tormentas","tag-vientos-fuertes","tag-viviendas"],"jetpack_publicize_connections":[],"featured_image_urls":{"full":["https:\/\/reporterosdelsur.org\/diario\/wp-content\/uploads\/2026\/09\/Clima.jpg",1058,567,false],"thumbnail":["https:\/\/reporterosdelsur.org\/diario\/wp-content\/uploads\/2026\/09\/Clima-150x150.jpg",150,150,true],"medium":["https:\/\/reporterosdelsur.org\/diario\/wp-content\/uploads\/2026\/09\/Clima-300x161.jpg",300,161,true],"medium_large":["https:\/\/reporterosdelsur.org\/diario\/wp-content\/uploads\/2026\/09\/Clima-768x412.jpg",768,412,true],"large":["https:\/\/reporterosdelsur.org\/diario\/wp-content\/uploads\/2026\/09\/Clima-1024x549.jpg",1024,549,true],"1536x1536":["https:\/\/reporterosdelsur.org\/diario\/wp-content\/uploads\/2026\/09\/Clima.jpg",1058,567,false],"2048x2048":["https:\/\/reporterosdelsur.org\/diario\/wp-content\/uploads\/2026\/09\/Clima.jpg",1058,567,false],"ultp_layout_landscape_large":["https:\/\/reporterosdelsur.org\/diario\/wp-content\/uploads\/2026\/09\/Clima.jpg",1058,567,false],"ultp_layout_landscape":["https:\/\/reporterosdelsur.org\/diario\/wp-content\/uploads\/2026\/09\/Clima-870x567.jpg",870,567,true],"ultp_layout_portrait":["https:\/\/reporterosdelsur.org\/diario\/wp-content\/uploads\/2026\/09\/Clima-600x567.jpg",600,567,true],"ultp_layout_square":["https:\/\/reporterosdelsur.org\/diario\/wp-content\/uploads\/2026\/09\/Clima-600x567.jpg",600,567,true],"hoot-medium-thumb":["https:\/\/reporterosdelsur.org\/diario\/wp-content\/uploads\/2026\/09\/Clima-460x400.jpg",460,400,true],"hoot-preview":["https:\/\/reporterosdelsur.org\/diario\/wp-content\/uploads\/2026\/09\/Clima-465x249.jpg",465,249,true],"hoot-preview-thumb":["https:\/\/reporterosdelsur.org\/diario\/wp-content\/uploads\/2026\/09\/Clima-465x550.jpg",465,550,true],"hoot-large-thumb":["https:\/\/reporterosdelsur.org\/diario\/wp-content\/uploads\/2026\/09\/Clima-690x550.jpg",690,550,true],"hoot-preview-large":["https:\/\/reporterosdelsur.org\/diario\/wp-content\/uploads\/2026\/09\/Clima-695x372.jpg",695,372,true],"hoot-wide-thumb":["https:\/\/reporterosdelsur.org\/diario\/wp-content\/uploads\/2026\/09\/Clima-920x425.jpg",920,425,true],"hoot-extra-wide-thumb":["https:\/\/reporterosdelsur.org\/diario\/wp-content\/uploads\/2026\/09\/Clima-1035x425.jpg",1035,425,true]},"author_info":{"display_name":"Reporteros del Sur","author_link":"https:\/\/reporterosdelsur.org\/diario\/author\/admin\/"},"category_info":"<a href=\"https:\/\/reporterosdelsur.org\/diario\/category\/tabasco\/\" rel=\"category tag\">Tabasco<\/a>","tag_info":"Tabasco","comment_count":"0","_links":{"self":[{"href":"https:\/\/reporterosdelsur.org\/diario\/wp-json\/wp\/v2\/posts\/58712","targetHints":{"allow":["GET"]}}],"collection":[{"href":"https:\/\/reporterosdelsur.org\/diario\/wp-json\/wp\/v2\/posts"}],"about":[{"href":"https:\/\/reporterosdelsur.org\/diario\/wp-json\/wp\/v2\/types\/post"}],"author":[{"embeddable":true,"href":"https:\/\/reporterosdelsur.org\/diario\/wp-json\/wp\/v2\/users\/1"}],"replies":[{"embeddable":true,"href":"https:\/\/reporterosdelsur.org\/diario\/wp-json\/wp\/v2\/comments?post=58712"}],"version-history":[{"count":1,"href":"https:\/\/reporterosdelsur.org\/diario\/wp-json\/wp\/v2\/posts\/58712\/revisions"}],"predecessor-version":[{"id":58715,"href":"https:\/\/reporterosdelsur.org\/diario\/wp-json\/wp\/v2\/posts\/58712\/revisions\/58715"}],"wp:featuredmedia":[{"embeddable":true,"href":"https:\/\/reporterosdelsur.org\/diario\/wp-json\/wp\/v2\/media\/58713"}],"wp:attachment":[{"href":"https:\/\/reporterosdelsur.org\/diario\/wp-json\/wp\/v2\/media?parent=58712"}],"wp:term":[{"taxonomy":"category","embeddable":true,"href":"https:\/\/reporterosdelsur.org\/diario\/wp-json\/wp\/v2\/categories?post=58712"},{"taxonomy":"post_tag","embeddable":true,"href":"https:\/\/reporterosdelsur.org\/diario\/wp-json\/wp\/v2\/tags?post=58712"}],"curies":[{"name":"wp","href":"https:\/\/api.w.org\/{rel}","templated":true}]}}