{"id":58706,"date":"2026-09-01T06:24:58","date_gmt":"2026-09-01T12:24:58","guid":{"rendered":"https:\/\/reporterosdelsur.org\/diario\/?p=58706"},"modified":"2026-09-01T13:26:40","modified_gmt":"2026-09-01T19:26:40","slug":"operativo-de-la-fgr-en-paraiso-deja-cuatro-policias-municipales-detenidos","status":"publish","type":"post","link":"https:\/\/reporterosdelsur.org\/diario\/2026\/09\/operativo-de-la-fgr-en-paraiso-deja-cuatro-policias-municipales-detenidos\/","title":{"rendered":"Operativo de la FGR en Para\u00edso deja cuatro polic\u00edas municipales detenidos"},"content":{"rendered":"\n<p class=\"wp-block-paragraph\"><strong>Agentes federales desplegaron acciones en distintos puntos de la cabecera municipal; hasta el momento no se han informado oficialmente los delitos que se les atribuyen.<\/strong><\/p>\n\n\n\n<p class=\"wp-block-paragraph\"><strong>Para\u00edso, Tab.\u2014<\/strong> Un operativo de fuerzas federales desplegado este lunes en distintos puntos del municipio de Para\u00edso habr\u00eda derivado en la detenci\u00f3n de <strong>cuatro elementos activos de la Direcci\u00f3n de Seguridad P\u00fablica Municipal<\/strong>, de acuerdo con informaci\u00f3n preliminar.<\/p>\n\n\n\n<p class=\"wp-block-paragraph\">Las acciones fueron encabezadas por elementos de la <strong>Fiscal\u00eda General de la Rep\u00fablica (FGR)<\/strong>, con apoyo de la <strong>Fuerza Interinstitucional de Reacci\u00f3n T\u00e1ctica (FIRT) Olmeca<\/strong>, quienes realizaron intervenciones simult\u00e1neas en diferentes sectores de la cabecera municipal.<\/p>\n\n\n\n<figure class=\"wp-block-image size-large\"><img loading=\"lazy\" decoding=\"async\" width=\"768\" height=\"1024\" src=\"https:\/\/reporterosdelsur.org\/diario\/wp-content\/uploads\/2026\/09\/Poli-2-768x1024.jpg\" alt=\"\" class=\"wp-image-58708\" srcset=\"https:\/\/reporterosdelsur.org\/diario\/wp-content\/uploads\/2026\/09\/Poli-2-768x1024.jpg 768w, https:\/\/reporterosdelsur.org\/diario\/wp-content\/uploads\/2026\/09\/Poli-2-225x300.jpg 225w, https:\/\/reporterosdelsur.org\/diario\/wp-content\/uploads\/2026\/09\/Poli-2-1152x1536.jpg 1152w, https:\/\/reporterosdelsur.org\/diario\/wp-content\/uploads\/2026\/09\/Poli-2-413x550.jpg 413w, https:\/\/reporterosdelsur.org\/diario\/wp-content\/uploads\/2026\/09\/Poli-2-375x500.jpg 375w, https:\/\/reporterosdelsur.org\/diario\/wp-content\/uploads\/2026\/09\/Poli-2.jpg 1536w\" sizes=\"auto, (max-width: 768px) 100vw, 768px\" \/><\/figure>\n\n\n\n<p class=\"wp-block-paragraph\">Entre los agentes detenidos se encuentra <strong>Juan Carlos \u201cN\u201d<\/strong>, quien habr\u00eda sido asegurado mientras se encontraba en funciones como chofer de la unidad m\u00f3vil 047.<\/p>\n\n\n\n<p class=\"wp-block-paragraph\">De acuerdo con informaci\u00f3n preliminar, la detenci\u00f3n ocurri\u00f3 sobre la calle <strong>Santos Degollado, esquina con Ignacio Comonfort<\/strong>, en la zona centro de Para\u00edso, donde agentes federales, en coordinaci\u00f3n con autoridades de la Fiscal\u00eda General del Estado de Tabasco (FGET), le marcaron el alto.<\/p>\n\n\n\n<p class=\"wp-block-paragraph\">Fuentes de seguridad se\u00f1alaron que Juan Carlos \u201cN\u201d tendr\u00eda relaci\u00f3n laboral con <strong>Santiago \u201cN\u201d<\/strong>, coordinador policiaco que fue detenido d\u00edas atr\u00e1s.<\/p>\n\n\n\n<figure class=\"wp-block-image size-large\"><img loading=\"lazy\" decoding=\"async\" width=\"1024\" height=\"575\" src=\"https:\/\/reporterosdelsur.org\/diario\/wp-content\/uploads\/2026\/09\/Poli-3-1024x575.jpg\" alt=\"\" class=\"wp-image-58709\" srcset=\"https:\/\/reporterosdelsur.org\/diario\/wp-content\/uploads\/2026\/09\/Poli-3-1024x575.jpg 1024w, https:\/\/reporterosdelsur.org\/diario\/wp-content\/uploads\/2026\/09\/Poli-3-300x168.jpg 300w, https:\/\/reporterosdelsur.org\/diario\/wp-content\/uploads\/2026\/09\/Poli-3-768x431.jpg 768w, https:\/\/reporterosdelsur.org\/diario\/wp-content\/uploads\/2026\/09\/Poli-3-1536x862.jpg 1536w, https:\/\/reporterosdelsur.org\/diario\/wp-content\/uploads\/2026\/09\/Poli-3-465x261.jpg 465w, https:\/\/reporterosdelsur.org\/diario\/wp-content\/uploads\/2026\/09\/Poli-3-695x390.jpg 695w, https:\/\/reporterosdelsur.org\/diario\/wp-content\/uploads\/2026\/09\/Poli-3.jpg 1600w\" sizes=\"auto, (max-width: 1024px) 100vw, 1024px\" \/><\/figure>\n\n\n\n<p class=\"wp-block-paragraph\">Hasta el momento, las autoridades no han informado oficialmente las identidades de los otros agentes presuntamente detenidos ni los delitos por los cuales estar\u00edan sujetos a investigaci\u00f3n.<\/p>\n\n\n\n<p class=\"wp-block-paragraph\">El operativo se mantiene en desarrollo y, de acuerdo con informaci\u00f3n preliminar, no se descarta que las acciones de las autoridades federales puedan derivar en <strong>nuevas detenciones<\/strong> de elementos policiacos.<\/p>\n\n\n\n<p class=\"wp-block-paragraph\">La situaci\u00f3n jur\u00eddica de los agentes deber\u00e1 determinarse conforme avance la investigaci\u00f3n y sean presentados ante la autoridad correspondiente.<\/p>\n\n\n\n<figure class=\"wp-block-image size-large\"><img loading=\"lazy\" decoding=\"async\" width=\"576\" height=\"1024\" src=\"https:\/\/reporterosdelsur.org\/diario\/wp-content\/uploads\/2026\/09\/Poli-3-1-576x1024.jpg\" alt=\"\" class=\"wp-image-58710\" srcset=\"https:\/\/reporterosdelsur.org\/diario\/wp-content\/uploads\/2026\/09\/Poli-3-1-576x1024.jpg 576w, https:\/\/reporterosdelsur.org\/diario\/wp-content\/uploads\/2026\/09\/Poli-3-1-169x300.jpg 169w, https:\/\/reporterosdelsur.org\/diario\/wp-content\/uploads\/2026\/09\/Poli-3-1-768x1365.jpg 768w, https:\/\/reporterosdelsur.org\/diario\/wp-content\/uploads\/2026\/09\/Poli-3-1-864x1536.jpg 864w, https:\/\/reporterosdelsur.org\/diario\/wp-content\/uploads\/2026\/09\/Poli-3-1-309x550.jpg 309w, https:\/\/reporterosdelsur.org\/diario\/wp-content\/uploads\/2026\/09\/Poli-3-1-281x500.jpg 281w, https:\/\/reporterosdelsur.org\/diario\/wp-content\/uploads\/2026\/09\/Poli-3-1.jpg 900w\" sizes=\"auto, (max-width: 576px) 100vw, 576px\" \/><\/figure>\n\n\n\n<p class=\"wp-block-paragraph\">Hasta que exista informaci\u00f3n oficial sobre los hechos, <strong>los detenidos deben ser considerados inocentes y cualquier imputaci\u00f3n deber\u00e1 ser acreditada ante la autoridad judicial competente<\/strong>, conforme al principio de presunci\u00f3n de inocencia.<\/p>\n\n\n\n<p class=\"wp-block-paragraph\">Se espera que en las pr\u00f3ximas horas la FGR o las autoridades estatales proporcionen informaci\u00f3n sobre el motivo, alcance del operativo y los delitos que, en su caso, se atribuyan a los elementos detenidos.<\/p>\n","protected":false},"excerpt":{"rendered":"<p>Agentes federales desplegaron acciones en distintos puntos de la cabecera municipal; hasta el momento no se han informado oficialmente los delitos que se les atribuyen. Para\u00edso, Tab.\u2014 Un operativo de fuerzas federales desplegado este lunes en distintos puntos del municipio de Para\u00edso habr\u00eda derivado en la detenci\u00f3n de cuatro elementos<span class=\"more-link theme-more-link\"><a href=\"https:\/\/reporterosdelsur.org\/diario\/2026\/09\/operativo-de-la-fgr-en-paraiso-deja-cuatro-policias-municipales-detenidos\/\">Leer Nota Complete<\/a><\/span><\/p>\n","protected":false},"author":1,"featured_media":58707,"comment_status":"open","ping_status":"open","sticky":false,"template":"","format":"standard","meta":{"footnotes":"","jetpack_publicize_message":"","jetpack_publicize_feature_enabled":true,"jetpack_social_post_already_shared":true,"jetpack_social_options":{"image_generator_settings":{"template":"highway","default_image_id":0,"font":"","enabled":false},"version":2}},"categories":[6,2],"tags":[588,694,982,371,1355,491,38,372,411,515,390,132,459,333,34],"class_list":["entry","author-admin","post-58706","post","type-post","status-publish","format-standard","has-post-thumbnail","category-destacado","category-tabasco","tag-drogas","tag-extorsion","tag-fgr-tabasco","tag-gn","tag-llamadas-telefonicas","tag-marina","tag-noticias","tag-operativos","tag-paraiso","tag-policia","tag-policias","tag-secuestro","tag-sedena","tag-seguridad","tag-villahermosa"],"jetpack_publicize_connections":[],"featured_image_urls":{"full":["https:\/\/reporterosdelsur.org\/diario\/wp-content\/uploads\/2026\/09\/Poli-1.jpg",1200,1600,false],"thumbnail":["https:\/\/reporterosdelsur.org\/diario\/wp-content\/uploads\/2026\/09\/Poli-1-150x150.jpg",150,150,true],"medium":["https:\/\/reporterosdelsur.org\/diario\/wp-content\/uploads\/2026\/09\/Poli-1-225x300.jpg",225,300,true],"medium_large":["https:\/\/reporterosdelsur.org\/diario\/wp-content\/uploads\/2026\/09\/Poli-1-768x1024.jpg",768,1024,true],"large":["https:\/\/reporterosdelsur.org\/diario\/wp-content\/uploads\/2026\/09\/Poli-1-768x1024.jpg",768,1024,true],"1536x1536":["https:\/\/reporterosdelsur.org\/diario\/wp-content\/uploads\/2026\/09\/Poli-1-1152x1536.jpg",1152,1536,true],"2048x2048":["https:\/\/reporterosdelsur.org\/diario\/wp-content\/uploads\/2026\/09\/Poli-1.jpg",1200,1600,false],"ultp_layout_landscape_large":["https:\/\/reporterosdelsur.org\/diario\/wp-content\/uploads\/2026\/09\/Poli-1-1200x800.jpg",1200,800,true],"ultp_layout_landscape":["https:\/\/reporterosdelsur.org\/diario\/wp-content\/uploads\/2026\/09\/Poli-1-870x570.jpg",870,570,true],"ultp_layout_portrait":["https:\/\/reporterosdelsur.org\/diario\/wp-content\/uploads\/2026\/09\/Poli-1-600x900.jpg",600,900,true],"ultp_layout_square":["https:\/\/reporterosdelsur.org\/diario\/wp-content\/uploads\/2026\/09\/Poli-1-600x600.jpg",600,600,true],"hoot-medium-thumb":["https:\/\/reporterosdelsur.org\/diario\/wp-content\/uploads\/2026\/09\/Poli-1-460x400.jpg",460,400,true],"hoot-preview":["https:\/\/reporterosdelsur.org\/diario\/wp-content\/uploads\/2026\/09\/Poli-1-413x550.jpg",413,550,true],"hoot-preview-thumb":["https:\/\/reporterosdelsur.org\/diario\/wp-content\/uploads\/2026\/09\/Poli-1-465x550.jpg",465,550,true],"hoot-large-thumb":["https:\/\/reporterosdelsur.org\/diario\/wp-content\/uploads\/2026\/09\/Poli-1-690x550.jpg",690,550,true],"hoot-preview-large":["https:\/\/reporterosdelsur.org\/diario\/wp-content\/uploads\/2026\/09\/Poli-1-375x500.jpg",375,500,true],"hoot-wide-thumb":["https:\/\/reporterosdelsur.org\/diario\/wp-content\/uploads\/2026\/09\/Poli-1-920x425.jpg",920,425,true],"hoot-extra-wide-thumb":["https:\/\/reporterosdelsur.org\/diario\/wp-content\/uploads\/2026\/09\/Poli-1-1035x425.jpg",1035,425,true]},"author_info":{"display_name":"Reporteros del Sur","author_link":"https:\/\/reporterosdelsur.org\/diario\/author\/admin\/"},"category_info":"<a href=\"https:\/\/reporterosdelsur.org\/diario\/category\/destacado\/\" rel=\"category tag\">Destacado<\/a> <a href=\"https:\/\/reporterosdelsur.org\/diario\/category\/tabasco\/\" rel=\"category tag\">Tabasco<\/a>","tag_info":"Tabasco","comment_count":"0","_links":{"self":[{"href":"https:\/\/reporterosdelsur.org\/diario\/wp-json\/wp\/v2\/posts\/58706","targetHints":{"allow":["GET"]}}],"collection":[{"href":"https:\/\/reporterosdelsur.org\/diario\/wp-json\/wp\/v2\/posts"}],"about":[{"href":"https:\/\/reporterosdelsur.org\/diario\/wp-json\/wp\/v2\/types\/post"}],"author":[{"embeddable":true,"href":"https:\/\/reporterosdelsur.org\/diario\/wp-json\/wp\/v2\/users\/1"}],"replies":[{"embeddable":true,"href":"https:\/\/reporterosdelsur.org\/diario\/wp-json\/wp\/v2\/comments?post=58706"}],"version-history":[{"count":1,"href":"https:\/\/reporterosdelsur.org\/diario\/wp-json\/wp\/v2\/posts\/58706\/revisions"}],"predecessor-version":[{"id":58711,"href":"https:\/\/reporterosdelsur.org\/diario\/wp-json\/wp\/v2\/posts\/58706\/revisions\/58711"}],"wp:featuredmedia":[{"embeddable":true,"href":"https:\/\/reporterosdelsur.org\/diario\/wp-json\/wp\/v2\/media\/58707"}],"wp:attachment":[{"href":"https:\/\/reporterosdelsur.org\/diario\/wp-json\/wp\/v2\/media?parent=58706"}],"wp:term":[{"taxonomy":"category","embeddable":true,"href":"https:\/\/reporterosdelsur.org\/diario\/wp-json\/wp\/v2\/categories?post=58706"},{"taxonomy":"post_tag","embeddable":true,"href":"https:\/\/reporterosdelsur.org\/diario\/wp-json\/wp\/v2\/tags?post=58706"}],"curies":[{"name":"wp","href":"https:\/\/api.w.org\/{rel}","templated":true}]}}