{"id":58702,"date":"2026-09-01T06:13:44","date_gmt":"2026-09-01T12:13:44","guid":{"rendered":"https:\/\/reporterosdelsur.org\/diario\/?p=58702"},"modified":"2026-09-01T06:13:48","modified_gmt":"2026-09-01T12:13:48","slug":"cedh-no-ha-recibido-denuncias-formales-por-presuntas-extorsiones-en-penal-de-huimanguillo","status":"publish","type":"post","link":"https:\/\/reporterosdelsur.org\/diario\/2026\/09\/cedh-no-ha-recibido-denuncias-formales-por-presuntas-extorsiones-en-penal-de-huimanguillo\/","title":{"rendered":"CEDH no ha recibido denuncias formales por presuntas extorsiones en penal de Huimanguillo"},"content":{"rendered":"\n<p class=\"wp-block-paragraph\"><strong>La presidenta de la Comisi\u00f3n Estatal de Derechos Humanos se\u00f1al\u00f3 que el Sistema Penitenciario representa cerca de 25% de las quejas que recibe el organismo y adelant\u00f3 que podr\u00edan emitirse recomendaciones preventivas.<\/strong><\/p>\n\n\n\n<p class=\"wp-block-paragraph\"><strong>Villahermosa, Tab.\u2014<\/strong> La presidenta de la Comisi\u00f3n Estatal de Derechos Humanos (CEDH), <strong>Margarita Concepci\u00f3n Espinosa Armengol<\/strong>, inform\u00f3 que hasta el momento el organismo no ha recibido denuncias formales por presuntas violaciones a los derechos humanos relacionadas con posibles extorsiones al interior del <strong>Centro Penitenciario de Huimanguillo<\/strong>.<\/p>\n\n\n\n<p class=\"wp-block-paragraph\">La declaraci\u00f3n se produce luego de que familiares de personas privadas de la libertad denunciaran p\u00fablicamente la semana pasada presuntos casos de coacci\u00f3n dentro del complejo penitenciario para exigirles dinero.<\/p>\n\n\n\n<p class=\"wp-block-paragraph\">Espinosa Armengol se\u00f1al\u00f3 que, aunque no existe hasta ahora una queja formal por estos hechos ante la CEDH, el organismo tiene facultades para iniciar una investigaci\u00f3n de oficio si existen elementos que lo ameriten.<\/p>\n\n\n\n<p class=\"wp-block-paragraph\">\u201cPodemos iniciar una investigaci\u00f3n de oficio, pero hasta ahora no la tenemos\u201d, manifest\u00f3 la titular de la Comisi\u00f3n, quien asegur\u00f3 que se dar\u00e1 seguimiento a cualquier se\u00f1alamiento que pueda representar una vulneraci\u00f3n de los derechos de las personas privadas de la libertad.<\/p>\n\n\n\n<figure class=\"wp-block-image size-large\"><img loading=\"lazy\" decoding=\"async\" width=\"1024\" height=\"576\" src=\"https:\/\/reporterosdelsur.org\/diario\/wp-content\/uploads\/2026\/09\/Prision-1024x576.jpg\" alt=\"\" class=\"wp-image-58704\" srcset=\"https:\/\/reporterosdelsur.org\/diario\/wp-content\/uploads\/2026\/09\/Prision-1024x576.jpg 1024w, https:\/\/reporterosdelsur.org\/diario\/wp-content\/uploads\/2026\/09\/Prision-300x169.jpg 300w, https:\/\/reporterosdelsur.org\/diario\/wp-content\/uploads\/2026\/09\/Prision-768x432.jpg 768w, https:\/\/reporterosdelsur.org\/diario\/wp-content\/uploads\/2026\/09\/Prision-1536x864.jpg 1536w, https:\/\/reporterosdelsur.org\/diario\/wp-content\/uploads\/2026\/09\/Prision-465x262.jpg 465w, https:\/\/reporterosdelsur.org\/diario\/wp-content\/uploads\/2026\/09\/Prision-695x391.jpg 695w, https:\/\/reporterosdelsur.org\/diario\/wp-content\/uploads\/2026\/09\/Prision.jpg 1960w\" sizes=\"auto, (max-width: 1024px) 100vw, 1024px\" \/><\/figure>\n\n\n\n<p class=\"wp-block-paragraph\">La presidenta de la CEDH destac\u00f3 que el <strong>Sistema Penitenciario de Tabasco es una de las prioridades<\/strong> de su gesti\u00f3n, debido al n\u00famero de quejas relacionadas con los centros de reclusi\u00f3n.<\/p>\n\n\n\n<p class=\"wp-block-paragraph\">Explic\u00f3 que aproximadamente <strong>25 por ciento de las quejas y denuncias<\/strong> que recibe el organismo est\u00e1n vinculadas con el sistema penitenciario, por lo que estos casos reciben el procedimiento correspondiente.<\/p>\n\n\n\n<p class=\"wp-block-paragraph\">\u201cPara nosotros el Sistema Penitenciario es prioritario y estamos pr\u00f3ximos a emitir recomendaciones preventivas\u201d, afirm\u00f3.<\/p>\n\n\n\n<p class=\"wp-block-paragraph\">La funcionaria sostuvo que la CEDH mantendr\u00e1 las investigaciones correspondientes y la vigilancia sobre las condiciones en los centros penitenciarios, con el prop\u00f3sito de garantizar el respeto a los derechos humanos de las personas privadas de la libertad.<\/p>\n\n\n\n<p class=\"wp-block-paragraph\">Asimismo, hizo \u00e9nfasis en que cualquier persona que considere vulnerados sus derechos puede acudir ante la Comisi\u00f3n para presentar una queja, lo que permitir\u00eda al organismo iniciar el procedimiento de investigaci\u00f3n correspondiente.<\/p>\n","protected":false},"excerpt":{"rendered":"<p>La presidenta de la Comisi\u00f3n Estatal de Derechos Humanos se\u00f1al\u00f3 que el Sistema Penitenciario representa cerca de 25% de las quejas que recibe el organismo y adelant\u00f3 que podr\u00edan emitirse recomendaciones preventivas. Villahermosa, Tab.\u2014 La presidenta de la Comisi\u00f3n Estatal de Derechos Humanos (CEDH), Margarita Concepci\u00f3n Espinosa Armengol, inform\u00f3 que<span class=\"more-link theme-more-link\"><a href=\"https:\/\/reporterosdelsur.org\/diario\/2026\/09\/cedh-no-ha-recibido-denuncias-formales-por-presuntas-extorsiones-en-penal-de-huimanguillo\/\">Leer Nota Complete<\/a><\/span><\/p>\n","protected":false},"author":2,"featured_media":58703,"comment_status":"open","ping_status":"open","sticky":false,"template":"","format":"standard","meta":{"footnotes":"","jetpack_publicize_message":"","jetpack_publicize_feature_enabled":true,"jetpack_social_post_already_shared":true,"jetpack_social_options":{"image_generator_settings":{"template":"highway","default_image_id":0,"font":"","enabled":false},"version":2}},"categories":[2],"tags":[2385,694,371,1355,491,38,372,2386,132,459,333,35,34],"class_list":["entry","author-guza0892gmail-com","post-58702","post","type-post","status-publish","format-standard","has-post-thumbnail","category-tabasco","tag-cedh","tag-extorsion","tag-gn","tag-llamadas-telefonicas","tag-marina","tag-noticias","tag-operativos","tag-penales","tag-secuestro","tag-sedena","tag-seguridad","tag-tabasco","tag-villahermosa"],"jetpack_publicize_connections":[],"featured_image_urls":{"full":["https:\/\/reporterosdelsur.org\/diario\/wp-content\/uploads\/2026\/09\/penal-de-huimanguillo.jpg",2048,1152,false],"thumbnail":["https:\/\/reporterosdelsur.org\/diario\/wp-content\/uploads\/2026\/09\/penal-de-huimanguillo-150x150.jpg",150,150,true],"medium":["https:\/\/reporterosdelsur.org\/diario\/wp-content\/uploads\/2026\/09\/penal-de-huimanguillo-300x169.jpg",300,169,true],"medium_large":["https:\/\/reporterosdelsur.org\/diario\/wp-content\/uploads\/2026\/09\/penal-de-huimanguillo-768x432.jpg",768,432,true],"large":["https:\/\/reporterosdelsur.org\/diario\/wp-content\/uploads\/2026\/09\/penal-de-huimanguillo-1024x576.jpg",1024,576,true],"1536x1536":["https:\/\/reporterosdelsur.org\/diario\/wp-content\/uploads\/2026\/09\/penal-de-huimanguillo-1536x864.jpg",1536,864,true],"2048x2048":["https:\/\/reporterosdelsur.org\/diario\/wp-content\/uploads\/2026\/09\/penal-de-huimanguillo.jpg",2048,1152,false],"ultp_layout_landscape_large":["https:\/\/reporterosdelsur.org\/diario\/wp-content\/uploads\/2026\/09\/penal-de-huimanguillo-1200x800.jpg",1200,800,true],"ultp_layout_landscape":["https:\/\/reporterosdelsur.org\/diario\/wp-content\/uploads\/2026\/09\/penal-de-huimanguillo-870x570.jpg",870,570,true],"ultp_layout_portrait":["https:\/\/reporterosdelsur.org\/diario\/wp-content\/uploads\/2026\/09\/penal-de-huimanguillo-600x900.jpg",600,900,true],"ultp_layout_square":["https:\/\/reporterosdelsur.org\/diario\/wp-content\/uploads\/2026\/09\/penal-de-huimanguillo-600x600.jpg",600,600,true],"hoot-medium-thumb":["https:\/\/reporterosdelsur.org\/diario\/wp-content\/uploads\/2026\/09\/penal-de-huimanguillo-460x400.jpg",460,400,true],"hoot-preview":["https:\/\/reporterosdelsur.org\/diario\/wp-content\/uploads\/2026\/09\/penal-de-huimanguillo-465x262.jpg",465,262,true],"hoot-preview-thumb":["https:\/\/reporterosdelsur.org\/diario\/wp-content\/uploads\/2026\/09\/penal-de-huimanguillo-465x550.jpg",465,550,true],"hoot-large-thumb":["https:\/\/reporterosdelsur.org\/diario\/wp-content\/uploads\/2026\/09\/penal-de-huimanguillo-690x550.jpg",690,550,true],"hoot-preview-large":["https:\/\/reporterosdelsur.org\/diario\/wp-content\/uploads\/2026\/09\/penal-de-huimanguillo-695x391.jpg",695,391,true],"hoot-wide-thumb":["https:\/\/reporterosdelsur.org\/diario\/wp-content\/uploads\/2026\/09\/penal-de-huimanguillo-920x425.jpg",920,425,true],"hoot-extra-wide-thumb":["https:\/\/reporterosdelsur.org\/diario\/wp-content\/uploads\/2026\/09\/penal-de-huimanguillo-1035x425.jpg",1035,425,true]},"author_info":{"display_name":"Reporteros del Sur","author_link":"https:\/\/reporterosdelsur.org\/diario\/author\/guza0892gmail-com\/"},"category_info":"<a href=\"https:\/\/reporterosdelsur.org\/diario\/category\/tabasco\/\" rel=\"category tag\">Tabasco<\/a>","tag_info":"Tabasco","comment_count":"0","_links":{"self":[{"href":"https:\/\/reporterosdelsur.org\/diario\/wp-json\/wp\/v2\/posts\/58702","targetHints":{"allow":["GET"]}}],"collection":[{"href":"https:\/\/reporterosdelsur.org\/diario\/wp-json\/wp\/v2\/posts"}],"about":[{"href":"https:\/\/reporterosdelsur.org\/diario\/wp-json\/wp\/v2\/types\/post"}],"author":[{"embeddable":true,"href":"https:\/\/reporterosdelsur.org\/diario\/wp-json\/wp\/v2\/users\/2"}],"replies":[{"embeddable":true,"href":"https:\/\/reporterosdelsur.org\/diario\/wp-json\/wp\/v2\/comments?post=58702"}],"version-history":[{"count":1,"href":"https:\/\/reporterosdelsur.org\/diario\/wp-json\/wp\/v2\/posts\/58702\/revisions"}],"predecessor-version":[{"id":58705,"href":"https:\/\/reporterosdelsur.org\/diario\/wp-json\/wp\/v2\/posts\/58702\/revisions\/58705"}],"wp:featuredmedia":[{"embeddable":true,"href":"https:\/\/reporterosdelsur.org\/diario\/wp-json\/wp\/v2\/media\/58703"}],"wp:attachment":[{"href":"https:\/\/reporterosdelsur.org\/diario\/wp-json\/wp\/v2\/media?parent=58702"}],"wp:term":[{"taxonomy":"category","embeddable":true,"href":"https:\/\/reporterosdelsur.org\/diario\/wp-json\/wp\/v2\/categories?post=58702"},{"taxonomy":"post_tag","embeddable":true,"href":"https:\/\/reporterosdelsur.org\/diario\/wp-json\/wp\/v2\/tags?post=58702"}],"curies":[{"name":"wp","href":"https:\/\/api.w.org\/{rel}","templated":true}]}}