{"id":58698,"date":"2026-09-01T06:04:17","date_gmt":"2026-09-01T12:04:17","guid":{"rendered":"https:\/\/reporterosdelsur.org\/diario\/?p=58698"},"modified":"2026-09-01T06:04:21","modified_gmt":"2026-09-01T12:04:21","slug":"fgr-obtiene-sentencias-de-hasta-casi-seis-anos-de-prision-por-portacion-de-armas-en-tabasco","status":"publish","type":"post","link":"https:\/\/reporterosdelsur.org\/diario\/2026\/09\/fgr-obtiene-sentencias-de-hasta-casi-seis-anos-de-prision-por-portacion-de-armas-en-tabasco\/","title":{"rendered":"FGR obtiene sentencias de hasta casi seis a\u00f1os de prisi\u00f3n por portaci\u00f3n de armas en Tabasco"},"content":{"rendered":"\n<p class=\"wp-block-paragraph\"><strong>Sergio \u201cN\u201d, Jos\u00e9 \u201cN\u201d, Pablo \u201cN\u201d y Jes\u00fas \u201cN\u201d recibieron condenas por delitos relacionados con la portaci\u00f3n de armas de fuego de uso exclusivo de las Fuerzas Armadas.<\/strong><\/p>\n\n\n\n<p class=\"wp-block-paragraph\"><strong>Villahermosa, Tab.\u2014<\/strong> La Fiscal\u00eda General de la Rep\u00fablica (FGR) en Tabasco obtuvo <strong>sentencias condenatorias contra cuatro personas<\/strong> por delitos relacionados con la portaci\u00f3n de armas de fuego de uso exclusivo de las Fuerzas Armadas, mediante procedimientos abreviados.<\/p>\n\n\n\n<p class=\"wp-block-paragraph\">A trav\u00e9s de la Fiscal\u00eda Especializada de Control Regional (FECOR), la representaci\u00f3n federal acredit\u00f3 ante jueces de Control la responsabilidad penal de los procesados, quienes deber\u00e1n cumplir distintas penas de prisi\u00f3n en centros penitenciarios de la entidad.<\/p>\n\n\n\n<p class=\"wp-block-paragraph\">En uno de los casos, <strong>Sergio \u201cN\u201d<\/strong> recibi\u00f3 una sentencia de <strong>cuatro a\u00f1os, cinco meses y 10 d\u00edas de prisi\u00f3n<\/strong>, adem\u00e1s del pago de una multa equivalente a 89 Unidades de Medida y Actualizaci\u00f3n (UMA).<\/p>\n\n\n\n<p class=\"wp-block-paragraph\">Por su parte, <strong>Jos\u00e9 \u201cN\u201d<\/strong> fue condenado a <strong>cinco a\u00f1os, cuatro meses de prisi\u00f3n<\/strong> y al pago de una multa de 134 UMA.<\/p>\n\n\n\n<p class=\"wp-block-paragraph\">Ambos permanecer\u00e1n internados en el <strong>Centro Penitenciario N\u00famero 9 de Huimanguillo<\/strong>, tras ser encontrados responsables del delito de portaci\u00f3n de arma de fuego de uso exclusivo de la Fuerza Armada Permanente.<\/p>\n\n\n\n<p class=\"wp-block-paragraph\">Los dos hombres fueron detenidos el <strong>10 de junio de 2025, en el municipio de Nacajuca<\/strong>, por elementos de la Secretar\u00eda de Seguridad y Protecci\u00f3n Ciudadana. Durante la intervenci\u00f3n les fueron aseguradas un arma larga, un arma corta, dos cargadores y 37 cartuchos \u00fatiles.<\/p>\n\n\n\n<p class=\"wp-block-paragraph\">Los detenidos y el armamento quedaron a disposici\u00f3n del Ministerio P\u00fablico de la Federaci\u00f3n, que realiz\u00f3 las investigaciones y reuni\u00f3 los elementos de prueba para sustentar la acusaci\u00f3n.<\/p>\n\n\n\n<figure class=\"wp-block-image size-large\"><img loading=\"lazy\" decoding=\"async\" width=\"1024\" height=\"804\" src=\"https:\/\/reporterosdelsur.org\/diario\/wp-content\/uploads\/2026\/09\/Armas-2-1-1024x804.jpg\" alt=\"\" class=\"wp-image-58700\" srcset=\"https:\/\/reporterosdelsur.org\/diario\/wp-content\/uploads\/2026\/09\/Armas-2-1-1024x804.jpg 1024w, https:\/\/reporterosdelsur.org\/diario\/wp-content\/uploads\/2026\/09\/Armas-2-1-300x236.jpg 300w, https:\/\/reporterosdelsur.org\/diario\/wp-content\/uploads\/2026\/09\/Armas-2-1-768x603.jpg 768w, https:\/\/reporterosdelsur.org\/diario\/wp-content\/uploads\/2026\/09\/Armas-2-1-1536x1206.jpg 1536w, https:\/\/reporterosdelsur.org\/diario\/wp-content\/uploads\/2026\/09\/Armas-2-1-465x365.jpg 465w, https:\/\/reporterosdelsur.org\/diario\/wp-content\/uploads\/2026\/09\/Armas-2-1-637x500.jpg 637w, https:\/\/reporterosdelsur.org\/diario\/wp-content\/uploads\/2026\/09\/Armas-2-1.jpg 1600w\" sizes=\"auto, (max-width: 1024px) 100vw, 1024px\" \/><\/figure>\n\n\n\n<p class=\"wp-block-paragraph\">Durante la audiencia, la representaci\u00f3n social solicit\u00f3 la terminaci\u00f3n anticipada del proceso mediante procedimiento abreviado, con lo que se dictaron las sentencias condenatorias. Tambi\u00e9n se orden\u00f3 la suspensi\u00f3n de los derechos civiles y pol\u00edticos durante el tiempo de las penas y el decomiso de las armas y dem\u00e1s objetos asegurados.<\/p>\n\n\n\n<h3 class=\"wp-block-heading\">Otras dos sentencias<\/h3>\n\n\n\n<p class=\"wp-block-paragraph\">En un caso distinto, la FGR obtuvo una sentencia condenatoria contra <strong>Pablo \u201cN\u201d<\/strong>, quien deber\u00e1 cumplir su pena en el <strong>Centro Penitenciario N\u00famero 1, en Centro, Tabasco<\/strong>.<\/p>\n\n\n\n<p class=\"wp-block-paragraph\">La FECOR acredit\u00f3 que el ahora sentenciado fue detenido en el municipio de <strong>Centla<\/strong>, donde elementos de la Polic\u00eda de Investigaci\u00f3n de la Fiscal\u00eda General del Estado de Tabasco le aseguraron un arma de fuego tipo pistola y cinco cartuchos \u00fatiles.<\/p>\n\n\n\n<p class=\"wp-block-paragraph\">Mediante procedimiento abreviado, el juez dict\u00f3 la sentencia correspondiente y orden\u00f3 el <strong>decomiso y destrucci\u00f3n del arma de fuego y los cartuchos<\/strong> asegurados.<\/p>\n\n\n\n<p class=\"wp-block-paragraph\">Asimismo, la FGR inform\u00f3 sobre la sentencia contra <strong>Jes\u00fas \u201cN\u201d<\/strong>, a quien un juez de Control impuso una pena de <strong>cinco a\u00f1os, 11 meses y cuatro d\u00edas de prisi\u00f3n<\/strong> por el delito de portaci\u00f3n de arma de fuego de uso exclusivo de las Fuerzas Armadas.<\/p>\n\n\n\n<p class=\"wp-block-paragraph\">Jes\u00fas \u201cN\u201d fue detenido sobre la calle Principal de la <strong>Rancher\u00eda Medell\u00edn y Pigua Segunda Secci\u00f3n, en el municipio de Centro<\/strong>, donde se le aseguraron un arma larga tipo carabina, un cargador y cartuchos \u00fatiles, adem\u00e1s de un tubo lanzagranadas y una granada de fragmentaci\u00f3n.<\/p>\n\n\n\n<p class=\"wp-block-paragraph\">El juez tambi\u00e9n determin\u00f3 la suspensi\u00f3n de sus derechos pol\u00edticos y civiles, una amonestaci\u00f3n y el decomiso de los objetos asegurados.<\/p>\n\n\n\n<p class=\"wp-block-paragraph\">Jes\u00fas \u201cN\u201d cumplir\u00e1 su condena en el <strong>Centro Penitenciario N\u00famero 1, en Centro, Tabasco<\/strong>.<\/p>\n\n\n\n<p class=\"wp-block-paragraph\">La FGR se\u00f1al\u00f3 que las sentencias fueron resultado de las investigaciones y de la integraci\u00f3n de los elementos de prueba que permitieron acreditar ante la autoridad judicial la comisi\u00f3n de los delitos.<\/p>\n","protected":false},"excerpt":{"rendered":"<p>Sergio \u201cN\u201d, Jos\u00e9 \u201cN\u201d, Pablo \u201cN\u201d y Jes\u00fas \u201cN\u201d recibieron condenas por delitos relacionados con la portaci\u00f3n de armas de fuego de uso exclusivo de las Fuerzas Armadas. Villahermosa, Tab.\u2014 La Fiscal\u00eda General de la Rep\u00fablica (FGR) en Tabasco obtuvo sentencias condenatorias contra cuatro personas por delitos relacionados con la<span class=\"more-link theme-more-link\"><a href=\"https:\/\/reporterosdelsur.org\/diario\/2026\/09\/fgr-obtiene-sentencias-de-hasta-casi-seis-anos-de-prision-por-portacion-de-armas-en-tabasco\/\">Leer Nota Complete<\/a><\/span><\/p>\n","protected":false},"author":1,"featured_media":58699,"comment_status":"open","ping_status":"open","sticky":false,"template":"","format":"standard","meta":{"footnotes":"","jetpack_publicize_message":"","jetpack_publicize_feature_enabled":true,"jetpack_social_post_already_shared":true,"jetpack_social_options":{"image_generator_settings":{"template":"highway","default_image_id":0,"font":"","enabled":false},"version":2}},"categories":[2],"tags":[1567,694,982,371,1355,491,38,372,132,459,333,34],"class_list":["entry","author-admin","post-58698","post","type-post","status-publish","format-standard","has-post-thumbnail","category-tabasco","tag-armas-de-fuego","tag-extorsion","tag-fgr-tabasco","tag-gn","tag-llamadas-telefonicas","tag-marina","tag-noticias","tag-operativos","tag-secuestro","tag-sedena","tag-seguridad","tag-villahermosa"],"jetpack_publicize_connections":[],"featured_image_urls":{"full":["https:\/\/reporterosdelsur.org\/diario\/wp-content\/uploads\/2026\/09\/Armas-2.jpg",1600,1256,false],"thumbnail":["https:\/\/reporterosdelsur.org\/diario\/wp-content\/uploads\/2026\/09\/Armas-2-150x150.jpg",150,150,true],"medium":["https:\/\/reporterosdelsur.org\/diario\/wp-content\/uploads\/2026\/09\/Armas-2-300x236.jpg",300,236,true],"medium_large":["https:\/\/reporterosdelsur.org\/diario\/wp-content\/uploads\/2026\/09\/Armas-2-768x603.jpg",768,603,true],"large":["https:\/\/reporterosdelsur.org\/diario\/wp-content\/uploads\/2026\/09\/Armas-2-1024x804.jpg",1024,804,true],"1536x1536":["https:\/\/reporterosdelsur.org\/diario\/wp-content\/uploads\/2026\/09\/Armas-2-1536x1206.jpg",1536,1206,true],"2048x2048":["https:\/\/reporterosdelsur.org\/diario\/wp-content\/uploads\/2026\/09\/Armas-2.jpg",1600,1256,false],"ultp_layout_landscape_large":["https:\/\/reporterosdelsur.org\/diario\/wp-content\/uploads\/2026\/09\/Armas-2-1200x800.jpg",1200,800,true],"ultp_layout_landscape":["https:\/\/reporterosdelsur.org\/diario\/wp-content\/uploads\/2026\/09\/Armas-2-870x570.jpg",870,570,true],"ultp_layout_portrait":["https:\/\/reporterosdelsur.org\/diario\/wp-content\/uploads\/2026\/09\/Armas-2-600x900.jpg",600,900,true],"ultp_layout_square":["https:\/\/reporterosdelsur.org\/diario\/wp-content\/uploads\/2026\/09\/Armas-2-600x600.jpg",600,600,true],"hoot-medium-thumb":["https:\/\/reporterosdelsur.org\/diario\/wp-content\/uploads\/2026\/09\/Armas-2-460x400.jpg",460,400,true],"hoot-preview":["https:\/\/reporterosdelsur.org\/diario\/wp-content\/uploads\/2026\/09\/Armas-2-465x365.jpg",465,365,true],"hoot-preview-thumb":["https:\/\/reporterosdelsur.org\/diario\/wp-content\/uploads\/2026\/09\/Armas-2-465x550.jpg",465,550,true],"hoot-large-thumb":["https:\/\/reporterosdelsur.org\/diario\/wp-content\/uploads\/2026\/09\/Armas-2-690x550.jpg",690,550,true],"hoot-preview-large":["https:\/\/reporterosdelsur.org\/diario\/wp-content\/uploads\/2026\/09\/Armas-2-637x500.jpg",637,500,true],"hoot-wide-thumb":["https:\/\/reporterosdelsur.org\/diario\/wp-content\/uploads\/2026\/09\/Armas-2-920x425.jpg",920,425,true],"hoot-extra-wide-thumb":["https:\/\/reporterosdelsur.org\/diario\/wp-content\/uploads\/2026\/09\/Armas-2-1035x425.jpg",1035,425,true]},"author_info":{"display_name":"Reporteros del Sur","author_link":"https:\/\/reporterosdelsur.org\/diario\/author\/admin\/"},"category_info":"<a href=\"https:\/\/reporterosdelsur.org\/diario\/category\/tabasco\/\" rel=\"category tag\">Tabasco<\/a>","tag_info":"Tabasco","comment_count":"0","_links":{"self":[{"href":"https:\/\/reporterosdelsur.org\/diario\/wp-json\/wp\/v2\/posts\/58698","targetHints":{"allow":["GET"]}}],"collection":[{"href":"https:\/\/reporterosdelsur.org\/diario\/wp-json\/wp\/v2\/posts"}],"about":[{"href":"https:\/\/reporterosdelsur.org\/diario\/wp-json\/wp\/v2\/types\/post"}],"author":[{"embeddable":true,"href":"https:\/\/reporterosdelsur.org\/diario\/wp-json\/wp\/v2\/users\/1"}],"replies":[{"embeddable":true,"href":"https:\/\/reporterosdelsur.org\/diario\/wp-json\/wp\/v2\/comments?post=58698"}],"version-history":[{"count":1,"href":"https:\/\/reporterosdelsur.org\/diario\/wp-json\/wp\/v2\/posts\/58698\/revisions"}],"predecessor-version":[{"id":58701,"href":"https:\/\/reporterosdelsur.org\/diario\/wp-json\/wp\/v2\/posts\/58698\/revisions\/58701"}],"wp:featuredmedia":[{"embeddable":true,"href":"https:\/\/reporterosdelsur.org\/diario\/wp-json\/wp\/v2\/media\/58699"}],"wp:attachment":[{"href":"https:\/\/reporterosdelsur.org\/diario\/wp-json\/wp\/v2\/media?parent=58698"}],"wp:term":[{"taxonomy":"category","embeddable":true,"href":"https:\/\/reporterosdelsur.org\/diario\/wp-json\/wp\/v2\/categories?post=58698"},{"taxonomy":"post_tag","embeddable":true,"href":"https:\/\/reporterosdelsur.org\/diario\/wp-json\/wp\/v2\/tags?post=58698"}],"curies":[{"name":"wp","href":"https:\/\/api.w.org\/{rel}","templated":true}]}}