{"id":58689,"date":"2026-09-01T05:52:53","date_gmt":"2026-09-01T11:52:53","guid":{"rendered":"https:\/\/reporterosdelsur.org\/diario\/?p=58689"},"modified":"2026-09-01T05:52:56","modified_gmt":"2026-09-01T11:52:56","slug":"banda-sinfonica-de-tabasco-ofrecera-gala-sinfonica-este-sabado-en-paraiso","status":"publish","type":"post","link":"https:\/\/reporterosdelsur.org\/diario\/2026\/09\/banda-sinfonica-de-tabasco-ofrecera-gala-sinfonica-este-sabado-en-paraiso\/","title":{"rendered":"Banda Sinf\u00f3nica de Tabasco ofrecer\u00e1 Gala Sinf\u00f3nica este s\u00e1bado en Para\u00edso"},"content":{"rendered":"\n<p class=\"wp-block-paragraph\"><strong>El Parque Central ser\u00e1 sede del concierto a las 20:00 horas, con un repertorio que incluir\u00e1 m\u00fasica de cine, Juan Gabriel, Michael Jackson y piezas de la tradici\u00f3n popular tabasque\u00f1a.<\/strong><\/p>\n\n\n\n<p class=\"wp-block-paragraph\"><strong>Para\u00edso, Tab.\u2014<\/strong> El Parque Central de Para\u00edso se convertir\u00e1 este s\u00e1bado 5 de septiembre en escenario de una noche dedicada a la m\u00fasica con la presentaci\u00f3n de la <strong>Banda Sinf\u00f3nica del Gobierno del Estado de Tabasco<\/strong>, que ofrecer\u00e1 la <strong>Gala Sinf\u00f3nica por Tabasco<\/strong> a partir de las 20:00 horas.<\/p>\n\n\n\n<p class=\"wp-block-paragraph\">La agrupaci\u00f3n, heredera de la hist\u00f3rica Banda de M\u00fasica de Tabasco, cuenta con <strong>m\u00e1s de 120 a\u00f1os de trayectoria<\/strong> y actualmente atraviesa una nueva etapa como banda sinf\u00f3nica, llevando su propuesta musical a diferentes municipios de la entidad.<\/p>\n\n\n\n<p class=\"wp-block-paragraph\">Con su presentaci\u00f3n en Para\u00edso, la agrupaci\u00f3n llegar\u00e1 a <strong>11 municipios recorridos<\/strong> durante esta gira, como parte de una estrategia para acercar espect\u00e1culos culturales a las comunidades tabasque\u00f1as.<\/p>\n\n\n\n<figure class=\"wp-block-image size-large\"><img loading=\"lazy\" decoding=\"async\" width=\"1024\" height=\"682\" src=\"https:\/\/reporterosdelsur.org\/diario\/wp-content\/uploads\/2026\/09\/Musica-4-1024x682.jpeg\" alt=\"\" class=\"wp-image-58691\" srcset=\"https:\/\/reporterosdelsur.org\/diario\/wp-content\/uploads\/2026\/09\/Musica-4-1024x682.jpeg 1024w, https:\/\/reporterosdelsur.org\/diario\/wp-content\/uploads\/2026\/09\/Musica-4-300x200.jpeg 300w, https:\/\/reporterosdelsur.org\/diario\/wp-content\/uploads\/2026\/09\/Musica-4-768x512.jpeg 768w, https:\/\/reporterosdelsur.org\/diario\/wp-content\/uploads\/2026\/09\/Musica-4-1536x1023.jpeg 1536w, https:\/\/reporterosdelsur.org\/diario\/wp-content\/uploads\/2026\/09\/Musica-4-1200x800.jpeg 1200w, https:\/\/reporterosdelsur.org\/diario\/wp-content\/uploads\/2026\/09\/Musica-4-465x310.jpeg 465w, https:\/\/reporterosdelsur.org\/diario\/wp-content\/uploads\/2026\/09\/Musica-4-695x463.jpeg 695w, https:\/\/reporterosdelsur.org\/diario\/wp-content\/uploads\/2026\/09\/Musica-4.jpeg 1600w\" sizes=\"auto, (max-width: 1024px) 100vw, 1024px\" \/><\/figure>\n\n\n\n<p class=\"wp-block-paragraph\">El concierto contempla un repertorio amplio y diverso, dise\u00f1ado para reunir a distintas generaciones. El programa incluir\u00e1 piezas de m\u00fasica sinf\u00f3nica, temas emblem\u00e1ticos del cine y cl\u00e1sicos como <em>Historia de Amor<\/em>, adem\u00e1s de canciones del reconocido compositor e int\u00e9rprete <strong>Juan Gabriel<\/strong>.<\/p>\n\n\n\n<p class=\"wp-block-paragraph\">La agrupaci\u00f3n tambi\u00e9n dedicar\u00e1 un segmento al universo musical de <strong>Michael Jackson<\/strong>, con una selecci\u00f3n de sus temas m\u00e1s representativos.<\/p>\n\n\n\n<p class=\"wp-block-paragraph\">Como parte del programa, habr\u00e1 adem\u00e1s un espacio para la <strong>m\u00fasica popular tabasque\u00f1a<\/strong>, con lo que la Banda Sinf\u00f3nica busca mantener el v\u00ednculo entre su trayectoria centenaria y las expresiones que forman parte de la identidad cultural de la entidad.<\/p>\n\n\n\n<figure class=\"wp-block-image size-large\"><img loading=\"lazy\" decoding=\"async\" width=\"1024\" height=\"684\" src=\"https:\/\/reporterosdelsur.org\/diario\/wp-content\/uploads\/2026\/09\/Musica-3-1024x684.jpeg\" alt=\"\" class=\"wp-image-58692\" srcset=\"https:\/\/reporterosdelsur.org\/diario\/wp-content\/uploads\/2026\/09\/Musica-3-1024x684.jpeg 1024w, https:\/\/reporterosdelsur.org\/diario\/wp-content\/uploads\/2026\/09\/Musica-3-300x200.jpeg 300w, https:\/\/reporterosdelsur.org\/diario\/wp-content\/uploads\/2026\/09\/Musica-3-768x513.jpeg 768w, https:\/\/reporterosdelsur.org\/diario\/wp-content\/uploads\/2026\/09\/Musica-3-1536x1025.jpeg 1536w, https:\/\/reporterosdelsur.org\/diario\/wp-content\/uploads\/2026\/09\/Musica-3-1200x800.jpeg 1200w, https:\/\/reporterosdelsur.org\/diario\/wp-content\/uploads\/2026\/09\/Musica-3-465x310.jpeg 465w, https:\/\/reporterosdelsur.org\/diario\/wp-content\/uploads\/2026\/09\/Musica-3-695x464.jpeg 695w, https:\/\/reporterosdelsur.org\/diario\/wp-content\/uploads\/2026\/09\/Musica-3.jpeg 1600w\" sizes=\"auto, (max-width: 1024px) 100vw, 1024px\" \/><\/figure>\n\n\n\n<h3 class=\"wp-block-heading\">M\u00fasica para las comunidades<\/h3>\n\n\n\n<p class=\"wp-block-paragraph\">La realizaci\u00f3n de conciertos en parques y plazas p\u00fablicas responde a la estrategia del Gobierno de Tabasco, encabezado por <strong>Javier May Rodr\u00edguez<\/strong>, de acercar las expresiones art\u00edsticas a la poblaci\u00f3n y convertir los espacios p\u00fablicos en puntos de encuentro, convivencia y acceso a la cultura.<\/p>\n\n\n\n<p class=\"wp-block-paragraph\">Bajo esta visi\u00f3n, la actividad musical sale de los recintos tradicionales para llegar directamente a las comunidades y permitir que familias de los municipios disfruten de espect\u00e1culos culturales de calidad.<\/p>\n\n\n\n<figure class=\"wp-block-image size-large\"><img loading=\"lazy\" decoding=\"async\" width=\"1024\" height=\"682\" src=\"https:\/\/reporterosdelsur.org\/diario\/wp-content\/uploads\/2026\/09\/Musica-2-1024x682.jpeg\" alt=\"\" class=\"wp-image-58693\" srcset=\"https:\/\/reporterosdelsur.org\/diario\/wp-content\/uploads\/2026\/09\/Musica-2-1024x682.jpeg 1024w, https:\/\/reporterosdelsur.org\/diario\/wp-content\/uploads\/2026\/09\/Musica-2-300x200.jpeg 300w, https:\/\/reporterosdelsur.org\/diario\/wp-content\/uploads\/2026\/09\/Musica-2-768x512.jpeg 768w, https:\/\/reporterosdelsur.org\/diario\/wp-content\/uploads\/2026\/09\/Musica-2-1536x1023.jpeg 1536w, https:\/\/reporterosdelsur.org\/diario\/wp-content\/uploads\/2026\/09\/Musica-2-1200x800.jpeg 1200w, https:\/\/reporterosdelsur.org\/diario\/wp-content\/uploads\/2026\/09\/Musica-2-465x310.jpeg 465w, https:\/\/reporterosdelsur.org\/diario\/wp-content\/uploads\/2026\/09\/Musica-2-695x463.jpeg 695w, https:\/\/reporterosdelsur.org\/diario\/wp-content\/uploads\/2026\/09\/Musica-2.jpeg 1600w\" sizes=\"auto, (max-width: 1024px) 100vw, 1024px\" \/><\/figure>\n\n\n\n<p class=\"wp-block-paragraph\">La <strong>Gala Sinf\u00f3nica por Tabasco<\/strong> forma parte de esta pol\u00edtica de descentralizaci\u00f3n de las actividades art\u00edsticas, con la intenci\u00f3n de ampliar el acceso a la cultura y fortalecer el reconocimiento del talento local y de las expresiones que dan identidad al estado.<\/p>\n\n\n\n<p class=\"wp-block-paragraph\">La cita ser\u00e1 <strong>este s\u00e1bado 5 de septiembre a las 20:00 horas en el Parque Central de Para\u00edso<\/strong>, con <strong>entrada libre para el p\u00fablico<\/strong>.<\/p>\n\n\n\n<p class=\"wp-block-paragraph\">M\u00e1s de un siglo despu\u00e9s de sus primeros acordes, la m\u00fasica de Tabasco contin\u00faa presente en sus plazas, parques y comunidades, acerc\u00e1ndose a nuevas generaciones y manteniendo vigente una tradici\u00f3n que forma parte de la historia cultural de la entidad.<\/p>\n","protected":false},"excerpt":{"rendered":"<p>El Parque Central ser\u00e1 sede del concierto a las 20:00 horas, con un repertorio que incluir\u00e1 m\u00fasica de cine, Juan Gabriel, Michael Jackson y piezas de la tradici\u00f3n popular tabasque\u00f1a. Para\u00edso, Tab.\u2014 El Parque Central de Para\u00edso se convertir\u00e1 este s\u00e1bado 5 de septiembre en escenario de una noche dedicada<span class=\"more-link theme-more-link\"><a href=\"https:\/\/reporterosdelsur.org\/diario\/2026\/09\/banda-sinfonica-de-tabasco-ofrecera-gala-sinfonica-este-sabado-en-paraiso\/\">Leer Nota Complete<\/a><\/span><\/p>\n","protected":false},"author":1,"featured_media":58690,"comment_status":"open","ping_status":"open","sticky":false,"template":"","format":"standard","meta":{"footnotes":"","jetpack_publicize_message":"","jetpack_publicize_feature_enabled":true,"jetpack_social_post_already_shared":true,"jetpack_social_options":{"image_generator_settings":{"template":"highway","default_image_id":0,"font":"","enabled":false},"version":2}},"categories":[10],"tags":[58,1693,38,411,333,35],"class_list":["entry","author-admin","post-58689","post","type-post","status-publish","format-standard","has-post-thumbnail","category-cultura","tag-cultura","tag-musica-2","tag-noticias","tag-paraiso","tag-seguridad","tag-tabasco"],"jetpack_publicize_connections":[],"featured_image_urls":{"full":["https:\/\/reporterosdelsur.org\/diario\/wp-content\/uploads\/2026\/09\/Musica-1.jpeg",1600,1066,false],"thumbnail":["https:\/\/reporterosdelsur.org\/diario\/wp-content\/uploads\/2026\/09\/Musica-1-150x150.jpeg",150,150,true],"medium":["https:\/\/reporterosdelsur.org\/diario\/wp-content\/uploads\/2026\/09\/Musica-1-300x200.jpeg",300,200,true],"medium_large":["https:\/\/reporterosdelsur.org\/diario\/wp-content\/uploads\/2026\/09\/Musica-1-768x512.jpeg",768,512,true],"large":["https:\/\/reporterosdelsur.org\/diario\/wp-content\/uploads\/2026\/09\/Musica-1-1024x682.jpeg",1024,682,true],"1536x1536":["https:\/\/reporterosdelsur.org\/diario\/wp-content\/uploads\/2026\/09\/Musica-1-1536x1023.jpeg",1536,1023,true],"2048x2048":["https:\/\/reporterosdelsur.org\/diario\/wp-content\/uploads\/2026\/09\/Musica-1.jpeg",1600,1066,false],"ultp_layout_landscape_large":["https:\/\/reporterosdelsur.org\/diario\/wp-content\/uploads\/2026\/09\/Musica-1-1200x800.jpeg",1200,800,true],"ultp_layout_landscape":["https:\/\/reporterosdelsur.org\/diario\/wp-content\/uploads\/2026\/09\/Musica-1-870x570.jpeg",870,570,true],"ultp_layout_portrait":["https:\/\/reporterosdelsur.org\/diario\/wp-content\/uploads\/2026\/09\/Musica-1-600x900.jpeg",600,900,true],"ultp_layout_square":["https:\/\/reporterosdelsur.org\/diario\/wp-content\/uploads\/2026\/09\/Musica-1-600x600.jpeg",600,600,true],"hoot-medium-thumb":["https:\/\/reporterosdelsur.org\/diario\/wp-content\/uploads\/2026\/09\/Musica-1-460x400.jpeg",460,400,true],"hoot-preview":["https:\/\/reporterosdelsur.org\/diario\/wp-content\/uploads\/2026\/09\/Musica-1-465x310.jpeg",465,310,true],"hoot-preview-thumb":["https:\/\/reporterosdelsur.org\/diario\/wp-content\/uploads\/2026\/09\/Musica-1-465x550.jpeg",465,550,true],"hoot-large-thumb":["https:\/\/reporterosdelsur.org\/diario\/wp-content\/uploads\/2026\/09\/Musica-1-690x550.jpeg",690,550,true],"hoot-preview-large":["https:\/\/reporterosdelsur.org\/diario\/wp-content\/uploads\/2026\/09\/Musica-1-695x463.jpeg",695,463,true],"hoot-wide-thumb":["https:\/\/reporterosdelsur.org\/diario\/wp-content\/uploads\/2026\/09\/Musica-1-920x425.jpeg",920,425,true],"hoot-extra-wide-thumb":["https:\/\/reporterosdelsur.org\/diario\/wp-content\/uploads\/2026\/09\/Musica-1-1035x425.jpeg",1035,425,true]},"author_info":{"display_name":"Reporteros del Sur","author_link":"https:\/\/reporterosdelsur.org\/diario\/author\/admin\/"},"category_info":"<a href=\"https:\/\/reporterosdelsur.org\/diario\/category\/cultura\/\" rel=\"category tag\">Cultura<\/a>","tag_info":"Cultura","comment_count":"0","_links":{"self":[{"href":"https:\/\/reporterosdelsur.org\/diario\/wp-json\/wp\/v2\/posts\/58689","targetHints":{"allow":["GET"]}}],"collection":[{"href":"https:\/\/reporterosdelsur.org\/diario\/wp-json\/wp\/v2\/posts"}],"about":[{"href":"https:\/\/reporterosdelsur.org\/diario\/wp-json\/wp\/v2\/types\/post"}],"author":[{"embeddable":true,"href":"https:\/\/reporterosdelsur.org\/diario\/wp-json\/wp\/v2\/users\/1"}],"replies":[{"embeddable":true,"href":"https:\/\/reporterosdelsur.org\/diario\/wp-json\/wp\/v2\/comments?post=58689"}],"version-history":[{"count":1,"href":"https:\/\/reporterosdelsur.org\/diario\/wp-json\/wp\/v2\/posts\/58689\/revisions"}],"predecessor-version":[{"id":58694,"href":"https:\/\/reporterosdelsur.org\/diario\/wp-json\/wp\/v2\/posts\/58689\/revisions\/58694"}],"wp:featuredmedia":[{"embeddable":true,"href":"https:\/\/reporterosdelsur.org\/diario\/wp-json\/wp\/v2\/media\/58690"}],"wp:attachment":[{"href":"https:\/\/reporterosdelsur.org\/diario\/wp-json\/wp\/v2\/media?parent=58689"}],"wp:term":[{"taxonomy":"category","embeddable":true,"href":"https:\/\/reporterosdelsur.org\/diario\/wp-json\/wp\/v2\/categories?post=58689"},{"taxonomy":"post_tag","embeddable":true,"href":"https:\/\/reporterosdelsur.org\/diario\/wp-json\/wp\/v2\/tags?post=58689"}],"curies":[{"name":"wp","href":"https:\/\/api.w.org\/{rel}","templated":true}]}}