{"id":58684,"date":"2026-09-01T05:47:34","date_gmt":"2026-09-01T11:47:34","guid":{"rendered":"https:\/\/reporterosdelsur.org\/diario\/?p=58684"},"modified":"2026-09-01T05:47:38","modified_gmt":"2026-09-01T11:47:38","slug":"renuevan-estructura-del-observatorio-de-participacion-politica-de-las-mujeres-en-tabasco","status":"publish","type":"post","link":"https:\/\/reporterosdelsur.org\/diario\/2026\/09\/renuevan-estructura-del-observatorio-de-participacion-politica-de-las-mujeres-en-tabasco\/","title":{"rendered":"Renuevan estructura del Observatorio de Participaci\u00f3n Pol\u00edtica de las Mujeres en Tabasco"},"content":{"rendered":"\n<p class=\"wp-block-paragraph\"><strong>Claudia Maga\u00f1a Lugo asumi\u00f3 la presidencia del organismo, que incorpor\u00f3 a la Fiscal\u00eda Especializada en Delitos Electorales como integrante permanente para reforzar la prevenci\u00f3n y atenci\u00f3n de la violencia pol\u00edtica de g\u00e9nero.<\/strong><\/p>\n\n\n\n<p class=\"wp-block-paragraph\"><strong>Villahermosa, Tab.\u2014<\/strong> Con el prop\u00f3sito de fortalecer la participaci\u00f3n de las mujeres en los espacios de toma de decisiones p\u00fablicas y combatir la violencia pol\u00edtica en raz\u00f3n de g\u00e9nero, este lunes se llev\u00f3 a cabo la renovaci\u00f3n de la estructura operativa del <strong>Observatorio de Participaci\u00f3n Pol\u00edtica de las Mujeres de Tabasco<\/strong>.<\/p>\n\n\n\n<p class=\"wp-block-paragraph\">Durante una sesi\u00f3n solemne se aprob\u00f3 y tom\u00f3 protesta a la nueva integraci\u00f3n del organismo, cuya presidencia qued\u00f3 a cargo de <strong>Claudia Maga\u00f1a Lugo<\/strong>, directora general del Instituto Estatal de las Mujeres (IEM).<\/p>\n\n\n\n<figure class=\"wp-block-image size-large\"><img loading=\"lazy\" decoding=\"async\" width=\"1024\" height=\"710\" src=\"https:\/\/reporterosdelsur.org\/diario\/wp-content\/uploads\/2026\/09\/IEM-2-1024x710.jpg\" alt=\"\" class=\"wp-image-58686\" srcset=\"https:\/\/reporterosdelsur.org\/diario\/wp-content\/uploads\/2026\/09\/IEM-2-1024x710.jpg 1024w, https:\/\/reporterosdelsur.org\/diario\/wp-content\/uploads\/2026\/09\/IEM-2-300x208.jpg 300w, https:\/\/reporterosdelsur.org\/diario\/wp-content\/uploads\/2026\/09\/IEM-2-768x533.jpg 768w, https:\/\/reporterosdelsur.org\/diario\/wp-content\/uploads\/2026\/09\/IEM-2-1536x1066.jpg 1536w, https:\/\/reporterosdelsur.org\/diario\/wp-content\/uploads\/2026\/09\/IEM-2-465x323.jpg 465w, https:\/\/reporterosdelsur.org\/diario\/wp-content\/uploads\/2026\/09\/IEM-2-695x482.jpg 695w, https:\/\/reporterosdelsur.org\/diario\/wp-content\/uploads\/2026\/09\/IEM-2.jpg 1600w\" sizes=\"auto, (max-width: 1024px) 100vw, 1024px\" \/><\/figure>\n\n\n\n<p class=\"wp-block-paragraph\">La magistrada del Tribunal Electoral de Tabasco (TET), <strong>Enedina Ju\u00e1rez<\/strong>, asumi\u00f3 la Secretar\u00eda T\u00e9cnica, mientras que <strong>Elizabeth Nava Guti\u00e9rrez<\/strong>, consejera presidenta del Instituto Electoral y de Participaci\u00f3n Ciudadana de Tabasco (IEPCT), ocupar\u00e1 la Direcci\u00f3n Ejecutiva.<\/p>\n\n\n\n<p class=\"wp-block-paragraph\">Como parte de la nueva conformaci\u00f3n, tambi\u00e9n se aprob\u00f3 la incorporaci\u00f3n de la <strong>Fiscal\u00eda Especializada en Delitos Electorales (FEDE)<\/strong> como integrante permanente del Observatorio. Su titular, <strong>Armando Rodr\u00edguez C\u00f3rdova<\/strong>, asumi\u00f3 la vocal\u00eda.<\/p>\n\n\n\n<p class=\"wp-block-paragraph\">Durante la sesi\u00f3n, Elizabeth Nava present\u00f3 un informe sobre las acciones desarrolladas durante su gesti\u00f3n al frente del Observatorio, correspondiente al periodo 2024-2026, y destac\u00f3 la incorporaci\u00f3n de la FEDE como un elemento para fortalecer el trabajo interinstitucional.<\/p>\n\n\n\n<p class=\"wp-block-paragraph\">\u201cEn nuestro quehacer cotidiano identificamos retos y necesidades, por ello la renovaci\u00f3n y el fortalecimiento del Observatorio\u201d, se\u00f1al\u00f3, al plantear la necesidad de una adecuaci\u00f3n normativa integral y una mayor coordinaci\u00f3n institucional.<\/p>\n\n\n\n<figure class=\"wp-block-image size-large\"><img loading=\"lazy\" decoding=\"async\" width=\"1024\" height=\"682\" src=\"https:\/\/reporterosdelsur.org\/diario\/wp-content\/uploads\/2026\/09\/IEM-3-1024x682.jpg\" alt=\"\" class=\"wp-image-58687\" srcset=\"https:\/\/reporterosdelsur.org\/diario\/wp-content\/uploads\/2026\/09\/IEM-3-1024x682.jpg 1024w, https:\/\/reporterosdelsur.org\/diario\/wp-content\/uploads\/2026\/09\/IEM-3-300x200.jpg 300w, https:\/\/reporterosdelsur.org\/diario\/wp-content\/uploads\/2026\/09\/IEM-3-768x512.jpg 768w, https:\/\/reporterosdelsur.org\/diario\/wp-content\/uploads\/2026\/09\/IEM-3-1536x1023.jpg 1536w, https:\/\/reporterosdelsur.org\/diario\/wp-content\/uploads\/2026\/09\/IEM-3-1200x800.jpg 1200w, https:\/\/reporterosdelsur.org\/diario\/wp-content\/uploads\/2026\/09\/IEM-3-465x310.jpg 465w, https:\/\/reporterosdelsur.org\/diario\/wp-content\/uploads\/2026\/09\/IEM-3-695x463.jpg 695w, https:\/\/reporterosdelsur.org\/diario\/wp-content\/uploads\/2026\/09\/IEM-3.jpg 1600w\" sizes=\"auto, (max-width: 1024px) 100vw, 1024px\" \/><\/figure>\n\n\n\n<p class=\"wp-block-paragraph\">Nava sostuvo que la participaci\u00f3n permanente de la Fiscal\u00eda Especializada en Delitos Electorales permitir\u00e1 ampliar las alianzas para prevenir y combatir las agresiones contra mujeres que participan en la vida pol\u00edtica.<\/p>\n\n\n\n<h3 class=\"wp-block-heading\">Llaman a cerrar brechas de g\u00e9nero<\/h3>\n\n\n\n<p class=\"wp-block-paragraph\">Al asumir la presidencia del Observatorio, Claudia Maga\u00f1a Lugo reconoci\u00f3 que la <strong>violencia pol\u00edtica contra las mujeres en raz\u00f3n de g\u00e9nero contin\u00faa siendo uno de los principales obst\u00e1culos<\/strong> para alcanzar una participaci\u00f3n plena e igualitaria en la vida p\u00fablica.<\/p>\n\n\n\n<p class=\"wp-block-paragraph\">La funcionaria se comprometi\u00f3 a impulsar un trabajo cercano, plural e interinstitucional que tome en cuenta las distintas realidades de las mujeres tabasque\u00f1as.<\/p>\n\n\n\n<p class=\"wp-block-paragraph\">Subray\u00f3 que deber\u00e1n ser consideradas las condiciones particulares que enfrentan <strong>mujeres ind\u00edgenas, rurales, j\u00f3venes, con discapacidad y adultas mayores<\/strong>, entre otros sectores que hist\u00f3ricamente han enfrentado mayores barreras para acceder a espacios de decisi\u00f3n.<\/p>\n\n\n\n<p class=\"wp-block-paragraph\">Maga\u00f1a Lugo se\u00f1al\u00f3 que la nueva etapa del Observatorio estar\u00e1 orientada a fortalecer las acciones para garantizar una participaci\u00f3n pol\u00edtica igualitaria, incluyente y libre de violencia.<\/p>\n\n\n\n<p class=\"wp-block-paragraph\">Por su parte, la magistrada Enedina Ju\u00e1rez y el fiscal especializado Armando Rodr\u00edguez C\u00f3rdova destacaron la importancia de sumar esfuerzos institucionales para reducir las brechas de g\u00e9nero y generar condiciones que permitan a las mujeres ejercer plenamente sus derechos pol\u00edtico-electorales.<\/p>\n\n\n\n<p class=\"wp-block-paragraph\">Al encuentro acudieron integrantes de colectivos feministas y aliados estrat\u00e9gicos del Observatorio, quienes acompa\u00f1aron el proceso de transici\u00f3n de la nueva directiva.<\/p>\n\n\n\n<p class=\"wp-block-paragraph\">Con esta renovaci\u00f3n, las instituciones participantes refrendaron su intenci\u00f3n de fortalecer la coordinaci\u00f3n para prevenir, visibilizar y combatir la violencia pol\u00edtica de g\u00e9nero, as\u00ed como impulsar una mayor presencia y liderazgo de las mujeres en la vida p\u00fablica de Tabasco.<\/p>\n","protected":false},"excerpt":{"rendered":"<p>Claudia Maga\u00f1a Lugo asumi\u00f3 la presidencia del organismo, que incorpor\u00f3 a la Fiscal\u00eda Especializada en Delitos Electorales como integrante permanente para reforzar la prevenci\u00f3n y atenci\u00f3n de la violencia pol\u00edtica de g\u00e9nero. Villahermosa, Tab.\u2014 Con el prop\u00f3sito de fortalecer la participaci\u00f3n de las mujeres en los espacios de toma de<span class=\"more-link theme-more-link\"><a href=\"https:\/\/reporterosdelsur.org\/diario\/2026\/09\/renuevan-estructura-del-observatorio-de-participacion-politica-de-las-mujeres-en-tabasco\/\">Leer Nota Complete<\/a><\/span><\/p>\n","protected":false},"author":1,"featured_media":58685,"comment_status":"open","ping_status":"open","sticky":false,"template":"","format":"standard","meta":{"footnotes":"","jetpack_publicize_message":"","jetpack_publicize_feature_enabled":true,"jetpack_social_post_already_shared":true,"jetpack_social_options":{"image_generator_settings":{"template":"highway","default_image_id":0,"font":"","enabled":false},"version":2}},"categories":[2],"tags":[1375,353,383,271,384,38,35,441,1443],"class_list":["entry","author-admin","post-58684","post","type-post","status-publish","format-standard","has-post-thumbnail","category-tabasco","tag-eleccion-2027","tag-elecciones","tag-iem","tag-iepct","tag-mujeres","tag-noticias","tag-tabasco","tag-violencia","tag-violencia-a-mujeres"],"jetpack_publicize_connections":[],"featured_image_urls":{"full":["https:\/\/reporterosdelsur.org\/diario\/wp-content\/uploads\/2026\/09\/IEM.jpg",1600,1066,false],"thumbnail":["https:\/\/reporterosdelsur.org\/diario\/wp-content\/uploads\/2026\/09\/IEM-150x150.jpg",150,150,true],"medium":["https:\/\/reporterosdelsur.org\/diario\/wp-content\/uploads\/2026\/09\/IEM-300x200.jpg",300,200,true],"medium_large":["https:\/\/reporterosdelsur.org\/diario\/wp-content\/uploads\/2026\/09\/IEM-768x512.jpg",768,512,true],"large":["https:\/\/reporterosdelsur.org\/diario\/wp-content\/uploads\/2026\/09\/IEM-1024x682.jpg",1024,682,true],"1536x1536":["https:\/\/reporterosdelsur.org\/diario\/wp-content\/uploads\/2026\/09\/IEM-1536x1023.jpg",1536,1023,true],"2048x2048":["https:\/\/reporterosdelsur.org\/diario\/wp-content\/uploads\/2026\/09\/IEM.jpg",1600,1066,false],"ultp_layout_landscape_large":["https:\/\/reporterosdelsur.org\/diario\/wp-content\/uploads\/2026\/09\/IEM-1200x800.jpg",1200,800,true],"ultp_layout_landscape":["https:\/\/reporterosdelsur.org\/diario\/wp-content\/uploads\/2026\/09\/IEM-870x570.jpg",870,570,true],"ultp_layout_portrait":["https:\/\/reporterosdelsur.org\/diario\/wp-content\/uploads\/2026\/09\/IEM-600x900.jpg",600,900,true],"ultp_layout_square":["https:\/\/reporterosdelsur.org\/diario\/wp-content\/uploads\/2026\/09\/IEM-600x600.jpg",600,600,true],"hoot-medium-thumb":["https:\/\/reporterosdelsur.org\/diario\/wp-content\/uploads\/2026\/09\/IEM-460x400.jpg",460,400,true],"hoot-preview":["https:\/\/reporterosdelsur.org\/diario\/wp-content\/uploads\/2026\/09\/IEM-465x310.jpg",465,310,true],"hoot-preview-thumb":["https:\/\/reporterosdelsur.org\/diario\/wp-content\/uploads\/2026\/09\/IEM-465x550.jpg",465,550,true],"hoot-large-thumb":["https:\/\/reporterosdelsur.org\/diario\/wp-content\/uploads\/2026\/09\/IEM-690x550.jpg",690,550,true],"hoot-preview-large":["https:\/\/reporterosdelsur.org\/diario\/wp-content\/uploads\/2026\/09\/IEM-695x463.jpg",695,463,true],"hoot-wide-thumb":["https:\/\/reporterosdelsur.org\/diario\/wp-content\/uploads\/2026\/09\/IEM-920x425.jpg",920,425,true],"hoot-extra-wide-thumb":["https:\/\/reporterosdelsur.org\/diario\/wp-content\/uploads\/2026\/09\/IEM-1035x425.jpg",1035,425,true]},"author_info":{"display_name":"Reporteros del Sur","author_link":"https:\/\/reporterosdelsur.org\/diario\/author\/admin\/"},"category_info":"<a href=\"https:\/\/reporterosdelsur.org\/diario\/category\/tabasco\/\" rel=\"category tag\">Tabasco<\/a>","tag_info":"Tabasco","comment_count":"0","_links":{"self":[{"href":"https:\/\/reporterosdelsur.org\/diario\/wp-json\/wp\/v2\/posts\/58684","targetHints":{"allow":["GET"]}}],"collection":[{"href":"https:\/\/reporterosdelsur.org\/diario\/wp-json\/wp\/v2\/posts"}],"about":[{"href":"https:\/\/reporterosdelsur.org\/diario\/wp-json\/wp\/v2\/types\/post"}],"author":[{"embeddable":true,"href":"https:\/\/reporterosdelsur.org\/diario\/wp-json\/wp\/v2\/users\/1"}],"replies":[{"embeddable":true,"href":"https:\/\/reporterosdelsur.org\/diario\/wp-json\/wp\/v2\/comments?post=58684"}],"version-history":[{"count":1,"href":"https:\/\/reporterosdelsur.org\/diario\/wp-json\/wp\/v2\/posts\/58684\/revisions"}],"predecessor-version":[{"id":58688,"href":"https:\/\/reporterosdelsur.org\/diario\/wp-json\/wp\/v2\/posts\/58684\/revisions\/58688"}],"wp:featuredmedia":[{"embeddable":true,"href":"https:\/\/reporterosdelsur.org\/diario\/wp-json\/wp\/v2\/media\/58685"}],"wp:attachment":[{"href":"https:\/\/reporterosdelsur.org\/diario\/wp-json\/wp\/v2\/media?parent=58684"}],"wp:term":[{"taxonomy":"category","embeddable":true,"href":"https:\/\/reporterosdelsur.org\/diario\/wp-json\/wp\/v2\/categories?post=58684"},{"taxonomy":"post_tag","embeddable":true,"href":"https:\/\/reporterosdelsur.org\/diario\/wp-json\/wp\/v2\/tags?post=58684"}],"curies":[{"name":"wp","href":"https:\/\/api.w.org\/{rel}","templated":true}]}}