{"id":58674,"date":"2026-09-01T05:30:02","date_gmt":"2026-09-01T11:30:02","guid":{"rendered":"https:\/\/reporterosdelsur.org\/diario\/?p=58674"},"modified":"2026-09-01T13:25:50","modified_gmt":"2026-09-01T19:25:50","slug":"detienen-a-11-personas-y-aseguran-casi-1-9-toneladas-de-droga-en-tabasco","status":"publish","type":"post","link":"https:\/\/reporterosdelsur.org\/diario\/2026\/09\/detienen-a-11-personas-y-aseguran-casi-1-9-toneladas-de-droga-en-tabasco\/","title":{"rendered":"Detienen a 11 personas y aseguran casi 1.9 toneladas de droga en Tabasco"},"content":{"rendered":"\n<p class=\"wp-block-paragraph\"><strong>El Gabinete de Seguridad report\u00f3 acciones coordinadas de la FIRT Olmeca del 28 al 30 de agosto, con decomisos de marihuana, metanfetamina, armas, veh\u00edculos y motocicletas en distintos municipios.<\/strong><\/p>\n\n\n\n<p class=\"wp-block-paragraph\"><strong>Villahermosa, Tab.\u2014<\/strong> Un total de <strong>11 personas fueron detenidas<\/strong> y se aseguraron diversas cantidades de droga, armas de fuego, veh\u00edculos y otros indicios relacionados con actividades il\u00edcitas, como parte de los operativos realizados por el Gabinete de Seguridad de Tabasco del 28 al 30 de agosto de 2026.<\/p>\n\n\n\n<p class=\"wp-block-paragraph\">Las acciones fueron desplegadas por la <strong>Fuerza Interinstitucional de Reacci\u00f3n T\u00e1ctica (FIRT) Olmeca<\/strong>, como parte de la estrategia permanente para fortalecer la seguridad y combatir las actividades delictivas en la entidad.<\/p>\n\n\n\n<p class=\"wp-block-paragraph\">Entre los resultados m\u00e1s relevantes destaca un operativo realizado en el municipio de <strong>Huimanguillo<\/strong>, donde elementos de la Polic\u00eda Federal Ministerial (PFM) de la Fiscal\u00eda General de la Rep\u00fablica (FGR) detuvieron a un hombre al que le fueron asegurados <strong>mil 822 kilogramos de marihuana y 81.71 kilogramos de metanfetamina<\/strong>.<\/p>\n\n\n\n<figure class=\"wp-block-image size-large\"><img loading=\"lazy\" decoding=\"async\" width=\"1024\" height=\"702\" src=\"https:\/\/reporterosdelsur.org\/diario\/wp-content\/uploads\/2026\/09\/SSP-1-1024x702.jpeg\" alt=\"\" class=\"wp-image-58676\" srcset=\"https:\/\/reporterosdelsur.org\/diario\/wp-content\/uploads\/2026\/09\/SSP-1-1024x702.jpeg 1024w, https:\/\/reporterosdelsur.org\/diario\/wp-content\/uploads\/2026\/09\/SSP-1-300x206.jpeg 300w, https:\/\/reporterosdelsur.org\/diario\/wp-content\/uploads\/2026\/09\/SSP-1-768x527.jpeg 768w, https:\/\/reporterosdelsur.org\/diario\/wp-content\/uploads\/2026\/09\/SSP-1-1536x1053.jpeg 1536w, https:\/\/reporterosdelsur.org\/diario\/wp-content\/uploads\/2026\/09\/SSP-1-465x319.jpeg 465w, https:\/\/reporterosdelsur.org\/diario\/wp-content\/uploads\/2026\/09\/SSP-1-695x477.jpeg 695w, https:\/\/reporterosdelsur.org\/diario\/wp-content\/uploads\/2026\/09\/SSP-1.jpeg 1600w\" sizes=\"auto, (max-width: 1024px) 100vw, 1024px\" \/><\/figure>\n\n\n\n<p class=\"wp-block-paragraph\">Durante esta intervenci\u00f3n tambi\u00e9n fueron decomisados dinero en efectivo, 10 tickets con la leyenda \u201cplaza de cobro\u201d, dos tel\u00e9fonos celulares y el veh\u00edculo utilizado presuntamente para transportar las sustancias.<\/p>\n\n\n\n<h3 class=\"wp-block-heading\">Cumplimentan \u00f3rdenes de aprehensi\u00f3n<\/h3>\n\n\n\n<p class=\"wp-block-paragraph\">En otras acciones, agentes ministeriales de la FGR cumplimentaron \u00f3rdenes de aprehensi\u00f3n contra <strong>Jes\u00fas \u201cN\u201d e Ismael \u201cN\u201d<\/strong>, por su probable responsabilidad en el delito de tortura.<\/p>\n\n\n\n<p class=\"wp-block-paragraph\">Los operativos para ejecutar dichas \u00f3rdenes se llevaron a cabo en los municipios de <strong>Para\u00edso y Centro<\/strong>, respectivamente.<\/p>\n\n\n\n<figure class=\"wp-block-image size-large\"><img loading=\"lazy\" decoding=\"async\" width=\"1024\" height=\"575\" src=\"https:\/\/reporterosdelsur.org\/diario\/wp-content\/uploads\/2026\/09\/SSP-4-1024x575.jpeg\" alt=\"\" class=\"wp-image-58677\" srcset=\"https:\/\/reporterosdelsur.org\/diario\/wp-content\/uploads\/2026\/09\/SSP-4-1024x575.jpeg 1024w, https:\/\/reporterosdelsur.org\/diario\/wp-content\/uploads\/2026\/09\/SSP-4-300x168.jpeg 300w, https:\/\/reporterosdelsur.org\/diario\/wp-content\/uploads\/2026\/09\/SSP-4-768x431.jpeg 768w, https:\/\/reporterosdelsur.org\/diario\/wp-content\/uploads\/2026\/09\/SSP-4-1536x862.jpeg 1536w, https:\/\/reporterosdelsur.org\/diario\/wp-content\/uploads\/2026\/09\/SSP-4-465x261.jpeg 465w, https:\/\/reporterosdelsur.org\/diario\/wp-content\/uploads\/2026\/09\/SSP-4-695x390.jpeg 695w, https:\/\/reporterosdelsur.org\/diario\/wp-content\/uploads\/2026\/09\/SSP-4.jpeg 1600w\" sizes=\"auto, (max-width: 1024px) 100vw, 1024px\" \/><\/figure>\n\n\n\n<p class=\"wp-block-paragraph\">Asimismo, las autoridades reportaron sentencias condenatorias contra tres personas por el delito de portaci\u00f3n de arma de fuego de uso exclusivo del Ej\u00e9rcito, Armada y Fuerza A\u00e9rea.<\/p>\n\n\n\n<p class=\"wp-block-paragraph\"><strong>Jes\u00fas \u201cN\u201d<\/strong> recibi\u00f3 una pena de <strong>5 a\u00f1os, 11 meses y 4 d\u00edas de prisi\u00f3n<\/strong>; mientras que <strong>Octavio \u201cN\u201d<\/strong> fue sentenciado a 2 a\u00f1os y <strong>Jos\u00e9 \u201cN\u201d<\/strong> a 4 a\u00f1os, 5 meses y 10 d\u00edas de prisi\u00f3n.<\/p>\n\n\n\n<h3 class=\"wp-block-heading\">Revisan centros penitenciarios<\/h3>\n\n\n\n<p class=\"wp-block-paragraph\">Como parte del operativo <strong>\u201cC\u00e1rcel Segura\u201d<\/strong>, las autoridades realizaron revisiones a <strong>260 personas privadas de la libertad<\/strong> en centros penitenciarios de la entidad, donde fueron localizados y asegurados diversos objetos prohibidos.<\/p>\n\n\n\n<figure class=\"wp-block-image size-large\"><img loading=\"lazy\" decoding=\"async\" width=\"1024\" height=\"574\" src=\"https:\/\/reporterosdelsur.org\/diario\/wp-content\/uploads\/2026\/09\/SSP-3-1024x574.jpeg\" alt=\"\" class=\"wp-image-58678\" srcset=\"https:\/\/reporterosdelsur.org\/diario\/wp-content\/uploads\/2026\/09\/SSP-3-1024x574.jpeg 1024w, https:\/\/reporterosdelsur.org\/diario\/wp-content\/uploads\/2026\/09\/SSP-3-300x168.jpeg 300w, https:\/\/reporterosdelsur.org\/diario\/wp-content\/uploads\/2026\/09\/SSP-3-768x431.jpeg 768w, https:\/\/reporterosdelsur.org\/diario\/wp-content\/uploads\/2026\/09\/SSP-3-1536x861.jpeg 1536w, https:\/\/reporterosdelsur.org\/diario\/wp-content\/uploads\/2026\/09\/SSP-3-465x261.jpeg 465w, https:\/\/reporterosdelsur.org\/diario\/wp-content\/uploads\/2026\/09\/SSP-3-695x390.jpeg 695w, https:\/\/reporterosdelsur.org\/diario\/wp-content\/uploads\/2026\/09\/SSP-3.jpeg 1600w\" sizes=\"auto, (max-width: 1024px) 100vw, 1024px\" \/><\/figure>\n\n\n\n<p class=\"wp-block-paragraph\">En materia de prevenci\u00f3n y proximidad social, la FIRT Olmeca despleg\u00f3 acciones de vigilancia en diferentes municipios.<\/p>\n\n\n\n<p class=\"wp-block-paragraph\">Tan solo en <strong>Centro<\/strong>, fueron inspeccionados <strong>646 veh\u00edculos y 626 motocicletas<\/strong>, adem\u00e1s de revisarse a mil 121 personas y entrevistarse a mil 145.<\/p>\n\n\n\n<p class=\"wp-block-paragraph\">De manera paralela, en <strong>Comalcalco, Cunduac\u00e1n, Huimanguillo y Jalpa de M\u00e9ndez<\/strong>, las corporaciones fortalecieron las labores preventivas, con la inspecci\u00f3n de 155 veh\u00edculos y 215 motocicletas, as\u00ed como la revisi\u00f3n de 255 personas y entrevistas a otras 270.<\/p>\n\n\n\n<figure class=\"wp-block-image size-large\"><img loading=\"lazy\" decoding=\"async\" width=\"1024\" height=\"566\" src=\"https:\/\/reporterosdelsur.org\/diario\/wp-content\/uploads\/2026\/09\/SSP-2-1024x566.jpeg\" alt=\"\" class=\"wp-image-58679\" srcset=\"https:\/\/reporterosdelsur.org\/diario\/wp-content\/uploads\/2026\/09\/SSP-2-1024x566.jpeg 1024w, https:\/\/reporterosdelsur.org\/diario\/wp-content\/uploads\/2026\/09\/SSP-2-300x166.jpeg 300w, https:\/\/reporterosdelsur.org\/diario\/wp-content\/uploads\/2026\/09\/SSP-2-768x424.jpeg 768w, https:\/\/reporterosdelsur.org\/diario\/wp-content\/uploads\/2026\/09\/SSP-2-1536x849.jpeg 1536w, https:\/\/reporterosdelsur.org\/diario\/wp-content\/uploads\/2026\/09\/SSP-2-465x257.jpeg 465w, https:\/\/reporterosdelsur.org\/diario\/wp-content\/uploads\/2026\/09\/SSP-2-695x384.jpeg 695w, https:\/\/reporterosdelsur.org\/diario\/wp-content\/uploads\/2026\/09\/SSP-2.jpeg 1600w\" sizes=\"auto, (max-width: 1024px) 100vw, 1024px\" \/><\/figure>\n\n\n\n<p class=\"wp-block-paragraph\">El Gabinete de Seguridad reiter\u00f3 que mantendr\u00e1 la coordinaci\u00f3n entre las instituciones que participan en la estrategia, adem\u00e1s de fortalecer las labores de inteligencia e investigaci\u00f3n para combatir de manera frontal las actividades il\u00edcitas.<\/p>\n\n\n\n<p class=\"wp-block-paragraph\">Las autoridades se\u00f1alaron que estas acciones tienen como finalidad preservar <strong>la paz, el Estado de Derecho y la seguridad de las familias tabasque\u00f1as<\/strong>.<\/p>\n","protected":false},"excerpt":{"rendered":"<p>El Gabinete de Seguridad report\u00f3 acciones coordinadas de la FIRT Olmeca del 28 al 30 de agosto, con decomisos de marihuana, metanfetamina, armas, veh\u00edculos y motocicletas en distintos municipios. Villahermosa, Tab.\u2014 Un total de 11 personas fueron detenidas y se aseguraron diversas cantidades de droga, armas de fuego, veh\u00edculos y<span class=\"more-link theme-more-link\"><a href=\"https:\/\/reporterosdelsur.org\/diario\/2026\/09\/detienen-a-11-personas-y-aseguran-casi-1-9-toneladas-de-droga-en-tabasco\/\">Leer Nota Complete<\/a><\/span><\/p>\n","protected":false},"author":1,"featured_media":58675,"comment_status":"open","ping_status":"open","sticky":false,"template":"","format":"standard","meta":{"footnotes":"","jetpack_publicize_message":"","jetpack_publicize_feature_enabled":true,"jetpack_social_post_already_shared":true,"jetpack_social_options":{"image_generator_settings":{"template":"highway","default_image_id":0,"font":"","enabled":false},"version":2}},"categories":[6,2],"tags":[1567,624,588,694,332,371,491,2150,38,372,132,459,333,546,35,34],"class_list":["entry","author-admin","post-58674","post","type-post","status-publish","format-standard","has-post-thumbnail","category-destacado","category-tabasco","tag-armas-de-fuego","tag-detenidos","tag-drogas","tag-extorsion","tag-firt-olmeca","tag-gn","tag-marina","tag-narco-menudeo","tag-noticias","tag-operativos","tag-secuestro","tag-sedena","tag-seguridad","tag-sspc","tag-tabasco","tag-villahermosa"],"jetpack_publicize_connections":[],"featured_image_urls":{"full":["https:\/\/reporterosdelsur.org\/diario\/wp-content\/uploads\/2026\/09\/SSP-5.jpeg",1600,1066,false],"thumbnail":["https:\/\/reporterosdelsur.org\/diario\/wp-content\/uploads\/2026\/09\/SSP-5-150x150.jpeg",150,150,true],"medium":["https:\/\/reporterosdelsur.org\/diario\/wp-content\/uploads\/2026\/09\/SSP-5-300x200.jpeg",300,200,true],"medium_large":["https:\/\/reporterosdelsur.org\/diario\/wp-content\/uploads\/2026\/09\/SSP-5-768x512.jpeg",768,512,true],"large":["https:\/\/reporterosdelsur.org\/diario\/wp-content\/uploads\/2026\/09\/SSP-5-1024x682.jpeg",1024,682,true],"1536x1536":["https:\/\/reporterosdelsur.org\/diario\/wp-content\/uploads\/2026\/09\/SSP-5-1536x1023.jpeg",1536,1023,true],"2048x2048":["https:\/\/reporterosdelsur.org\/diario\/wp-content\/uploads\/2026\/09\/SSP-5.jpeg",1600,1066,false],"ultp_layout_landscape_large":["https:\/\/reporterosdelsur.org\/diario\/wp-content\/uploads\/2026\/09\/SSP-5-1200x800.jpeg",1200,800,true],"ultp_layout_landscape":["https:\/\/reporterosdelsur.org\/diario\/wp-content\/uploads\/2026\/09\/SSP-5-870x570.jpeg",870,570,true],"ultp_layout_portrait":["https:\/\/reporterosdelsur.org\/diario\/wp-content\/uploads\/2026\/09\/SSP-5-600x900.jpeg",600,900,true],"ultp_layout_square":["https:\/\/reporterosdelsur.org\/diario\/wp-content\/uploads\/2026\/09\/SSP-5-600x600.jpeg",600,600,true],"hoot-medium-thumb":["https:\/\/reporterosdelsur.org\/diario\/wp-content\/uploads\/2026\/09\/SSP-5-460x400.jpeg",460,400,true],"hoot-preview":["https:\/\/reporterosdelsur.org\/diario\/wp-content\/uploads\/2026\/09\/SSP-5-465x310.jpeg",465,310,true],"hoot-preview-thumb":["https:\/\/reporterosdelsur.org\/diario\/wp-content\/uploads\/2026\/09\/SSP-5-465x550.jpeg",465,550,true],"hoot-large-thumb":["https:\/\/reporterosdelsur.org\/diario\/wp-content\/uploads\/2026\/09\/SSP-5-690x550.jpeg",690,550,true],"hoot-preview-large":["https:\/\/reporterosdelsur.org\/diario\/wp-content\/uploads\/2026\/09\/SSP-5-695x463.jpeg",695,463,true],"hoot-wide-thumb":["https:\/\/reporterosdelsur.org\/diario\/wp-content\/uploads\/2026\/09\/SSP-5-920x425.jpeg",920,425,true],"hoot-extra-wide-thumb":["https:\/\/reporterosdelsur.org\/diario\/wp-content\/uploads\/2026\/09\/SSP-5-1035x425.jpeg",1035,425,true]},"author_info":{"display_name":"Reporteros del Sur","author_link":"https:\/\/reporterosdelsur.org\/diario\/author\/admin\/"},"category_info":"<a href=\"https:\/\/reporterosdelsur.org\/diario\/category\/destacado\/\" rel=\"category tag\">Destacado<\/a> <a href=\"https:\/\/reporterosdelsur.org\/diario\/category\/tabasco\/\" rel=\"category tag\">Tabasco<\/a>","tag_info":"Tabasco","comment_count":"0","_links":{"self":[{"href":"https:\/\/reporterosdelsur.org\/diario\/wp-json\/wp\/v2\/posts\/58674","targetHints":{"allow":["GET"]}}],"collection":[{"href":"https:\/\/reporterosdelsur.org\/diario\/wp-json\/wp\/v2\/posts"}],"about":[{"href":"https:\/\/reporterosdelsur.org\/diario\/wp-json\/wp\/v2\/types\/post"}],"author":[{"embeddable":true,"href":"https:\/\/reporterosdelsur.org\/diario\/wp-json\/wp\/v2\/users\/1"}],"replies":[{"embeddable":true,"href":"https:\/\/reporterosdelsur.org\/diario\/wp-json\/wp\/v2\/comments?post=58674"}],"version-history":[{"count":1,"href":"https:\/\/reporterosdelsur.org\/diario\/wp-json\/wp\/v2\/posts\/58674\/revisions"}],"predecessor-version":[{"id":58680,"href":"https:\/\/reporterosdelsur.org\/diario\/wp-json\/wp\/v2\/posts\/58674\/revisions\/58680"}],"wp:featuredmedia":[{"embeddable":true,"href":"https:\/\/reporterosdelsur.org\/diario\/wp-json\/wp\/v2\/media\/58675"}],"wp:attachment":[{"href":"https:\/\/reporterosdelsur.org\/diario\/wp-json\/wp\/v2\/media?parent=58674"}],"wp:term":[{"taxonomy":"category","embeddable":true,"href":"https:\/\/reporterosdelsur.org\/diario\/wp-json\/wp\/v2\/categories?post=58674"},{"taxonomy":"post_tag","embeddable":true,"href":"https:\/\/reporterosdelsur.org\/diario\/wp-json\/wp\/v2\/tags?post=58674"}],"curies":[{"name":"wp","href":"https:\/\/api.w.org\/{rel}","templated":true}]}}