{"id":58661,"date":"2026-09-01T05:17:27","date_gmt":"2026-09-01T11:17:27","guid":{"rendered":"https:\/\/reporterosdelsur.org\/diario\/?p=58661"},"modified":"2026-09-01T05:17:31","modified_gmt":"2026-09-01T11:17:31","slug":"carrera-sos26-5k-reune-a-cientos-de-corredores-y-familias-en-tabasco","status":"publish","type":"post","link":"https:\/\/reporterosdelsur.org\/diario\/2026\/09\/carrera-sos26-5k-reune-a-cientos-de-corredores-y-familias-en-tabasco\/","title":{"rendered":"Carrera SOS26 5K re\u00fane a cientos de corredores y familias en Tabasco"},"content":{"rendered":"\n<p class=\"wp-block-paragraph\"><strong>La primera edici\u00f3n de la justa deportiva promovi\u00f3 la actividad f\u00edsica y la conciencia ambiental como parte de la agenda previa de la Convenci\u00f3n Internacional de Sostenibilidad SOS26.<\/strong><\/p>\n\n\n\n<p class=\"wp-block-paragraph\"><strong>Villahermosa, Tab.\u2014<\/strong> Con la participaci\u00f3n de cientos de corredores, familias y deportistas, el Gobierno del Estado de Tabasco, a trav\u00e9s de la Secretar\u00eda de Medio Ambiente y Desarrollo Sostenible (SEMADES), realiz\u00f3 la primera edici\u00f3n de la <strong>Carrera Atl\u00e9tica SOS26 5K<\/strong>, con el prop\u00f3sito de promover la salud, el deporte y la conciencia ambiental.<\/p>\n\n\n\n<p class=\"wp-block-paragraph\">La competencia se llev\u00f3 a cabo como parte de las actividades previas de la <strong>Convenci\u00f3n Internacional de Sostenibilidad SOS26<\/strong>, que se desarrollar\u00e1 los d\u00edas 3 y 4 de septiembre en el Centro de Convenciones de Tabasco, con la participaci\u00f3n de especialistas, acad\u00e9micos y representantes de los sectores p\u00fablico y privado.<\/p>\n\n\n\n<figure class=\"wp-block-image size-large\"><img loading=\"lazy\" decoding=\"async\" width=\"1024\" height=\"683\" src=\"https:\/\/reporterosdelsur.org\/diario\/wp-content\/uploads\/2026\/09\/Carrera-1-1024x683.jpg\" alt=\"\" class=\"wp-image-58663\" srcset=\"https:\/\/reporterosdelsur.org\/diario\/wp-content\/uploads\/2026\/09\/Carrera-1-1024x683.jpg 1024w, https:\/\/reporterosdelsur.org\/diario\/wp-content\/uploads\/2026\/09\/Carrera-1-300x200.jpg 300w, https:\/\/reporterosdelsur.org\/diario\/wp-content\/uploads\/2026\/09\/Carrera-1-768x512.jpg 768w, https:\/\/reporterosdelsur.org\/diario\/wp-content\/uploads\/2026\/09\/Carrera-1-1200x800.jpg 1200w, https:\/\/reporterosdelsur.org\/diario\/wp-content\/uploads\/2026\/09\/Carrera-1-465x310.jpg 465w, https:\/\/reporterosdelsur.org\/diario\/wp-content\/uploads\/2026\/09\/Carrera-1-695x464.jpg 695w, https:\/\/reporterosdelsur.org\/diario\/wp-content\/uploads\/2026\/09\/Carrera-1.jpg 1280w\" sizes=\"auto, (max-width: 1024px) 100vw, 1024px\" \/><\/figure>\n\n\n\n<p class=\"wp-block-paragraph\">El encuentro busca generar un espacio para el an\u00e1lisis y construcci\u00f3n de iniciativas encaminadas a enfrentar los retos relacionados con el cambio clim\u00e1tico y avanzar hacia una transici\u00f3n energ\u00e9tica sostenible.<\/p>\n\n\n\n<p class=\"wp-block-paragraph\">Desde temprana hora del domingo, la Unidad Deportiva Olimpia XXI recibi\u00f3 a los participantes, quienes a las 07:00 horas iniciaron el recorrido sobre el Boulevard Bicentenario, en medio de un ambiente de entusiasmo y convivencia.<\/p>\n\n\n\n<p class=\"wp-block-paragraph\">La jornada se convirti\u00f3 en un encuentro de integraci\u00f3n comunitaria, donde el deporte sirvi\u00f3 como veh\u00edculo para promover mensajes relacionados con el cuidado del medio ambiente y la construcci\u00f3n de un futuro sostenible.<\/p>\n\n\n\n<figure class=\"wp-block-image size-large\"><img loading=\"lazy\" decoding=\"async\" width=\"1024\" height=\"683\" src=\"https:\/\/reporterosdelsur.org\/diario\/wp-content\/uploads\/2026\/09\/Carrera-2-1024x683.jpg\" alt=\"\" class=\"wp-image-58664\" srcset=\"https:\/\/reporterosdelsur.org\/diario\/wp-content\/uploads\/2026\/09\/Carrera-2-1024x683.jpg 1024w, https:\/\/reporterosdelsur.org\/diario\/wp-content\/uploads\/2026\/09\/Carrera-2-300x200.jpg 300w, https:\/\/reporterosdelsur.org\/diario\/wp-content\/uploads\/2026\/09\/Carrera-2-768x512.jpg 768w, https:\/\/reporterosdelsur.org\/diario\/wp-content\/uploads\/2026\/09\/Carrera-2-1200x800.jpg 1200w, https:\/\/reporterosdelsur.org\/diario\/wp-content\/uploads\/2026\/09\/Carrera-2-465x310.jpg 465w, https:\/\/reporterosdelsur.org\/diario\/wp-content\/uploads\/2026\/09\/Carrera-2-695x464.jpg 695w, https:\/\/reporterosdelsur.org\/diario\/wp-content\/uploads\/2026\/09\/Carrera-2.jpg 1280w\" sizes=\"auto, (max-width: 1024px) 100vw, 1024px\" \/><\/figure>\n\n\n\n<p class=\"wp-block-paragraph\">Al concluir el recorrido, autoridades de la SEMADES entregaron las medallas conmemorativas y reconocieron a los cinco primeros lugares de las ramas varonil y femenil, quienes adem\u00e1s recibieron los incentivos econ\u00f3micos establecidos para la competencia.<\/p>\n\n\n\n<p class=\"wp-block-paragraph\">En la <strong>rama varonil<\/strong>, el primer lugar correspondi\u00f3 a <strong>Antonio Romero<\/strong>, quien obtuvo un premio de 3 mil 500 pesos; el segundo sitio fue para <strong>Jos\u00e9 Luis Mej\u00eda<\/strong>, con 2 mil 500 pesos; el tercero para <strong>Jonathan Flores<\/strong>, con 2 mil pesos; el cuarto para <strong>Jos\u00e9 Alberto Bal\u00e1n<\/strong>, con mil 200 pesos, y el quinto para <strong>Daniel Cervantes<\/strong>, con 800 pesos.<\/p>\n\n\n\n<figure class=\"wp-block-image size-large\"><img loading=\"lazy\" decoding=\"async\" width=\"1024\" height=\"683\" src=\"https:\/\/reporterosdelsur.org\/diario\/wp-content\/uploads\/2026\/09\/Carrera-5-1024x683.jpg\" alt=\"\" class=\"wp-image-58665\" srcset=\"https:\/\/reporterosdelsur.org\/diario\/wp-content\/uploads\/2026\/09\/Carrera-5-1024x683.jpg 1024w, https:\/\/reporterosdelsur.org\/diario\/wp-content\/uploads\/2026\/09\/Carrera-5-300x200.jpg 300w, https:\/\/reporterosdelsur.org\/diario\/wp-content\/uploads\/2026\/09\/Carrera-5-768x512.jpg 768w, https:\/\/reporterosdelsur.org\/diario\/wp-content\/uploads\/2026\/09\/Carrera-5-1200x800.jpg 1200w, https:\/\/reporterosdelsur.org\/diario\/wp-content\/uploads\/2026\/09\/Carrera-5-465x310.jpg 465w, https:\/\/reporterosdelsur.org\/diario\/wp-content\/uploads\/2026\/09\/Carrera-5-695x464.jpg 695w, https:\/\/reporterosdelsur.org\/diario\/wp-content\/uploads\/2026\/09\/Carrera-5.jpg 1280w\" sizes=\"auto, (max-width: 1024px) 100vw, 1024px\" \/><\/figure>\n\n\n\n<p class=\"wp-block-paragraph\">En la <strong>rama femenil<\/strong>, <strong>Sonia Marisol Loyola<\/strong> se llev\u00f3 el primer lugar y 3 mil 500 pesos; <strong>Cecilia L\u00f3pez \u00c1lvarez<\/strong> obtuvo el segundo sitio y 2 mil 500 pesos; <strong>Audry Anel Aguirre<\/strong> qued\u00f3 en tercer lugar con 2 mil pesos; <strong>Lorena Valencia<\/strong> ocup\u00f3 la cuarta posici\u00f3n con mil 200 pesos, mientras que <strong>Ang\u00e9lica Sierra L\u00f3pez<\/strong> termin\u00f3 quinta y recibi\u00f3 800 pesos.<\/p>\n\n\n\n<p class=\"wp-block-paragraph\">La SEMADES destac\u00f3 que la Carrera Atl\u00e9tica SOS26 5K forma parte de un programa m\u00e1s amplio de actividades deportivas y de vinculaci\u00f3n que se desarrollar\u00e1n en el marco de la Convenci\u00f3n Internacional de Sostenibilidad.<\/p>\n\n\n\n<figure class=\"wp-block-image size-large\"><img loading=\"lazy\" decoding=\"async\" width=\"1024\" height=\"683\" src=\"https:\/\/reporterosdelsur.org\/diario\/wp-content\/uploads\/2026\/09\/Carrera-4-1024x683.jpg\" alt=\"\" class=\"wp-image-58666\" srcset=\"https:\/\/reporterosdelsur.org\/diario\/wp-content\/uploads\/2026\/09\/Carrera-4-1024x683.jpg 1024w, https:\/\/reporterosdelsur.org\/diario\/wp-content\/uploads\/2026\/09\/Carrera-4-300x200.jpg 300w, https:\/\/reporterosdelsur.org\/diario\/wp-content\/uploads\/2026\/09\/Carrera-4-768x512.jpg 768w, https:\/\/reporterosdelsur.org\/diario\/wp-content\/uploads\/2026\/09\/Carrera-4-1200x800.jpg 1200w, https:\/\/reporterosdelsur.org\/diario\/wp-content\/uploads\/2026\/09\/Carrera-4-465x310.jpg 465w, https:\/\/reporterosdelsur.org\/diario\/wp-content\/uploads\/2026\/09\/Carrera-4-695x464.jpg 695w, https:\/\/reporterosdelsur.org\/diario\/wp-content\/uploads\/2026\/09\/Carrera-4.jpg 1280w\" sizes=\"auto, (max-width: 1024px) 100vw, 1024px\" \/><\/figure>\n\n\n\n<p class=\"wp-block-paragraph\">Como parte de esta agenda se contempla tambi\u00e9n el <strong>Torneo de Golf SOS26<\/strong>, programado para el pr\u00f3ximo 5 de septiembre en el Club Campestre.<\/p>\n\n\n\n<p class=\"wp-block-paragraph\">Con la realizaci\u00f3n de la carrera, concluy\u00f3 la primera actividad de la agenda SOS26, en una jornada que reuni\u00f3 deporte, convivencia y conciencia ambiental, como parte del llamado a sumar esfuerzos entre autoridades y sociedad para avanzar hacia un futuro sostenible.<\/p>\n","protected":false},"excerpt":{"rendered":"<p>La primera edici\u00f3n de la justa deportiva promovi\u00f3 la actividad f\u00edsica y la conciencia ambiental como parte de la agenda previa de la Convenci\u00f3n Internacional de Sostenibilidad SOS26. Villahermosa, Tab.\u2014 Con la participaci\u00f3n de cientos de corredores, familias y deportistas, el Gobierno del Estado de Tabasco, a trav\u00e9s de la<span class=\"more-link theme-more-link\"><a href=\"https:\/\/reporterosdelsur.org\/diario\/2026\/09\/carrera-sos26-5k-reune-a-cientos-de-corredores-y-familias-en-tabasco\/\">Leer Nota Complete<\/a><\/span><\/p>\n","protected":false},"author":2,"featured_media":58662,"comment_status":"open","ping_status":"open","sticky":false,"template":"","format":"standard","meta":{"footnotes":"","jetpack_publicize_message":"","jetpack_publicize_feature_enabled":true,"jetpack_social_post_already_shared":true,"jetpack_social_options":{"image_generator_settings":{"template":"highway","default_image_id":0,"font":"","enabled":false},"version":2}},"categories":[5],"tags":[2324,110,418,38,2381,35],"class_list":["entry","author-guza0892gmail-com","post-58661","post","type-post","status-publish","format-standard","has-post-thumbnail","category-deportes","tag-carrera-atletica","tag-deportes","tag-gobierno-de-tabasco","tag-noticias","tag-sos26-5k","tag-tabasco"],"jetpack_publicize_connections":[],"featured_image_urls":{"full":["https:\/\/reporterosdelsur.org\/diario\/wp-content\/uploads\/2026\/09\/Carrera-3.jpg",1280,854,false],"thumbnail":["https:\/\/reporterosdelsur.org\/diario\/wp-content\/uploads\/2026\/09\/Carrera-3-150x150.jpg",150,150,true],"medium":["https:\/\/reporterosdelsur.org\/diario\/wp-content\/uploads\/2026\/09\/Carrera-3-300x200.jpg",300,200,true],"medium_large":["https:\/\/reporterosdelsur.org\/diario\/wp-content\/uploads\/2026\/09\/Carrera-3-768x512.jpg",768,512,true],"large":["https:\/\/reporterosdelsur.org\/diario\/wp-content\/uploads\/2026\/09\/Carrera-3-1024x683.jpg",1024,683,true],"1536x1536":["https:\/\/reporterosdelsur.org\/diario\/wp-content\/uploads\/2026\/09\/Carrera-3.jpg",1280,854,false],"2048x2048":["https:\/\/reporterosdelsur.org\/diario\/wp-content\/uploads\/2026\/09\/Carrera-3.jpg",1280,854,false],"ultp_layout_landscape_large":["https:\/\/reporterosdelsur.org\/diario\/wp-content\/uploads\/2026\/09\/Carrera-3-1200x800.jpg",1200,800,true],"ultp_layout_landscape":["https:\/\/reporterosdelsur.org\/diario\/wp-content\/uploads\/2026\/09\/Carrera-3-870x570.jpg",870,570,true],"ultp_layout_portrait":["https:\/\/reporterosdelsur.org\/diario\/wp-content\/uploads\/2026\/09\/Carrera-3-600x854.jpg",600,854,true],"ultp_layout_square":["https:\/\/reporterosdelsur.org\/diario\/wp-content\/uploads\/2026\/09\/Carrera-3-600x600.jpg",600,600,true],"hoot-medium-thumb":["https:\/\/reporterosdelsur.org\/diario\/wp-content\/uploads\/2026\/09\/Carrera-3-460x400.jpg",460,400,true],"hoot-preview":["https:\/\/reporterosdelsur.org\/diario\/wp-content\/uploads\/2026\/09\/Carrera-3-465x310.jpg",465,310,true],"hoot-preview-thumb":["https:\/\/reporterosdelsur.org\/diario\/wp-content\/uploads\/2026\/09\/Carrera-3-465x550.jpg",465,550,true],"hoot-large-thumb":["https:\/\/reporterosdelsur.org\/diario\/wp-content\/uploads\/2026\/09\/Carrera-3-690x550.jpg",690,550,true],"hoot-preview-large":["https:\/\/reporterosdelsur.org\/diario\/wp-content\/uploads\/2026\/09\/Carrera-3-695x464.jpg",695,464,true],"hoot-wide-thumb":["https:\/\/reporterosdelsur.org\/diario\/wp-content\/uploads\/2026\/09\/Carrera-3-920x425.jpg",920,425,true],"hoot-extra-wide-thumb":["https:\/\/reporterosdelsur.org\/diario\/wp-content\/uploads\/2026\/09\/Carrera-3-1035x425.jpg",1035,425,true]},"author_info":{"display_name":"Reporteros del Sur","author_link":"https:\/\/reporterosdelsur.org\/diario\/author\/guza0892gmail-com\/"},"category_info":"<a href=\"https:\/\/reporterosdelsur.org\/diario\/category\/deportes\/\" rel=\"category tag\">Deportes<\/a>","tag_info":"Deportes","comment_count":"0","_links":{"self":[{"href":"https:\/\/reporterosdelsur.org\/diario\/wp-json\/wp\/v2\/posts\/58661","targetHints":{"allow":["GET"]}}],"collection":[{"href":"https:\/\/reporterosdelsur.org\/diario\/wp-json\/wp\/v2\/posts"}],"about":[{"href":"https:\/\/reporterosdelsur.org\/diario\/wp-json\/wp\/v2\/types\/post"}],"author":[{"embeddable":true,"href":"https:\/\/reporterosdelsur.org\/diario\/wp-json\/wp\/v2\/users\/2"}],"replies":[{"embeddable":true,"href":"https:\/\/reporterosdelsur.org\/diario\/wp-json\/wp\/v2\/comments?post=58661"}],"version-history":[{"count":1,"href":"https:\/\/reporterosdelsur.org\/diario\/wp-json\/wp\/v2\/posts\/58661\/revisions"}],"predecessor-version":[{"id":58667,"href":"https:\/\/reporterosdelsur.org\/diario\/wp-json\/wp\/v2\/posts\/58661\/revisions\/58667"}],"wp:featuredmedia":[{"embeddable":true,"href":"https:\/\/reporterosdelsur.org\/diario\/wp-json\/wp\/v2\/media\/58662"}],"wp:attachment":[{"href":"https:\/\/reporterosdelsur.org\/diario\/wp-json\/wp\/v2\/media?parent=58661"}],"wp:term":[{"taxonomy":"category","embeddable":true,"href":"https:\/\/reporterosdelsur.org\/diario\/wp-json\/wp\/v2\/categories?post=58661"},{"taxonomy":"post_tag","embeddable":true,"href":"https:\/\/reporterosdelsur.org\/diario\/wp-json\/wp\/v2\/tags?post=58661"}],"curies":[{"name":"wp","href":"https:\/\/api.w.org\/{rel}","templated":true}]}}