{"id":58654,"date":"2026-09-01T05:07:50","date_gmt":"2026-09-01T11:07:50","guid":{"rendered":"https:\/\/reporterosdelsur.org\/diario\/?p=58654"},"modified":"2026-09-01T05:07:54","modified_gmt":"2026-09-01T11:07:54","slug":"regresan-a-las-aulas-estudiantes-de-tabasco-para-iniciar-ciclo-escolar-2026-2027","status":"publish","type":"post","link":"https:\/\/reporterosdelsur.org\/diario\/2026\/09\/regresan-a-las-aulas-estudiantes-de-tabasco-para-iniciar-ciclo-escolar-2026-2027\/","title":{"rendered":"Regresan a las aulas estudiantes de Tabasco para iniciar ciclo escolar 2026-2027"},"content":{"rendered":"\n<p class=\"wp-block-paragraph\"><strong>Ni\u00f1as, ni\u00f1os, adolescentes y j\u00f3venes volvieron a las escuelas de educaci\u00f3n b\u00e1sica y media superior, mientras la SETAB refrend\u00f3 su compromiso de fortalecer las condiciones educativas en la entidad.<\/strong><\/p>\n\n\n\n<p class=\"wp-block-paragraph\"><strong>Villahermosa, Tab.\u2014<\/strong> Con entusiasmo, reencuentros y nuevas expectativas, ni\u00f1as, ni\u00f1os, adolescentes y j\u00f3venes regresaron este martes a las aulas para dar inicio al <strong>ciclo escolar 2026-2027<\/strong> en planteles de educaci\u00f3n b\u00e1sica y media superior de Tabasco.<\/p>\n\n\n\n<p class=\"wp-block-paragraph\">La Secretar\u00eda de Educaci\u00f3n del Estado de Tabasco (SETAB) refrend\u00f3 el compromiso del Gobierno del Pueblo, encabezado por el gobernador <strong>Javier May Rodr\u00edguez<\/strong>, de continuar fortaleciendo las condiciones educativas para garantizar que cada estudiante encuentre en las escuelas espacios y oportunidades para aprender, desarrollar sus capacidades y construir su futuro.<\/p>\n\n\n\n<figure class=\"wp-block-image size-large\"><img loading=\"lazy\" decoding=\"async\" width=\"1024\" height=\"682\" src=\"https:\/\/reporterosdelsur.org\/diario\/wp-content\/uploads\/2026\/09\/Regreso-5-1024x682.jpeg\" alt=\"\" class=\"wp-image-58656\" srcset=\"https:\/\/reporterosdelsur.org\/diario\/wp-content\/uploads\/2026\/09\/Regreso-5-1024x682.jpeg 1024w, https:\/\/reporterosdelsur.org\/diario\/wp-content\/uploads\/2026\/09\/Regreso-5-300x200.jpeg 300w, https:\/\/reporterosdelsur.org\/diario\/wp-content\/uploads\/2026\/09\/Regreso-5-768x512.jpeg 768w, https:\/\/reporterosdelsur.org\/diario\/wp-content\/uploads\/2026\/09\/Regreso-5-1536x1023.jpeg 1536w, https:\/\/reporterosdelsur.org\/diario\/wp-content\/uploads\/2026\/09\/Regreso-5-1200x800.jpeg 1200w, https:\/\/reporterosdelsur.org\/diario\/wp-content\/uploads\/2026\/09\/Regreso-5-465x310.jpeg 465w, https:\/\/reporterosdelsur.org\/diario\/wp-content\/uploads\/2026\/09\/Regreso-5-695x463.jpeg 695w, https:\/\/reporterosdelsur.org\/diario\/wp-content\/uploads\/2026\/09\/Regreso-5.jpeg 1600w\" sizes=\"auto, (max-width: 1024px) 100vw, 1024px\" \/><\/figure>\n\n\n\n<p class=\"wp-block-paragraph\">Con el regreso a clases, miles de estudiantes retomaron sus actividades acad\u00e9micas despu\u00e9s del periodo vacacional, en una jornada marcada por el reencuentro con compa\u00f1eros, docentes y comunidades escolares.<\/p>\n\n\n\n<p class=\"wp-block-paragraph\">La dependencia estatal reconoci\u00f3 tambi\u00e9n la vocaci\u00f3n y el compromiso de las maestras y los maestros, quienes regresaron a las aulas para continuar con su labor educativa y acompa\u00f1ar a las nuevas generaciones en su proceso de formaci\u00f3n.<\/p>\n\n\n\n<figure class=\"wp-block-image size-large\"><img loading=\"lazy\" decoding=\"async\" width=\"1024\" height=\"682\" src=\"https:\/\/reporterosdelsur.org\/diario\/wp-content\/uploads\/2026\/09\/Regreso-6-1024x682.jpeg\" alt=\"\" class=\"wp-image-58657\" srcset=\"https:\/\/reporterosdelsur.org\/diario\/wp-content\/uploads\/2026\/09\/Regreso-6-1024x682.jpeg 1024w, https:\/\/reporterosdelsur.org\/diario\/wp-content\/uploads\/2026\/09\/Regreso-6-300x200.jpeg 300w, https:\/\/reporterosdelsur.org\/diario\/wp-content\/uploads\/2026\/09\/Regreso-6-768x512.jpeg 768w, https:\/\/reporterosdelsur.org\/diario\/wp-content\/uploads\/2026\/09\/Regreso-6-1536x1023.jpeg 1536w, https:\/\/reporterosdelsur.org\/diario\/wp-content\/uploads\/2026\/09\/Regreso-6-1200x800.jpeg 1200w, https:\/\/reporterosdelsur.org\/diario\/wp-content\/uploads\/2026\/09\/Regreso-6-465x310.jpeg 465w, https:\/\/reporterosdelsur.org\/diario\/wp-content\/uploads\/2026\/09\/Regreso-6-695x463.jpeg 695w, https:\/\/reporterosdelsur.org\/diario\/wp-content\/uploads\/2026\/09\/Regreso-6.jpeg 1600w\" sizes=\"auto, (max-width: 1024px) 100vw, 1024px\" \/><\/figure>\n\n\n\n<p class=\"wp-block-paragraph\">Asimismo, destac\u00f3 la participaci\u00f3n de madres, padres de familia y tutores, cuyo respaldo es considerado fundamental para fortalecer el aprendizaje, la convivencia y el bienestar de las y los estudiantes durante el nuevo ciclo acad\u00e9mico.<\/p>\n\n\n\n<p class=\"wp-block-paragraph\">La SETAB se\u00f1al\u00f3 que el inicio del periodo escolar representa una nueva oportunidad para avanzar en la formaci\u00f3n integral de las comunidades estudiantiles y fortalecer el papel de la escuela como espacio para el desarrollo personal y colectivo.<\/p>\n\n\n\n<figure class=\"wp-block-image size-large\"><img loading=\"lazy\" decoding=\"async\" width=\"1024\" height=\"682\" src=\"https:\/\/reporterosdelsur.org\/diario\/wp-content\/uploads\/2026\/09\/Regreso-3-1024x682.jpeg\" alt=\"\" class=\"wp-image-58658\" srcset=\"https:\/\/reporterosdelsur.org\/diario\/wp-content\/uploads\/2026\/09\/Regreso-3-1024x682.jpeg 1024w, https:\/\/reporterosdelsur.org\/diario\/wp-content\/uploads\/2026\/09\/Regreso-3-300x200.jpeg 300w, https:\/\/reporterosdelsur.org\/diario\/wp-content\/uploads\/2026\/09\/Regreso-3-768x512.jpeg 768w, https:\/\/reporterosdelsur.org\/diario\/wp-content\/uploads\/2026\/09\/Regreso-3-1536x1023.jpeg 1536w, https:\/\/reporterosdelsur.org\/diario\/wp-content\/uploads\/2026\/09\/Regreso-3-1200x800.jpeg 1200w, https:\/\/reporterosdelsur.org\/diario\/wp-content\/uploads\/2026\/09\/Regreso-3-465x310.jpeg 465w, https:\/\/reporterosdelsur.org\/diario\/wp-content\/uploads\/2026\/09\/Regreso-3-695x463.jpeg 695w, https:\/\/reporterosdelsur.org\/diario\/wp-content\/uploads\/2026\/09\/Regreso-3.jpeg 1600w\" sizes=\"auto, (max-width: 1024px) 100vw, 1024px\" \/><\/figure>\n\n\n\n<p class=\"wp-block-paragraph\">Finalmente, la Secretar\u00eda de Educaci\u00f3n reiter\u00f3 que continuar\u00e1 trabajando bajo la premisa de que <strong>\u201cnadie se quede afuera y nadie se quede atr\u00e1s\u201d<\/strong>, con el objetivo de ampliar las oportunidades educativas y contribuir, desde las aulas, a la construcci\u00f3n del futuro de Tabasco.<\/p>\n\n\n\n<p class=\"wp-block-paragraph\">Por su parte, la Secretar\u00eda de Seguridad y Protecci\u00f3n Ciudadana (SSPC) de Tabasco implement\u00f3 un amplio dispositivo de seguridad, vigilancia y vialidad en todo el estado, con motivo del inicio del ciclo escolar 2026-2027.<\/p>\n\n\n\n<p class=\"wp-block-paragraph\">Desde las primeras horas de este lunes, elementos de la Guardia Estatal, la Polic\u00eda Metropolitana, la Polic\u00eda Estatal de Caminos (PEC) y el Departamento de Educaci\u00f3n y Seguridad Vial fueron desplegados en las inmediaciones de los planteles educativos, principales vialidades y zonas escolares para salvaguardar a la comunidad estudiantil.<\/p>\n\n\n\n<figure class=\"wp-block-image size-large\"><img loading=\"lazy\" decoding=\"async\" width=\"1024\" height=\"682\" src=\"https:\/\/reporterosdelsur.org\/diario\/wp-content\/uploads\/2026\/09\/Regreso-2-1024x682.jpeg\" alt=\"\" class=\"wp-image-58659\" srcset=\"https:\/\/reporterosdelsur.org\/diario\/wp-content\/uploads\/2026\/09\/Regreso-2-1024x682.jpeg 1024w, https:\/\/reporterosdelsur.org\/diario\/wp-content\/uploads\/2026\/09\/Regreso-2-300x200.jpeg 300w, https:\/\/reporterosdelsur.org\/diario\/wp-content\/uploads\/2026\/09\/Regreso-2-768x512.jpeg 768w, https:\/\/reporterosdelsur.org\/diario\/wp-content\/uploads\/2026\/09\/Regreso-2-1536x1023.jpeg 1536w, https:\/\/reporterosdelsur.org\/diario\/wp-content\/uploads\/2026\/09\/Regreso-2-1200x800.jpeg 1200w, https:\/\/reporterosdelsur.org\/diario\/wp-content\/uploads\/2026\/09\/Regreso-2-465x310.jpeg 465w, https:\/\/reporterosdelsur.org\/diario\/wp-content\/uploads\/2026\/09\/Regreso-2-695x463.jpeg 695w, https:\/\/reporterosdelsur.org\/diario\/wp-content\/uploads\/2026\/09\/Regreso-2.jpeg 1600w\" sizes=\"auto, (max-width: 1024px) 100vw, 1024px\" \/><\/figure>\n\n\n\n<p class=\"wp-block-paragraph\">El operativo prioriza la protecci\u00f3n de ni\u00f1as, ni\u00f1os, adolescentes, madres, padres y personal docente. De manera coordinada, los cuerpos de seguridad realizan labores de proximidad social y abanderamiento vial para agilizar el tr\u00e1nsito y facilitar traslados seguros.<\/p>\n\n\n\n<p class=\"wp-block-paragraph\">La SSPC reafirma su compromiso de mantener acciones preventivas permanentes para que este nuevo ciclo escolar transcurra en un ambiente de tranquilidad y confianza.<\/p>\n\n\n\n<p class=\"wp-block-paragraph\"><\/p>\n","protected":false},"excerpt":{"rendered":"<p>Ni\u00f1as, ni\u00f1os, adolescentes y j\u00f3venes volvieron a las escuelas de educaci\u00f3n b\u00e1sica y media superior, mientras la SETAB refrend\u00f3 su compromiso de fortalecer las condiciones educativas en la entidad. Villahermosa, Tab.\u2014 Con entusiasmo, reencuentros y nuevas expectativas, ni\u00f1as, ni\u00f1os, adolescentes y j\u00f3venes regresaron este martes a las aulas para dar<span class=\"more-link theme-more-link\"><a href=\"https:\/\/reporterosdelsur.org\/diario\/2026\/09\/regresan-a-las-aulas-estudiantes-de-tabasco-para-iniciar-ciclo-escolar-2026-2027\/\">Leer Nota Complete<\/a><\/span><\/p>\n","protected":false},"author":1,"featured_media":58655,"comment_status":"open","ping_status":"open","sticky":false,"template":"","format":"standard","meta":{"footnotes":"","jetpack_publicize_message":"","jetpack_publicize_feature_enabled":true,"jetpack_social_post_already_shared":true,"jetpack_social_options":{"image_generator_settings":{"template":"highway","default_image_id":0,"font":"","enabled":false},"version":2}},"categories":[2],"tags":[442,418,38,710,333,367,35],"class_list":["entry","author-admin","post-58654","post","type-post","status-publish","format-standard","has-post-thumbnail","category-tabasco","tag-estudiantes","tag-gobierno-de-tabasco","tag-noticias","tag-regreso-a-clases","tag-seguridad","tag-setab","tag-tabasco"],"jetpack_publicize_connections":[],"featured_image_urls":{"full":["https:\/\/reporterosdelsur.org\/diario\/wp-content\/uploads\/2026\/09\/Regreso-4.jpeg",1600,1066,false],"thumbnail":["https:\/\/reporterosdelsur.org\/diario\/wp-content\/uploads\/2026\/09\/Regreso-4-150x150.jpeg",150,150,true],"medium":["https:\/\/reporterosdelsur.org\/diario\/wp-content\/uploads\/2026\/09\/Regreso-4-300x200.jpeg",300,200,true],"medium_large":["https:\/\/reporterosdelsur.org\/diario\/wp-content\/uploads\/2026\/09\/Regreso-4-768x512.jpeg",768,512,true],"large":["https:\/\/reporterosdelsur.org\/diario\/wp-content\/uploads\/2026\/09\/Regreso-4-1024x682.jpeg",1024,682,true],"1536x1536":["https:\/\/reporterosdelsur.org\/diario\/wp-content\/uploads\/2026\/09\/Regreso-4-1536x1023.jpeg",1536,1023,true],"2048x2048":["https:\/\/reporterosdelsur.org\/diario\/wp-content\/uploads\/2026\/09\/Regreso-4.jpeg",1600,1066,false],"ultp_layout_landscape_large":["https:\/\/reporterosdelsur.org\/diario\/wp-content\/uploads\/2026\/09\/Regreso-4-1200x800.jpeg",1200,800,true],"ultp_layout_landscape":["https:\/\/reporterosdelsur.org\/diario\/wp-content\/uploads\/2026\/09\/Regreso-4-870x570.jpeg",870,570,true],"ultp_layout_portrait":["https:\/\/reporterosdelsur.org\/diario\/wp-content\/uploads\/2026\/09\/Regreso-4-600x900.jpeg",600,900,true],"ultp_layout_square":["https:\/\/reporterosdelsur.org\/diario\/wp-content\/uploads\/2026\/09\/Regreso-4-600x600.jpeg",600,600,true],"hoot-medium-thumb":["https:\/\/reporterosdelsur.org\/diario\/wp-content\/uploads\/2026\/09\/Regreso-4-460x400.jpeg",460,400,true],"hoot-preview":["https:\/\/reporterosdelsur.org\/diario\/wp-content\/uploads\/2026\/09\/Regreso-4-465x310.jpeg",465,310,true],"hoot-preview-thumb":["https:\/\/reporterosdelsur.org\/diario\/wp-content\/uploads\/2026\/09\/Regreso-4-465x550.jpeg",465,550,true],"hoot-large-thumb":["https:\/\/reporterosdelsur.org\/diario\/wp-content\/uploads\/2026\/09\/Regreso-4-690x550.jpeg",690,550,true],"hoot-preview-large":["https:\/\/reporterosdelsur.org\/diario\/wp-content\/uploads\/2026\/09\/Regreso-4-695x463.jpeg",695,463,true],"hoot-wide-thumb":["https:\/\/reporterosdelsur.org\/diario\/wp-content\/uploads\/2026\/09\/Regreso-4-920x425.jpeg",920,425,true],"hoot-extra-wide-thumb":["https:\/\/reporterosdelsur.org\/diario\/wp-content\/uploads\/2026\/09\/Regreso-4-1035x425.jpeg",1035,425,true]},"author_info":{"display_name":"Reporteros del Sur","author_link":"https:\/\/reporterosdelsur.org\/diario\/author\/admin\/"},"category_info":"<a href=\"https:\/\/reporterosdelsur.org\/diario\/category\/tabasco\/\" rel=\"category tag\">Tabasco<\/a>","tag_info":"Tabasco","comment_count":"0","_links":{"self":[{"href":"https:\/\/reporterosdelsur.org\/diario\/wp-json\/wp\/v2\/posts\/58654","targetHints":{"allow":["GET"]}}],"collection":[{"href":"https:\/\/reporterosdelsur.org\/diario\/wp-json\/wp\/v2\/posts"}],"about":[{"href":"https:\/\/reporterosdelsur.org\/diario\/wp-json\/wp\/v2\/types\/post"}],"author":[{"embeddable":true,"href":"https:\/\/reporterosdelsur.org\/diario\/wp-json\/wp\/v2\/users\/1"}],"replies":[{"embeddable":true,"href":"https:\/\/reporterosdelsur.org\/diario\/wp-json\/wp\/v2\/comments?post=58654"}],"version-history":[{"count":1,"href":"https:\/\/reporterosdelsur.org\/diario\/wp-json\/wp\/v2\/posts\/58654\/revisions"}],"predecessor-version":[{"id":58660,"href":"https:\/\/reporterosdelsur.org\/diario\/wp-json\/wp\/v2\/posts\/58654\/revisions\/58660"}],"wp:featuredmedia":[{"embeddable":true,"href":"https:\/\/reporterosdelsur.org\/diario\/wp-json\/wp\/v2\/media\/58655"}],"wp:attachment":[{"href":"https:\/\/reporterosdelsur.org\/diario\/wp-json\/wp\/v2\/media?parent=58654"}],"wp:term":[{"taxonomy":"category","embeddable":true,"href":"https:\/\/reporterosdelsur.org\/diario\/wp-json\/wp\/v2\/categories?post=58654"},{"taxonomy":"post_tag","embeddable":true,"href":"https:\/\/reporterosdelsur.org\/diario\/wp-json\/wp\/v2\/tags?post=58654"}],"curies":[{"name":"wp","href":"https:\/\/api.w.org\/{rel}","templated":true}]}}