{"id":58649,"date":"2026-09-01T04:57:42","date_gmt":"2026-09-01T10:57:42","guid":{"rendered":"https:\/\/reporterosdelsur.org\/diario\/?p=58649"},"modified":"2026-09-01T04:57:45","modified_gmt":"2026-09-01T10:57:45","slug":"ine-tabasco-inicia-campana-anual-intensa-para-actualizar-credenciales-rumbo-a-2027","status":"publish","type":"post","link":"https:\/\/reporterosdelsur.org\/diario\/2026\/09\/ine-tabasco-inicia-campana-anual-intensa-para-actualizar-credenciales-rumbo-a-2027\/","title":{"rendered":"INE Tabasco inicia Campa\u00f1a Anual Intensa para actualizar credenciales rumbo a 2027"},"content":{"rendered":"\n<p class=\"wp-block-paragraph\"><strong>Desde este 1 de septiembre, j\u00f3venes que cumplan 18 a\u00f1os antes del 6 de junio de 2027 podr\u00e1n tramitar anticipadamente su Credencial para Votar; el plazo vence el 25 de enero.<\/strong><\/p>\n\n\n\n<p class=\"wp-block-paragraph\"><strong>Villahermosa, Tab.\u2014<\/strong> El Instituto Nacional Electoral (INE) en Tabasco inici\u00f3 este 1 de septiembre la <strong>Campa\u00f1a Anual Intensa (CAI)<\/strong>, mediante la cual reforzar\u00e1 las acciones para que la ciudadan\u00eda realice oportunamente los tr\u00e1mites relacionados con su Credencial para Votar, de cara al Proceso Electoral Concurrente 2026-2027.<\/p>\n\n\n\n<p class=\"wp-block-paragraph\">Uno de los principales objetivos de la campa\u00f1a es incorporar a las nuevas generaciones al Padr\u00f3n Electoral y a la Lista Nominal, por lo que las y los j\u00f3venes que cumplan 18 a\u00f1os entre el <strong>1 de septiembre de 2026 y el 6 de junio de 2027<\/strong> podr\u00e1n solicitar de manera anticipada su credencial con fotograf\u00eda.<\/p>\n\n\n\n<p class=\"wp-block-paragraph\">Esta medida permitir\u00e1 que quienes est\u00e1n pr\u00f3ximos a alcanzar la mayor\u00eda de edad cuenten con su identificaci\u00f3n electoral antes de cumplir los 18 a\u00f1os y est\u00e9n en condiciones de ejercer por primera vez su derecho al voto durante la jornada electoral de 2027.<\/p>\n\n\n\n<figure class=\"wp-block-image size-large\"><img loading=\"lazy\" decoding=\"async\" width=\"1024\" height=\"682\" src=\"https:\/\/reporterosdelsur.org\/diario\/wp-content\/uploads\/2026\/09\/INE-3-1024x682.jpeg\" alt=\"\" class=\"wp-image-58651\" srcset=\"https:\/\/reporterosdelsur.org\/diario\/wp-content\/uploads\/2026\/09\/INE-3-1024x682.jpeg 1024w, https:\/\/reporterosdelsur.org\/diario\/wp-content\/uploads\/2026\/09\/INE-3-300x200.jpeg 300w, https:\/\/reporterosdelsur.org\/diario\/wp-content\/uploads\/2026\/09\/INE-3-768x512.jpeg 768w, https:\/\/reporterosdelsur.org\/diario\/wp-content\/uploads\/2026\/09\/INE-3-1536x1023.jpeg 1536w, https:\/\/reporterosdelsur.org\/diario\/wp-content\/uploads\/2026\/09\/INE-3-1200x800.jpeg 1200w, https:\/\/reporterosdelsur.org\/diario\/wp-content\/uploads\/2026\/09\/INE-3-465x310.jpeg 465w, https:\/\/reporterosdelsur.org\/diario\/wp-content\/uploads\/2026\/09\/INE-3-695x463.jpeg 695w, https:\/\/reporterosdelsur.org\/diario\/wp-content\/uploads\/2026\/09\/INE-3.jpeg 1600w\" sizes=\"auto, (max-width: 1024px) 100vw, 1024px\" \/><\/figure>\n\n\n\n<p class=\"wp-block-paragraph\">En los comicios del pr\u00f3ximo a\u00f1o, en Tabasco se elegir\u00e1n <strong>diputaciones federales, diputaciones locales y alcald\u00edas<\/strong>, por lo que el INE hizo un llamado a las juventudes a aprovechar el periodo de inscripci\u00f3n anticipada.<\/p>\n\n\n\n<p class=\"wp-block-paragraph\">Laura Elena P\u00e9rez Rivera, Vocal del Registro Federal de Electores de la Junta Local Ejecutiva del INE en Tabasco, destac\u00f3 la importancia de realizar el tr\u00e1mite con anticipaci\u00f3n y evitar dejarlo para las \u00faltimas semanas.<\/p>\n\n\n\n<p class=\"wp-block-paragraph\">\u201cInvitamos a las y los j\u00f3venes que est\u00e1n pr\u00f3ximos a cumplir 18 a\u00f1os a que no esperen hasta el \u00faltimo momento. Pueden adelantar su tr\u00e1mite y obtener su Credencial para Votar antes de cumplir la mayor\u00eda de edad\u201d, se\u00f1al\u00f3.<\/p>\n\n\n\n<p class=\"wp-block-paragraph\">La funcionaria precis\u00f3 que <strong>el 25 de enero de 2027 ser\u00e1 la fecha l\u00edmite<\/strong> para que las personas j\u00f3venes que cumplan 18 a\u00f1os dentro del periodo establecido puedan realizar anticipadamente su inscripci\u00f3n. Despu\u00e9s de esa fecha se cerrar\u00e1 el registro correspondiente.<\/p>\n\n\n\n<figure class=\"wp-block-image size-large\"><img loading=\"lazy\" decoding=\"async\" width=\"1024\" height=\"682\" src=\"https:\/\/reporterosdelsur.org\/diario\/wp-content\/uploads\/2026\/09\/INE-2-1024x682.jpeg\" alt=\"\" class=\"wp-image-58652\" srcset=\"https:\/\/reporterosdelsur.org\/diario\/wp-content\/uploads\/2026\/09\/INE-2-1024x682.jpeg 1024w, https:\/\/reporterosdelsur.org\/diario\/wp-content\/uploads\/2026\/09\/INE-2-300x200.jpeg 300w, https:\/\/reporterosdelsur.org\/diario\/wp-content\/uploads\/2026\/09\/INE-2-768x512.jpeg 768w, https:\/\/reporterosdelsur.org\/diario\/wp-content\/uploads\/2026\/09\/INE-2-1536x1023.jpeg 1536w, https:\/\/reporterosdelsur.org\/diario\/wp-content\/uploads\/2026\/09\/INE-2-1200x800.jpeg 1200w, https:\/\/reporterosdelsur.org\/diario\/wp-content\/uploads\/2026\/09\/INE-2-465x310.jpeg 465w, https:\/\/reporterosdelsur.org\/diario\/wp-content\/uploads\/2026\/09\/INE-2-695x463.jpeg 695w, https:\/\/reporterosdelsur.org\/diario\/wp-content\/uploads\/2026\/09\/INE-2.jpeg 1600w\" sizes=\"auto, (max-width: 1024px) 100vw, 1024px\" \/><\/figure>\n\n\n\n<h3 class=\"wp-block-heading\">Tambi\u00e9n habr\u00e1 actualizaci\u00f3n de datos<\/h3>\n\n\n\n<p class=\"wp-block-paragraph\">Durante la Campa\u00f1a Anual Intensa, la ciudadan\u00eda podr\u00e1 acudir a los M\u00f3dulos de Atenci\u00f3n Ciudadana para realizar diversos tr\u00e1mites relacionados con su credencial, entre ellos <strong>inscripci\u00f3n por primera vez, cambio de domicilio, correcci\u00f3n de datos, reposici\u00f3n y actualizaci\u00f3n<\/strong>.<\/p>\n\n\n\n<p class=\"wp-block-paragraph\">Para solicitar la Credencial para Votar, el INE record\u00f3 que es necesario presentar en original el <strong>acta de nacimiento, comprobante de domicilio, identificaci\u00f3n con fotograf\u00eda vigente y CURP<\/strong>.<\/p>\n\n\n\n<p class=\"wp-block-paragraph\">P\u00e9rez Rivera inform\u00f3 adem\u00e1s que, de acuerdo con el estad\u00edstico de inscripci\u00f3n al Padr\u00f3n Electoral, entre el <strong>1 de enero y el 30 de junio de 2026 se registraron en Tabasco 25 mil 103 personas de 18 a\u00f1os<\/strong>.<\/p>\n\n\n\n<p class=\"wp-block-paragraph\">Con el inicio de la Campa\u00f1a Anual Intensa, el organismo electoral prev\u00e9 que esta cifra se incremente y que un mayor n\u00famero de j\u00f3venes quede incorporado oportunamente al Padr\u00f3n Electoral para participar en los comicios de 2027.<\/p>\n","protected":false},"excerpt":{"rendered":"<p>Desde este 1 de septiembre, j\u00f3venes que cumplan 18 a\u00f1os antes del 6 de junio de 2027 podr\u00e1n tramitar anticipadamente su Credencial para Votar; el plazo vence el 25 de enero. Villahermosa, Tab.\u2014 El Instituto Nacional Electoral (INE) en Tabasco inici\u00f3 este 1 de septiembre la Campa\u00f1a Anual Intensa (CAI),<span class=\"more-link theme-more-link\"><a href=\"https:\/\/reporterosdelsur.org\/diario\/2026\/09\/ine-tabasco-inicia-campana-anual-intensa-para-actualizar-credenciales-rumbo-a-2027\/\">Leer Nota Complete<\/a><\/span><\/p>\n","protected":false},"author":1,"featured_media":58650,"comment_status":"open","ping_status":"open","sticky":false,"template":"","format":"standard","meta":{"footnotes":"","jetpack_publicize_message":"","jetpack_publicize_feature_enabled":true,"jetpack_social_post_already_shared":true,"jetpack_social_options":{"image_generator_settings":{"template":"highway","default_image_id":0,"font":"","enabled":false},"version":2}},"categories":[2],"tags":[568,1375,240,352,1698,1185],"class_list":["entry","author-admin","post-58649","post","type-post","status-publish","format-standard","has-post-thumbnail","category-tabasco","tag-credencial-de-elector","tag-eleccion-2027","tag-ine","tag-ine-tabasco","tag-jovenes-2","tag-partidos-politicos-2"],"jetpack_publicize_connections":[],"featured_image_urls":{"full":["https:\/\/reporterosdelsur.org\/diario\/wp-content\/uploads\/2026\/09\/INE-1.jpeg",1600,1066,false],"thumbnail":["https:\/\/reporterosdelsur.org\/diario\/wp-content\/uploads\/2026\/09\/INE-1-150x150.jpeg",150,150,true],"medium":["https:\/\/reporterosdelsur.org\/diario\/wp-content\/uploads\/2026\/09\/INE-1-300x200.jpeg",300,200,true],"medium_large":["https:\/\/reporterosdelsur.org\/diario\/wp-content\/uploads\/2026\/09\/INE-1-768x512.jpeg",768,512,true],"large":["https:\/\/reporterosdelsur.org\/diario\/wp-content\/uploads\/2026\/09\/INE-1-1024x682.jpeg",1024,682,true],"1536x1536":["https:\/\/reporterosdelsur.org\/diario\/wp-content\/uploads\/2026\/09\/INE-1-1536x1023.jpeg",1536,1023,true],"2048x2048":["https:\/\/reporterosdelsur.org\/diario\/wp-content\/uploads\/2026\/09\/INE-1.jpeg",1600,1066,false],"ultp_layout_landscape_large":["https:\/\/reporterosdelsur.org\/diario\/wp-content\/uploads\/2026\/09\/INE-1-1200x800.jpeg",1200,800,true],"ultp_layout_landscape":["https:\/\/reporterosdelsur.org\/diario\/wp-content\/uploads\/2026\/09\/INE-1-870x570.jpeg",870,570,true],"ultp_layout_portrait":["https:\/\/reporterosdelsur.org\/diario\/wp-content\/uploads\/2026\/09\/INE-1-600x900.jpeg",600,900,true],"ultp_layout_square":["https:\/\/reporterosdelsur.org\/diario\/wp-content\/uploads\/2026\/09\/INE-1-600x600.jpeg",600,600,true],"hoot-medium-thumb":["https:\/\/reporterosdelsur.org\/diario\/wp-content\/uploads\/2026\/09\/INE-1-460x400.jpeg",460,400,true],"hoot-preview":["https:\/\/reporterosdelsur.org\/diario\/wp-content\/uploads\/2026\/09\/INE-1-465x310.jpeg",465,310,true],"hoot-preview-thumb":["https:\/\/reporterosdelsur.org\/diario\/wp-content\/uploads\/2026\/09\/INE-1-465x550.jpeg",465,550,true],"hoot-large-thumb":["https:\/\/reporterosdelsur.org\/diario\/wp-content\/uploads\/2026\/09\/INE-1-690x550.jpeg",690,550,true],"hoot-preview-large":["https:\/\/reporterosdelsur.org\/diario\/wp-content\/uploads\/2026\/09\/INE-1-695x463.jpeg",695,463,true],"hoot-wide-thumb":["https:\/\/reporterosdelsur.org\/diario\/wp-content\/uploads\/2026\/09\/INE-1-920x425.jpeg",920,425,true],"hoot-extra-wide-thumb":["https:\/\/reporterosdelsur.org\/diario\/wp-content\/uploads\/2026\/09\/INE-1-1035x425.jpeg",1035,425,true]},"author_info":{"display_name":"Reporteros del Sur","author_link":"https:\/\/reporterosdelsur.org\/diario\/author\/admin\/"},"category_info":"<a href=\"https:\/\/reporterosdelsur.org\/diario\/category\/tabasco\/\" rel=\"category tag\">Tabasco<\/a>","tag_info":"Tabasco","comment_count":"0","_links":{"self":[{"href":"https:\/\/reporterosdelsur.org\/diario\/wp-json\/wp\/v2\/posts\/58649","targetHints":{"allow":["GET"]}}],"collection":[{"href":"https:\/\/reporterosdelsur.org\/diario\/wp-json\/wp\/v2\/posts"}],"about":[{"href":"https:\/\/reporterosdelsur.org\/diario\/wp-json\/wp\/v2\/types\/post"}],"author":[{"embeddable":true,"href":"https:\/\/reporterosdelsur.org\/diario\/wp-json\/wp\/v2\/users\/1"}],"replies":[{"embeddable":true,"href":"https:\/\/reporterosdelsur.org\/diario\/wp-json\/wp\/v2\/comments?post=58649"}],"version-history":[{"count":1,"href":"https:\/\/reporterosdelsur.org\/diario\/wp-json\/wp\/v2\/posts\/58649\/revisions"}],"predecessor-version":[{"id":58653,"href":"https:\/\/reporterosdelsur.org\/diario\/wp-json\/wp\/v2\/posts\/58649\/revisions\/58653"}],"wp:featuredmedia":[{"embeddable":true,"href":"https:\/\/reporterosdelsur.org\/diario\/wp-json\/wp\/v2\/media\/58650"}],"wp:attachment":[{"href":"https:\/\/reporterosdelsur.org\/diario\/wp-json\/wp\/v2\/media?parent=58649"}],"wp:term":[{"taxonomy":"category","embeddable":true,"href":"https:\/\/reporterosdelsur.org\/diario\/wp-json\/wp\/v2\/categories?post=58649"},{"taxonomy":"post_tag","embeddable":true,"href":"https:\/\/reporterosdelsur.org\/diario\/wp-json\/wp\/v2\/tags?post=58649"}],"curies":[{"name":"wp","href":"https:\/\/api.w.org\/{rel}","templated":true}]}}