{"id":58639,"date":"2026-09-01T04:44:17","date_gmt":"2026-09-01T10:44:17","guid":{"rendered":"https:\/\/reporterosdelsur.org\/diario\/?p=58639"},"modified":"2026-09-01T04:44:20","modified_gmt":"2026-09-01T10:44:20","slug":"iran-advierte-que-podria-recurrir-a-guerra-asimetrica-mientras-eu-evalua-ataques-en-ormuz","status":"publish","type":"post","link":"https:\/\/reporterosdelsur.org\/diario\/2026\/09\/iran-advierte-que-podria-recurrir-a-guerra-asimetrica-mientras-eu-evalua-ataques-en-ormuz\/","title":{"rendered":"Ir\u00e1n advierte que podr\u00eda recurrir a guerra asim\u00e9trica mientras EU eval\u00faa ataques en Ormuz"},"content":{"rendered":"\n<p class=\"wp-block-paragraph\"><strong>Un alto mando de la Guardia Revolucionaria asegur\u00f3 que Teher\u00e1n a\u00fan combate de manera convencional, pero mantiene abierta la opci\u00f3n de recurrir a t\u00e1cticas asim\u00e9tricas. En paralelo, Washington analiza nuevas operaciones militares para proteger el tr\u00e1nsito mar\u00edtimo en el estrecho de Ormuz.<\/strong><\/p>\n\n\n\n<p class=\"wp-block-paragraph\"><strong>Teher\u00e1n.\u2014<\/strong> Ir\u00e1n todav\u00eda no considera necesario recurrir a t\u00e1cticas de guerra asim\u00e9trica en el actual conflicto con Estados Unidos e Israel, aunque mantiene esa opci\u00f3n sobre la mesa si las circunstancias lo requieren, afirm\u00f3 el general de brigada Mohammad Reza Naqdi, principal asesor del comandante en jefe del Cuerpo de la Guardia Revolucionaria Isl\u00e1mica (CGRI).<\/p>\n\n\n\n<p class=\"wp-block-paragraph\">En una entrevista con el canal Al-Mayadeen, el militar sostuvo que las acciones emprendidas hasta ahora corresponden a una guerra convencional, en la que ambos bandos han utilizado misiles, drones y aeronaves.<\/p>\n\n\n\n<p class=\"wp-block-paragraph\">\u201cLo que hemos hecho hasta ahora ha sido una guerra convencional. Lanzamos drones y misiles, y ellos tambi\u00e9n lanzaron aviones y misiles. A\u00fan no hemos entrado en la fase de guerra asim\u00e9trica\u201d, declar\u00f3.<\/p>\n\n\n\n<p class=\"wp-block-paragraph\">Naqdi explic\u00f3 que la guerra asim\u00e9trica implica operaciones dif\u00edciles de anticipar para el adversario y en lugares donde este no necesariamente tendr\u00eda capacidad para responder. En ese contexto, mencion\u00f3 incluso posibles acciones en centros financieros de Estados Unidos.<\/p>\n\n\n\n<figure class=\"wp-block-image size-large\"><img loading=\"lazy\" decoding=\"async\" width=\"1024\" height=\"577\" src=\"https:\/\/reporterosdelsur.org\/diario\/wp-content\/uploads\/2026\/09\/Iran-2-1024x577.jpg\" alt=\"\" class=\"wp-image-58640\" srcset=\"https:\/\/reporterosdelsur.org\/diario\/wp-content\/uploads\/2026\/09\/Iran-2-1024x577.jpg 1024w, https:\/\/reporterosdelsur.org\/diario\/wp-content\/uploads\/2026\/09\/Iran-2-300x169.jpg 300w, https:\/\/reporterosdelsur.org\/diario\/wp-content\/uploads\/2026\/09\/Iran-2-768x433.jpg 768w, https:\/\/reporterosdelsur.org\/diario\/wp-content\/uploads\/2026\/09\/Iran-2-465x262.jpg 465w, https:\/\/reporterosdelsur.org\/diario\/wp-content\/uploads\/2026\/09\/Iran-2-695x392.jpg 695w, https:\/\/reporterosdelsur.org\/diario\/wp-content\/uploads\/2026\/09\/Iran-2.jpg 1104w\" sizes=\"auto, (max-width: 1024px) 100vw, 1024px\" \/><\/figure>\n\n\n\n<p class=\"wp-block-paragraph\">El general asegur\u00f3 que, hasta ahora, Ir\u00e1n ha logrado mantener su seguridad mediante recursos convencionales, pero advirti\u00f3 que recurrir\u00eda a otro tipo de estrategia si las condiciones de la confrontaci\u00f3n lo hacen necesario.<\/p>\n\n\n\n<p class=\"wp-block-paragraph\">Adem\u00e1s, afirm\u00f3 que Teher\u00e1n conserva m\u00e1s de 90 por ciento de sus arsenales de misiles pese a los ataques estadounidenses e israel\u00edes registrados durante marzo y abril.<\/p>\n\n\n\n<p class=\"wp-block-paragraph\">Seg\u00fan Naqdi, las instalaciones de producci\u00f3n de armamento que resultaron da\u00f1adas durante el reciente conflicto ya fueron reconstruidas en lugares considerados seguros. A\u00f1adi\u00f3 que dichas instalaciones operan actualmente con nuevas tecnolog\u00edas y con una mayor capacidad de producci\u00f3n.<\/p>\n\n\n\n<p class=\"wp-block-paragraph\">El mando iran\u00ed tambi\u00e9n manifest\u00f3 confianza en una eventual victoria frente a Estados Unidos e Israel, aunque reconoci\u00f3 que esta no se alcanzar\u00eda con facilidad. En sus declaraciones, calific\u00f3 al Ej\u00e9rcito estadounidense como \u201cvac\u00edo y fr\u00e1gil\u201d y lo compar\u00f3 con un \u201ctigre de papel\u201d.<\/p>\n\n\n\n<h3 class=\"wp-block-heading\">EU analiza nuevas acciones en el estrecho de Ormuz<\/h3>\n\n\n\n<p class=\"wp-block-paragraph\">Mientras Teher\u00e1n advierte sobre sus capacidades militares, el gobierno del presidente Donald Trump eval\u00faa la posibilidad de realizar ataques militares limitados contra posiciones iran\u00edes en el estrecho de Ormuz, de acuerdo con informaci\u00f3n atribuida a funcionarios estadounidenses.<\/p>\n\n\n\n<p class=\"wp-block-paragraph\">La propuesta habr\u00eda sido desarrollada durante la \u00faltima semana por el Mando Central de Estados Unidos (CENTCOM) y contar\u00eda con el respaldo del secretario de Guerra, Pete Hegseth. El objetivo ser\u00eda impedir que Ir\u00e1n reconstruya sus sistemas de radar, defensa a\u00e9rea y misiles antibuque, adem\u00e1s de reducir las amenazas contra embarcaciones que transitan por una de las principales rutas mar\u00edtimas para el transporte de petr\u00f3leo.<\/p>\n\n\n\n<p class=\"wp-block-paragraph\">La iniciativa no hab\u00eda sido aprobada por Trump antes del intercambio de fuego registrado durante el fin de semana. Sin embargo, la nueva escalada podr\u00eda modificar la postura inicial de la Casa Blanca, que buscaba evitar una confrontaci\u00f3n de mayor alcance.<\/p>\n\n\n\n<figure class=\"wp-block-image size-large\"><img loading=\"lazy\" decoding=\"async\" width=\"1024\" height=\"577\" src=\"https:\/\/reporterosdelsur.org\/diario\/wp-content\/uploads\/2026\/09\/Estrecho-1024x577.jpg\" alt=\"\" class=\"wp-image-58641\" srcset=\"https:\/\/reporterosdelsur.org\/diario\/wp-content\/uploads\/2026\/09\/Estrecho-1024x577.jpg 1024w, https:\/\/reporterosdelsur.org\/diario\/wp-content\/uploads\/2026\/09\/Estrecho-300x169.jpg 300w, https:\/\/reporterosdelsur.org\/diario\/wp-content\/uploads\/2026\/09\/Estrecho-768x433.jpg 768w, https:\/\/reporterosdelsur.org\/diario\/wp-content\/uploads\/2026\/09\/Estrecho-465x262.jpg 465w, https:\/\/reporterosdelsur.org\/diario\/wp-content\/uploads\/2026\/09\/Estrecho-695x392.jpg 695w, https:\/\/reporterosdelsur.org\/diario\/wp-content\/uploads\/2026\/09\/Estrecho.jpg 1104w\" sizes=\"auto, (max-width: 1024px) 100vw, 1024px\" \/><\/figure>\n\n\n\n<p class=\"wp-block-paragraph\">De acuerdo con reportes citados por medios estadounidenses, las fuerzas de ese pa\u00eds han incrementado durante los \u00faltimos dos meses su control operativo sobre el estrecho, incluyendo labores para retirar minas y facilitar el tr\u00e1nsito de embarcaciones.<\/p>\n\n\n\n<p class=\"wp-block-paragraph\">No obstante, autoridades estadounidenses expresaron preocupaci\u00f3n por los esfuerzos iran\u00edes para reconstruir sus capacidades defensivas. Entre los hechos que han incrementado la tensi\u00f3n se encuentra el lanzamiento de un misil antia\u00e9reo iran\u00ed contra un avi\u00f3n de combate F-35 estadounidense que escoltaba embarcaciones en la zona.<\/p>\n\n\n\n<p class=\"wp-block-paragraph\">Ante esta situaci\u00f3n, CENTCOM habr\u00eda planteado la necesidad de realizar ofensivas peri\u00f3dicas para garantizar el tr\u00e1nsito de petroleros y reducir el riesgo de nuevos ataques contra buques comerciales y militares estadounidenses.<\/p>\n\n\n\n<p class=\"wp-block-paragraph\">La tensi\u00f3n aument\u00f3 a\u00fan m\u00e1s despu\u00e9s de que Ir\u00e1n lanzara el domingo proyectiles bal\u00edsticos contra bases estadounidenses ubicadas en Jordania, en respuesta a ataques previos de fuerzas estadounidenses contra tropas iran\u00edes.<\/p>\n\n\n\n<p class=\"wp-block-paragraph\">Tras esos hechos, Trump declar\u00f3 a Fox News que Estados Unidos responder\u00e1 y advirti\u00f3 que sus fuerzas \u201cgolpear\u00e1n con fuerza\u201d, elevando el riesgo de una nueva escalada militar en la regi\u00f3n.<\/p>\n","protected":false},"excerpt":{"rendered":"<p>Un alto mando de la Guardia Revolucionaria asegur\u00f3 que Teher\u00e1n a\u00fan combate de manera convencional, pero mantiene abierta la opci\u00f3n de recurrir a t\u00e1cticas asim\u00e9tricas. En paralelo, Washington analiza nuevas operaciones militares para proteger el tr\u00e1nsito mar\u00edtimo en el estrecho de Ormuz. Teher\u00e1n.\u2014 Ir\u00e1n todav\u00eda no considera necesario recurrir a<span class=\"more-link theme-more-link\"><a href=\"https:\/\/reporterosdelsur.org\/diario\/2026\/09\/iran-advierte-que-podria-recurrir-a-guerra-asimetrica-mientras-eu-evalua-ataques-en-ormuz\/\">Leer Nota Complete<\/a><\/span><\/p>\n","protected":false},"author":1,"featured_media":58640,"comment_status":"open","ping_status":"open","sticky":false,"template":"","format":"standard","meta":{"footnotes":"","jetpack_publicize_message":"","jetpack_publicize_feature_enabled":true,"jetpack_social_post_already_shared":true,"jetpack_social_options":{"image_generator_settings":{"template":"highway","default_image_id":0,"font":"","enabled":false},"version":2}},"categories":[4],"tags":[480,1346,146,481,101,1077,1114,1156,1143,1213,1378,1402,71,38,32,666,333],"class_list":["entry","author-admin","post-58639","post","type-post","status-publish","format-standard","has-post-thumbnail","category-mundo","tag-economia","tag-energeticos","tag-eu","tag-finanzas","tag-gas","tag-gobiernos","tag-guerras","tag-internacionales","tag-iran","tag-israel","tag-libano","tag-medio-oriente","tag-mundo","tag-noticias","tag-petroleo","tag-politica-2","tag-seguridad"],"jetpack_publicize_connections":[],"featured_image_urls":{"full":["https:\/\/reporterosdelsur.org\/diario\/wp-content\/uploads\/2026\/09\/Iran-2.jpg",1104,622,false],"thumbnail":["https:\/\/reporterosdelsur.org\/diario\/wp-content\/uploads\/2026\/09\/Iran-2-150x150.jpg",150,150,true],"medium":["https:\/\/reporterosdelsur.org\/diario\/wp-content\/uploads\/2026\/09\/Iran-2-300x169.jpg",300,169,true],"medium_large":["https:\/\/reporterosdelsur.org\/diario\/wp-content\/uploads\/2026\/09\/Iran-2-768x433.jpg",768,433,true],"large":["https:\/\/reporterosdelsur.org\/diario\/wp-content\/uploads\/2026\/09\/Iran-2-1024x577.jpg",1024,577,true],"1536x1536":["https:\/\/reporterosdelsur.org\/diario\/wp-content\/uploads\/2026\/09\/Iran-2.jpg",1104,622,false],"2048x2048":["https:\/\/reporterosdelsur.org\/diario\/wp-content\/uploads\/2026\/09\/Iran-2.jpg",1104,622,false],"ultp_layout_landscape_large":["https:\/\/reporterosdelsur.org\/diario\/wp-content\/uploads\/2026\/09\/Iran-2.jpg",1104,622,false],"ultp_layout_landscape":["https:\/\/reporterosdelsur.org\/diario\/wp-content\/uploads\/2026\/09\/Iran-2-870x570.jpg",870,570,true],"ultp_layout_portrait":["https:\/\/reporterosdelsur.org\/diario\/wp-content\/uploads\/2026\/09\/Iran-2-600x622.jpg",600,622,true],"ultp_layout_square":["https:\/\/reporterosdelsur.org\/diario\/wp-content\/uploads\/2026\/09\/Iran-2-600x600.jpg",600,600,true],"hoot-medium-thumb":["https:\/\/reporterosdelsur.org\/diario\/wp-content\/uploads\/2026\/09\/Iran-2-460x400.jpg",460,400,true],"hoot-preview":["https:\/\/reporterosdelsur.org\/diario\/wp-content\/uploads\/2026\/09\/Iran-2-465x262.jpg",465,262,true],"hoot-preview-thumb":["https:\/\/reporterosdelsur.org\/diario\/wp-content\/uploads\/2026\/09\/Iran-2-465x550.jpg",465,550,true],"hoot-large-thumb":["https:\/\/reporterosdelsur.org\/diario\/wp-content\/uploads\/2026\/09\/Iran-2-690x550.jpg",690,550,true],"hoot-preview-large":["https:\/\/reporterosdelsur.org\/diario\/wp-content\/uploads\/2026\/09\/Iran-2-695x392.jpg",695,392,true],"hoot-wide-thumb":["https:\/\/reporterosdelsur.org\/diario\/wp-content\/uploads\/2026\/09\/Iran-2-920x425.jpg",920,425,true],"hoot-extra-wide-thumb":["https:\/\/reporterosdelsur.org\/diario\/wp-content\/uploads\/2026\/09\/Iran-2-1035x425.jpg",1035,425,true]},"author_info":{"display_name":"Reporteros del Sur","author_link":"https:\/\/reporterosdelsur.org\/diario\/author\/admin\/"},"category_info":"<a href=\"https:\/\/reporterosdelsur.org\/diario\/category\/mundo\/\" rel=\"category tag\">Mundo<\/a>","tag_info":"Mundo","comment_count":"0","_links":{"self":[{"href":"https:\/\/reporterosdelsur.org\/diario\/wp-json\/wp\/v2\/posts\/58639","targetHints":{"allow":["GET"]}}],"collection":[{"href":"https:\/\/reporterosdelsur.org\/diario\/wp-json\/wp\/v2\/posts"}],"about":[{"href":"https:\/\/reporterosdelsur.org\/diario\/wp-json\/wp\/v2\/types\/post"}],"author":[{"embeddable":true,"href":"https:\/\/reporterosdelsur.org\/diario\/wp-json\/wp\/v2\/users\/1"}],"replies":[{"embeddable":true,"href":"https:\/\/reporterosdelsur.org\/diario\/wp-json\/wp\/v2\/comments?post=58639"}],"version-history":[{"count":1,"href":"https:\/\/reporterosdelsur.org\/diario\/wp-json\/wp\/v2\/posts\/58639\/revisions"}],"predecessor-version":[{"id":58642,"href":"https:\/\/reporterosdelsur.org\/diario\/wp-json\/wp\/v2\/posts\/58639\/revisions\/58642"}],"wp:featuredmedia":[{"embeddable":true,"href":"https:\/\/reporterosdelsur.org\/diario\/wp-json\/wp\/v2\/media\/58640"}],"wp:attachment":[{"href":"https:\/\/reporterosdelsur.org\/diario\/wp-json\/wp\/v2\/media?parent=58639"}],"wp:term":[{"taxonomy":"category","embeddable":true,"href":"https:\/\/reporterosdelsur.org\/diario\/wp-json\/wp\/v2\/categories?post=58639"},{"taxonomy":"post_tag","embeddable":true,"href":"https:\/\/reporterosdelsur.org\/diario\/wp-json\/wp\/v2\/tags?post=58639"}],"curies":[{"name":"wp","href":"https:\/\/api.w.org\/{rel}","templated":true}]}}