{"id":58636,"date":"2026-09-01T04:36:38","date_gmt":"2026-09-01T10:36:38","guid":{"rendered":"https:\/\/reporterosdelsur.org\/diario\/?p=58636"},"modified":"2026-09-01T04:36:42","modified_gmt":"2026-09-01T10:36:42","slug":"clara-brugada-plantea-ruta-para-legalizar-la-eutanasia-en-cdmx","status":"publish","type":"post","link":"https:\/\/reporterosdelsur.org\/diario\/2026\/09\/clara-brugada-plantea-ruta-para-legalizar-la-eutanasia-en-cdmx\/","title":{"rendered":"Clara Brugada plantea ruta para legalizar la eutanasia en CDMX"},"content":{"rendered":"\n<p class=\"wp-block-paragraph\"><strong>Una encuesta realizada por encargo del gobierno capitalino revel\u00f3 que 86% de la poblaci\u00f3n est\u00e1 de acuerdo con legalizar la eutanasia en casos espec\u00edficos.<\/strong><\/p>\n\n\n\n<p class=\"wp-block-paragraph\"><strong>Ciudad de M\u00e9xico.\u2014<\/strong> La jefa de Gobierno de la Ciudad de M\u00e9xico, Clara Brugada, inform\u00f3 que una encuesta encargada por su administraci\u00f3n revel\u00f3 que <strong>86 por ciento de la poblaci\u00f3n capitalina est\u00e1 de acuerdo con legalizar la eutanasia en casos espec\u00edficos<\/strong>, resultado que, consider\u00f3, abre la posibilidad de comenzar a construir una ruta para convertir esta pr\u00e1ctica en un nuevo derecho en la capital.<\/p>\n\n\n\n<p class=\"wp-block-paragraph\">Brugada se\u00f1al\u00f3 que ya sostuvo reuniones con representantes de organizaciones civiles que promueven la legalizaci\u00f3n de la eutanasia y adelant\u00f3 que su gobierno dar\u00e1 a conocer pr\u00f3ximamente m\u00e1s detalles sobre el proceso de discusi\u00f3n.<\/p>\n\n\n\n<p class=\"wp-block-paragraph\">La mandataria destac\u00f3 que la Ciudad de M\u00e9xico ha sido pionera en la ampliaci\u00f3n de derechos y libertades que en su momento parec\u00edan dif\u00edciles de concretar y que posteriormente fueron reconocidos en el marco legal.<\/p>\n\n\n\n<p class=\"wp-block-paragraph\">Ante la posibilidad de impulsar una iniciativa en esta materia, se\u00f1al\u00f3 que ser\u00e1 indispensable incorporar la opini\u00f3n de la ciudadan\u00eda, as\u00ed como los testimonios de familiares y personas cuidadoras que acompa\u00f1an a pacientes con enfermedades graves y conocen de primera mano las consecuencias del sufrimiento prolongado.<\/p>\n\n\n\n<figure class=\"wp-block-image size-large\"><img loading=\"lazy\" decoding=\"async\" width=\"1024\" height=\"576\" src=\"https:\/\/reporterosdelsur.org\/diario\/wp-content\/uploads\/2026\/09\/Eutanasia-1024x576.jpg\" alt=\"\" class=\"wp-image-58637\" srcset=\"https:\/\/reporterosdelsur.org\/diario\/wp-content\/uploads\/2026\/09\/Eutanasia-1024x576.jpg 1024w, https:\/\/reporterosdelsur.org\/diario\/wp-content\/uploads\/2026\/09\/Eutanasia-300x169.jpg 300w, https:\/\/reporterosdelsur.org\/diario\/wp-content\/uploads\/2026\/09\/Eutanasia-768x432.jpg 768w, https:\/\/reporterosdelsur.org\/diario\/wp-content\/uploads\/2026\/09\/Eutanasia-465x262.jpg 465w, https:\/\/reporterosdelsur.org\/diario\/wp-content\/uploads\/2026\/09\/Eutanasia-695x391.jpg 695w, https:\/\/reporterosdelsur.org\/diario\/wp-content\/uploads\/2026\/09\/Eutanasia.jpg 1280w\" sizes=\"auto, (max-width: 1024px) 100vw, 1024px\" \/><\/figure>\n\n\n\n<p class=\"wp-block-paragraph\">Asimismo, plante\u00f3 la participaci\u00f3n de especialistas en bio\u00e9tica y salud, organizaciones de la sociedad civil y otros sectores relacionados con el tema, con el prop\u00f3sito de enriquecer la discusi\u00f3n y establecer criterios para una eventual legislaci\u00f3n.<\/p>\n\n\n\n<p class=\"wp-block-paragraph\">\u201cEste gobierno cree en la autonom\u00eda personal frente al sufrimiento intolerable\u201d, expres\u00f3 Brugada al referirse a la postura de su administraci\u00f3n sobre la posibilidad de reconocer este derecho.<\/p>\n\n\n\n<p class=\"wp-block-paragraph\">La jefa de Gobierno agreg\u00f3 que las movilizaciones y acciones de organizaciones que han impulsado la legalizaci\u00f3n de la eutanasia han contribuido a colocar el tema en el debate p\u00fablico y podr\u00edan ayudar a definir los alcances de una eventual propuesta legislativa.<\/p>\n\n\n\n<p class=\"wp-block-paragraph\">De concretarse, el proceso implicar\u00eda abrir una discusi\u00f3n amplia sobre los criterios, salvaguardas y condiciones bajo los cuales podr\u00eda permitirse la eutanasia en casos espec\u00edficos, adem\u00e1s de considerar las perspectivas m\u00e9dicas, jur\u00eddicas, \u00e9ticas y sociales.<\/p>\n","protected":false},"excerpt":{"rendered":"<p>Una encuesta realizada por encargo del gobierno capitalino revel\u00f3 que 86% de la poblaci\u00f3n est\u00e1 de acuerdo con legalizar la eutanasia en casos espec\u00edficos. Ciudad de M\u00e9xico.\u2014 La jefa de Gobierno de la Ciudad de M\u00e9xico, Clara Brugada, inform\u00f3 que una encuesta encargada por su administraci\u00f3n revel\u00f3 que 86 por<span class=\"more-link theme-more-link\"><a href=\"https:\/\/reporterosdelsur.org\/diario\/2026\/09\/clara-brugada-plantea-ruta-para-legalizar-la-eutanasia-en-cdmx\/\">Leer Nota Complete<\/a><\/span><\/p>\n","protected":false},"author":1,"featured_media":58637,"comment_status":"open","ping_status":"open","sticky":false,"template":"","format":"standard","meta":{"footnotes":"","jetpack_publicize_message":"","jetpack_publicize_feature_enabled":true,"jetpack_social_post_already_shared":true,"jetpack_social_options":{"image_generator_settings":{"template":"highway","default_image_id":0,"font":"","enabled":false},"version":2}},"categories":[3],"tags":[480,2380,481,2175,1156,1210,38,564,1406,292,333,470,446],"class_list":["entry","author-admin","post-58636","post","type-post","status-publish","format-standard","has-post-thumbnail","category-mexico","tag-economia","tag-eutanasia","tag-finanzas","tag-gobierno-de-mexico","tag-internacionales","tag-nacionales","tag-noticias","tag-programas-sociales","tag-reformas","tag-scjn","tag-seguridad","tag-turismo","tag-viviendas"],"jetpack_publicize_connections":[],"featured_image_urls":{"full":["https:\/\/reporterosdelsur.org\/diario\/wp-content\/uploads\/2026\/09\/Eutanasia.jpg",1280,720,false],"thumbnail":["https:\/\/reporterosdelsur.org\/diario\/wp-content\/uploads\/2026\/09\/Eutanasia-150x150.jpg",150,150,true],"medium":["https:\/\/reporterosdelsur.org\/diario\/wp-content\/uploads\/2026\/09\/Eutanasia-300x169.jpg",300,169,true],"medium_large":["https:\/\/reporterosdelsur.org\/diario\/wp-content\/uploads\/2026\/09\/Eutanasia-768x432.jpg",768,432,true],"large":["https:\/\/reporterosdelsur.org\/diario\/wp-content\/uploads\/2026\/09\/Eutanasia-1024x576.jpg",1024,576,true],"1536x1536":["https:\/\/reporterosdelsur.org\/diario\/wp-content\/uploads\/2026\/09\/Eutanasia.jpg",1280,720,false],"2048x2048":["https:\/\/reporterosdelsur.org\/diario\/wp-content\/uploads\/2026\/09\/Eutanasia.jpg",1280,720,false],"ultp_layout_landscape_large":["https:\/\/reporterosdelsur.org\/diario\/wp-content\/uploads\/2026\/09\/Eutanasia-1200x720.jpg",1200,720,true],"ultp_layout_landscape":["https:\/\/reporterosdelsur.org\/diario\/wp-content\/uploads\/2026\/09\/Eutanasia-870x570.jpg",870,570,true],"ultp_layout_portrait":["https:\/\/reporterosdelsur.org\/diario\/wp-content\/uploads\/2026\/09\/Eutanasia-600x720.jpg",600,720,true],"ultp_layout_square":["https:\/\/reporterosdelsur.org\/diario\/wp-content\/uploads\/2026\/09\/Eutanasia-600x600.jpg",600,600,true],"hoot-medium-thumb":["https:\/\/reporterosdelsur.org\/diario\/wp-content\/uploads\/2026\/09\/Eutanasia-460x400.jpg",460,400,true],"hoot-preview":["https:\/\/reporterosdelsur.org\/diario\/wp-content\/uploads\/2026\/09\/Eutanasia-465x262.jpg",465,262,true],"hoot-preview-thumb":["https:\/\/reporterosdelsur.org\/diario\/wp-content\/uploads\/2026\/09\/Eutanasia-465x550.jpg",465,550,true],"hoot-large-thumb":["https:\/\/reporterosdelsur.org\/diario\/wp-content\/uploads\/2026\/09\/Eutanasia-690x550.jpg",690,550,true],"hoot-preview-large":["https:\/\/reporterosdelsur.org\/diario\/wp-content\/uploads\/2026\/09\/Eutanasia-695x391.jpg",695,391,true],"hoot-wide-thumb":["https:\/\/reporterosdelsur.org\/diario\/wp-content\/uploads\/2026\/09\/Eutanasia-920x425.jpg",920,425,true],"hoot-extra-wide-thumb":["https:\/\/reporterosdelsur.org\/diario\/wp-content\/uploads\/2026\/09\/Eutanasia-1035x425.jpg",1035,425,true]},"author_info":{"display_name":"Reporteros del Sur","author_link":"https:\/\/reporterosdelsur.org\/diario\/author\/admin\/"},"category_info":"<a href=\"https:\/\/reporterosdelsur.org\/diario\/category\/mexico\/\" rel=\"category tag\">M\u00e9xico<\/a>","tag_info":"M\u00e9xico","comment_count":"0","_links":{"self":[{"href":"https:\/\/reporterosdelsur.org\/diario\/wp-json\/wp\/v2\/posts\/58636","targetHints":{"allow":["GET"]}}],"collection":[{"href":"https:\/\/reporterosdelsur.org\/diario\/wp-json\/wp\/v2\/posts"}],"about":[{"href":"https:\/\/reporterosdelsur.org\/diario\/wp-json\/wp\/v2\/types\/post"}],"author":[{"embeddable":true,"href":"https:\/\/reporterosdelsur.org\/diario\/wp-json\/wp\/v2\/users\/1"}],"replies":[{"embeddable":true,"href":"https:\/\/reporterosdelsur.org\/diario\/wp-json\/wp\/v2\/comments?post=58636"}],"version-history":[{"count":1,"href":"https:\/\/reporterosdelsur.org\/diario\/wp-json\/wp\/v2\/posts\/58636\/revisions"}],"predecessor-version":[{"id":58638,"href":"https:\/\/reporterosdelsur.org\/diario\/wp-json\/wp\/v2\/posts\/58636\/revisions\/58638"}],"wp:featuredmedia":[{"embeddable":true,"href":"https:\/\/reporterosdelsur.org\/diario\/wp-json\/wp\/v2\/media\/58637"}],"wp:attachment":[{"href":"https:\/\/reporterosdelsur.org\/diario\/wp-json\/wp\/v2\/media?parent=58636"}],"wp:term":[{"taxonomy":"category","embeddable":true,"href":"https:\/\/reporterosdelsur.org\/diario\/wp-json\/wp\/v2\/categories?post=58636"},{"taxonomy":"post_tag","embeddable":true,"href":"https:\/\/reporterosdelsur.org\/diario\/wp-json\/wp\/v2\/tags?post=58636"}],"curies":[{"name":"wp","href":"https:\/\/api.w.org\/{rel}","templated":true}]}}