{"id":58633,"date":"2026-09-01T04:28:21","date_gmt":"2026-09-01T10:28:21","guid":{"rendered":"https:\/\/reporterosdelsur.org\/diario\/?p=58633"},"modified":"2026-09-01T04:28:26","modified_gmt":"2026-09-01T10:28:26","slug":"trump-abre-la-puerta-a-modificar-postura-de-eu-sobre-las-malvinas","status":"publish","type":"post","link":"https:\/\/reporterosdelsur.org\/diario\/2026\/09\/trump-abre-la-puerta-a-modificar-postura-de-eu-sobre-las-malvinas\/","title":{"rendered":"Trump abre la puerta a modificar postura de EU sobre las Malvinas"},"content":{"rendered":"\n<p class=\"wp-block-paragraph\"><strong>El presidente estadounidense asegur\u00f3 que revisa \u201ctodas las posiciones\u201d sobre el archipi\u00e9lago, en una declaraci\u00f3n que podr\u00eda generar preocupaci\u00f3n en el gobierno brit\u00e1nico.<\/strong><\/p>\n\n\n\n<p class=\"wp-block-paragraph\"><strong>Washington.\u2014<\/strong> El presidente de Estados Unidos, Donald Trump, dej\u00f3 abierta la posibilidad de que su gobierno modifique la postura hist\u00f3rica de Washington sobre las islas Malvinas, basada en la neutralidad frente a la disputa de soberan\u00eda entre Argentina y Reino Unido.<\/p>\n\n\n\n<p class=\"wp-block-paragraph\">Durante una conversaci\u00f3n con periodistas en el Despacho Oval de la Casa Blanca, Trump fue cuestionado sobre la posibilidad de que Estados Unidos reconozca de manera expl\u00edcita el control brit\u00e1nico de facto sobre el archipi\u00e9lago.<\/p>\n\n\n\n<figure class=\"wp-block-embed is-type-rich is-provider-x wp-block-embed-x\"><div class=\"wp-block-embed__wrapper\">\n<blockquote class=\"twitter-tweet\" data-width=\"550\" data-dnt=\"true\"><p lang=\"es\" dir=\"ltr\">\ud83c\uddfa\ud83c\uddf8\u26a1\ufe0f\ud83c\uddec\ud83c\udde7 TRUMP deja entrever que EE.UU. podr\u00eda cambiar su postura hist\u00f3rica sobre las MALVINAS <a href=\"https:\/\/t.co\/TNyQ0GkAmS\">pic.twitter.com\/TNyQ0GkAmS<\/a><\/p>&mdash; LOS VIDEOS DE ERRETE (@videoserrete) <a href=\"https:\/\/x.com\/videoserrete\/status\/2094596241195708472?ref_src=twsrc%5Etfw\">September 1, 2026<\/a><\/blockquote><script async src=\"https:\/\/platform.x.com\/widgets.js\" charset=\"utf-8\"><\/script>\n<\/div><\/figure>\n\n\n\n<p class=\"wp-block-paragraph\">\u201cSiempre reviso todas las posiciones. Esa es apenas una entre muchas\u201d, respondi\u00f3 el mandatario, sin precisar si su administraci\u00f3n contempla abandonar la tradicional posici\u00f3n de neutralidad estadounidense.<\/p>\n\n\n\n<p class=\"wp-block-paragraph\">La declaraci\u00f3n se produjo despu\u00e9s de que el diario brit\u00e1nico <em>The Telegraph<\/em> informara que Washington podr\u00eda retirar parte de su respaldo a Londres si el Reino Unido no incrementa de manera suficiente su gasto destinado a defensa.<\/p>\n\n\n\n<p class=\"wp-block-paragraph\">De acuerdo con el reporte, un alto funcionario estadounidense habr\u00eda se\u00f1alado que la administraci\u00f3n de Trump continuar\u00e1 ejerciendo presi\u00f3n para incentivar al gobierno brit\u00e1nico a aumentar sus compromisos en materia de defensa.<\/p>\n\n\n\n<p class=\"wp-block-paragraph\">\u201cContinuaremos los esfuerzos para incentivar y permitir que el Reino Unido d\u00e9 un gran paso adelante\u201d, declar\u00f3 el funcionario al medio brit\u00e1nico, en un mensaje dirigido al gobierno encabezado por Andy Burnham.<\/p>\n\n\n\n<p class=\"wp-block-paragraph\">El tema ya hab\u00eda aparecido meses atr\u00e1s dentro de los an\u00e1lisis del gobierno estadounidense. En abril, Reuters report\u00f3 la existencia de un correo interno del Pent\u00e1gono en el que se contemplaba revisar la posici\u00f3n de Washington respecto de las Malvinas como una de las posibles medidas de presi\u00f3n contra aliados europeos considerados poco comprometidos con las operaciones militares estadounidenses contra Ir\u00e1n.<\/p>\n\n\n\n<figure class=\"wp-block-image size-large\"><img loading=\"lazy\" decoding=\"async\" width=\"1024\" height=\"577\" src=\"https:\/\/reporterosdelsur.org\/diario\/wp-content\/uploads\/2026\/09\/EU-1024x577.jpg\" alt=\"\" class=\"wp-image-58634\" srcset=\"https:\/\/reporterosdelsur.org\/diario\/wp-content\/uploads\/2026\/09\/EU-1024x577.jpg 1024w, https:\/\/reporterosdelsur.org\/diario\/wp-content\/uploads\/2026\/09\/EU-300x169.jpg 300w, https:\/\/reporterosdelsur.org\/diario\/wp-content\/uploads\/2026\/09\/EU-768x433.jpg 768w, https:\/\/reporterosdelsur.org\/diario\/wp-content\/uploads\/2026\/09\/EU-465x262.jpg 465w, https:\/\/reporterosdelsur.org\/diario\/wp-content\/uploads\/2026\/09\/EU-695x392.jpg 695w, https:\/\/reporterosdelsur.org\/diario\/wp-content\/uploads\/2026\/09\/EU.jpg 1104w\" sizes=\"auto, (max-width: 1024px) 100vw, 1024px\" \/><\/figure>\n\n\n\n<p class=\"wp-block-paragraph\">Sin embargo, las declaraciones de Trump representan una se\u00f1al p\u00fablica sobre el asunto y, seg\u00fan <em>The Telegraph<\/em>, constituyen la primera ocasi\u00f3n en que el mandatario aborda directamente la cuesti\u00f3n de las Malvinas en p\u00fablico.<\/p>\n\n\n\n<p class=\"wp-block-paragraph\">El pronunciamiento podr\u00eda generar inquietud en Downing Street, debido a la importancia estrat\u00e9gica que el Reino Unido concede al archipi\u00e9lago y a su relaci\u00f3n de defensa con Estados Unidos.<\/p>\n\n\n\n<p class=\"wp-block-paragraph\">La disputa por las islas Malvinas, conocidas como Falkland Islands en Reino Unido, permanece como uno de los principales conflictos territoriales entre Argentina y Reino Unido, pese a que Londres mantiene actualmente el control efectivo del territorio.<\/p>\n","protected":false},"excerpt":{"rendered":"<p>El presidente estadounidense asegur\u00f3 que revisa \u201ctodas las posiciones\u201d sobre el archipi\u00e9lago, en una declaraci\u00f3n que podr\u00eda generar preocupaci\u00f3n en el gobierno brit\u00e1nico. Washington.\u2014 El presidente de Estados Unidos, Donald Trump, dej\u00f3 abierta la posibilidad de que su gobierno modifique la postura hist\u00f3rica de Washington sobre las islas Malvinas, basada<span class=\"more-link theme-more-link\"><a href=\"https:\/\/reporterosdelsur.org\/diario\/2026\/09\/trump-abre-la-puerta-a-modificar-postura-de-eu-sobre-las-malvinas\/\">Leer Nota Complete<\/a><\/span><\/p>\n","protected":false},"author":1,"featured_media":58634,"comment_status":"open","ping_status":"open","sticky":false,"template":"","format":"standard","meta":{"footnotes":"","jetpack_publicize_message":"","jetpack_publicize_feature_enabled":true,"jetpack_social_post_already_shared":true,"jetpack_social_options":{"image_generator_settings":{"template":"highway","default_image_id":0,"font":"","enabled":false},"version":2}},"categories":[4],"tags":[66,480,1346,146,481,101,1077,1114,1156,1143,2379,71,38,32,666,333],"class_list":["entry","author-admin","post-58633","post","type-post","status-publish","format-standard","has-post-thumbnail","category-mundo","tag-argentina","tag-economia","tag-energeticos","tag-eu","tag-finanzas","tag-gas","tag-gobiernos","tag-guerras","tag-internacionales","tag-iran","tag-malvinas","tag-mundo","tag-noticias","tag-petroleo","tag-politica-2","tag-seguridad"],"jetpack_publicize_connections":[],"featured_image_urls":{"full":["https:\/\/reporterosdelsur.org\/diario\/wp-content\/uploads\/2026\/09\/EU.jpg",1104,622,false],"thumbnail":["https:\/\/reporterosdelsur.org\/diario\/wp-content\/uploads\/2026\/09\/EU-150x150.jpg",150,150,true],"medium":["https:\/\/reporterosdelsur.org\/diario\/wp-content\/uploads\/2026\/09\/EU-300x169.jpg",300,169,true],"medium_large":["https:\/\/reporterosdelsur.org\/diario\/wp-content\/uploads\/2026\/09\/EU-768x433.jpg",768,433,true],"large":["https:\/\/reporterosdelsur.org\/diario\/wp-content\/uploads\/2026\/09\/EU-1024x577.jpg",1024,577,true],"1536x1536":["https:\/\/reporterosdelsur.org\/diario\/wp-content\/uploads\/2026\/09\/EU.jpg",1104,622,false],"2048x2048":["https:\/\/reporterosdelsur.org\/diario\/wp-content\/uploads\/2026\/09\/EU.jpg",1104,622,false],"ultp_layout_landscape_large":["https:\/\/reporterosdelsur.org\/diario\/wp-content\/uploads\/2026\/09\/EU.jpg",1104,622,false],"ultp_layout_landscape":["https:\/\/reporterosdelsur.org\/diario\/wp-content\/uploads\/2026\/09\/EU-870x570.jpg",870,570,true],"ultp_layout_portrait":["https:\/\/reporterosdelsur.org\/diario\/wp-content\/uploads\/2026\/09\/EU-600x622.jpg",600,622,true],"ultp_layout_square":["https:\/\/reporterosdelsur.org\/diario\/wp-content\/uploads\/2026\/09\/EU-600x600.jpg",600,600,true],"hoot-medium-thumb":["https:\/\/reporterosdelsur.org\/diario\/wp-content\/uploads\/2026\/09\/EU-460x400.jpg",460,400,true],"hoot-preview":["https:\/\/reporterosdelsur.org\/diario\/wp-content\/uploads\/2026\/09\/EU-465x262.jpg",465,262,true],"hoot-preview-thumb":["https:\/\/reporterosdelsur.org\/diario\/wp-content\/uploads\/2026\/09\/EU-465x550.jpg",465,550,true],"hoot-large-thumb":["https:\/\/reporterosdelsur.org\/diario\/wp-content\/uploads\/2026\/09\/EU-690x550.jpg",690,550,true],"hoot-preview-large":["https:\/\/reporterosdelsur.org\/diario\/wp-content\/uploads\/2026\/09\/EU-695x392.jpg",695,392,true],"hoot-wide-thumb":["https:\/\/reporterosdelsur.org\/diario\/wp-content\/uploads\/2026\/09\/EU-920x425.jpg",920,425,true],"hoot-extra-wide-thumb":["https:\/\/reporterosdelsur.org\/diario\/wp-content\/uploads\/2026\/09\/EU-1035x425.jpg",1035,425,true]},"author_info":{"display_name":"Reporteros del Sur","author_link":"https:\/\/reporterosdelsur.org\/diario\/author\/admin\/"},"category_info":"<a href=\"https:\/\/reporterosdelsur.org\/diario\/category\/mundo\/\" rel=\"category tag\">Mundo<\/a>","tag_info":"Mundo","comment_count":"0","_links":{"self":[{"href":"https:\/\/reporterosdelsur.org\/diario\/wp-json\/wp\/v2\/posts\/58633","targetHints":{"allow":["GET"]}}],"collection":[{"href":"https:\/\/reporterosdelsur.org\/diario\/wp-json\/wp\/v2\/posts"}],"about":[{"href":"https:\/\/reporterosdelsur.org\/diario\/wp-json\/wp\/v2\/types\/post"}],"author":[{"embeddable":true,"href":"https:\/\/reporterosdelsur.org\/diario\/wp-json\/wp\/v2\/users\/1"}],"replies":[{"embeddable":true,"href":"https:\/\/reporterosdelsur.org\/diario\/wp-json\/wp\/v2\/comments?post=58633"}],"version-history":[{"count":1,"href":"https:\/\/reporterosdelsur.org\/diario\/wp-json\/wp\/v2\/posts\/58633\/revisions"}],"predecessor-version":[{"id":58635,"href":"https:\/\/reporterosdelsur.org\/diario\/wp-json\/wp\/v2\/posts\/58633\/revisions\/58635"}],"wp:featuredmedia":[{"embeddable":true,"href":"https:\/\/reporterosdelsur.org\/diario\/wp-json\/wp\/v2\/media\/58634"}],"wp:attachment":[{"href":"https:\/\/reporterosdelsur.org\/diario\/wp-json\/wp\/v2\/media?parent=58633"}],"wp:term":[{"taxonomy":"category","embeddable":true,"href":"https:\/\/reporterosdelsur.org\/diario\/wp-json\/wp\/v2\/categories?post=58633"},{"taxonomy":"post_tag","embeddable":true,"href":"https:\/\/reporterosdelsur.org\/diario\/wp-json\/wp\/v2\/tags?post=58633"}],"curies":[{"name":"wp","href":"https:\/\/api.w.org\/{rel}","templated":true}]}}