{"id":58625,"date":"2026-09-01T04:13:53","date_gmt":"2026-09-01T10:13:53","guid":{"rendered":"https:\/\/reporterosdelsur.org\/diario\/?p=58625"},"modified":"2026-09-01T04:13:56","modified_gmt":"2026-09-01T10:13:56","slug":"iran-reporta-danos-en-base-aerea-de-eu-en-jordania-tras-ataque-con-drones-y-misiles","status":"publish","type":"post","link":"https:\/\/reporterosdelsur.org\/diario\/2026\/09\/iran-reporta-danos-en-base-aerea-de-eu-en-jordania-tras-ataque-con-drones-y-misiles\/","title":{"rendered":"Ir\u00e1n reporta da\u00f1os en base a\u00e9rea de EU en Jordania tras ataque con drones y misiles"},"content":{"rendered":"\n<p class=\"wp-block-paragraph\"><strong>Medios iran\u00edes difundieron im\u00e1genes satelitales en las que se observar\u00edan da\u00f1os en la base Muwaffaq Salti, en Azraq; el CGRI asegura que alcanz\u00f3 infraestructura militar estadounidense en dos instalaciones.<\/strong><\/p>\n\n\n\n<p class=\"wp-block-paragraph\"><strong>Teher\u00e1n.\u2014<\/strong> Medios iran\u00edes difundieron este lunes im\u00e1genes satelitales que, seg\u00fan sus reportes, muestran da\u00f1os en la base a\u00e9rea Muwaffaq Salti, ubicada en la localidad jordana de Azraq y utilizada por fuerzas estadounidenses.<\/p>\n\n\n\n<p class=\"wp-block-paragraph\">De acuerdo con la agencia Mehr, las im\u00e1genes permitir\u00edan observar la destrucci\u00f3n de un hangar destinado a aviones de combate del Ej\u00e9rcito de Estados Unidos, presuntamente como consecuencia de un ataque de represalia efectuado por el Cuerpo de la Guardia Revolucionaria Isl\u00e1mica (CGRI) durante la noche del 30 al 31 de agosto.<\/p>\n\n\n\n<p class=\"wp-block-paragraph\">Previamente, el CGRI inform\u00f3 que hab\u00eda ejecutado una operaci\u00f3n combinada con drones y misiles contra posiciones estadounidenses, en respuesta a lo que calific\u00f3 como una agresi\u00f3n contra la isla de Larak, operaci\u00f3n que, seg\u00fan las autoridades iran\u00edes, fue lanzada desde territorio jordano y dej\u00f3 personas muertas y heridas.<\/p>\n\n\n\n<figure class=\"wp-block-image size-large\"><img loading=\"lazy\" decoding=\"async\" width=\"1024\" height=\"577\" src=\"https:\/\/reporterosdelsur.org\/diario\/wp-content\/uploads\/2026\/09\/Iran-1024x577.jpg\" alt=\"\" class=\"wp-image-58626\" srcset=\"https:\/\/reporterosdelsur.org\/diario\/wp-content\/uploads\/2026\/09\/Iran-1024x577.jpg 1024w, https:\/\/reporterosdelsur.org\/diario\/wp-content\/uploads\/2026\/09\/Iran-300x169.jpg 300w, https:\/\/reporterosdelsur.org\/diario\/wp-content\/uploads\/2026\/09\/Iran-768x433.jpg 768w, https:\/\/reporterosdelsur.org\/diario\/wp-content\/uploads\/2026\/09\/Iran-465x262.jpg 465w, https:\/\/reporterosdelsur.org\/diario\/wp-content\/uploads\/2026\/09\/Iran-695x392.jpg 695w, https:\/\/reporterosdelsur.org\/diario\/wp-content\/uploads\/2026\/09\/Iran.jpg 1104w\" sizes=\"auto, (max-width: 1024px) 100vw, 1024px\" \/><\/figure>\n\n\n\n<p class=\"wp-block-paragraph\">Los militares iran\u00edes se\u00f1alaron que durante la ofensiva fueron alcanzadas instalaciones consideradas estrat\u00e9gicas para las fuerzas estadounidenses, entre ellas infraestructura t\u00e9cnica y de reparaci\u00f3n, as\u00ed como \u00e1reas utilizadas para el despliegue de aeronaves.<\/p>\n\n\n\n<p class=\"wp-block-paragraph\">El CGRI afirm\u00f3 que los ataques tuvieron como objetivos las bases a\u00e9reas estadounidenses Al Hussein y Al Azraq, esta \u00faltima identificada como Muwaffaq Salti, y sostuvo que ambas instalaciones sufrieron &#8220;da\u00f1os significativos&#8221;.<\/p>\n\n\n\n<p class=\"wp-block-paragraph\">La difusi\u00f3n de las im\u00e1genes ocurre en medio de una creciente tensi\u00f3n militar en la regi\u00f3n, aunque los reportes sobre los da\u00f1os y el alcance de la ofensiva corresponden, por el momento, a las declaraciones y materiales difundidos por medios y autoridades iran\u00edes.<\/p>\n","protected":false},"excerpt":{"rendered":"<p>Medios iran\u00edes difundieron im\u00e1genes satelitales en las que se observar\u00edan da\u00f1os en la base Muwaffaq Salti, en Azraq; el CGRI asegura que alcanz\u00f3 infraestructura militar estadounidense en dos instalaciones. Teher\u00e1n.\u2014 Medios iran\u00edes difundieron este lunes im\u00e1genes satelitales que, seg\u00fan sus reportes, muestran da\u00f1os en la base a\u00e9rea Muwaffaq Salti, ubicada<span class=\"more-link theme-more-link\"><a href=\"https:\/\/reporterosdelsur.org\/diario\/2026\/09\/iran-reporta-danos-en-base-aerea-de-eu-en-jordania-tras-ataque-con-drones-y-misiles\/\">Leer Nota Complete<\/a><\/span><\/p>\n","protected":false},"author":1,"featured_media":58626,"comment_status":"open","ping_status":"open","sticky":false,"template":"","format":"standard","meta":{"footnotes":"","jetpack_publicize_message":"","jetpack_publicize_feature_enabled":true,"jetpack_social_post_already_shared":true,"jetpack_social_options":{"image_generator_settings":{"template":"highway","default_image_id":0,"font":"","enabled":false},"version":2}},"categories":[4],"tags":[480,1346,146,481,101,1077,1114,1156,1143,1213,1378,1402,71,38,32,666,333],"class_list":["entry","author-admin","post-58625","post","type-post","status-publish","format-standard","has-post-thumbnail","category-mundo","tag-economia","tag-energeticos","tag-eu","tag-finanzas","tag-gas","tag-gobiernos","tag-guerras","tag-internacionales","tag-iran","tag-israel","tag-libano","tag-medio-oriente","tag-mundo","tag-noticias","tag-petroleo","tag-politica-2","tag-seguridad"],"jetpack_publicize_connections":[],"featured_image_urls":{"full":["https:\/\/reporterosdelsur.org\/diario\/wp-content\/uploads\/2026\/09\/Iran.jpg",1104,622,false],"thumbnail":["https:\/\/reporterosdelsur.org\/diario\/wp-content\/uploads\/2026\/09\/Iran-150x150.jpg",150,150,true],"medium":["https:\/\/reporterosdelsur.org\/diario\/wp-content\/uploads\/2026\/09\/Iran-300x169.jpg",300,169,true],"medium_large":["https:\/\/reporterosdelsur.org\/diario\/wp-content\/uploads\/2026\/09\/Iran-768x433.jpg",768,433,true],"large":["https:\/\/reporterosdelsur.org\/diario\/wp-content\/uploads\/2026\/09\/Iran-1024x577.jpg",1024,577,true],"1536x1536":["https:\/\/reporterosdelsur.org\/diario\/wp-content\/uploads\/2026\/09\/Iran.jpg",1104,622,false],"2048x2048":["https:\/\/reporterosdelsur.org\/diario\/wp-content\/uploads\/2026\/09\/Iran.jpg",1104,622,false],"ultp_layout_landscape_large":["https:\/\/reporterosdelsur.org\/diario\/wp-content\/uploads\/2026\/09\/Iran.jpg",1104,622,false],"ultp_layout_landscape":["https:\/\/reporterosdelsur.org\/diario\/wp-content\/uploads\/2026\/09\/Iran-870x570.jpg",870,570,true],"ultp_layout_portrait":["https:\/\/reporterosdelsur.org\/diario\/wp-content\/uploads\/2026\/09\/Iran-600x622.jpg",600,622,true],"ultp_layout_square":["https:\/\/reporterosdelsur.org\/diario\/wp-content\/uploads\/2026\/09\/Iran-600x600.jpg",600,600,true],"hoot-medium-thumb":["https:\/\/reporterosdelsur.org\/diario\/wp-content\/uploads\/2026\/09\/Iran-460x400.jpg",460,400,true],"hoot-preview":["https:\/\/reporterosdelsur.org\/diario\/wp-content\/uploads\/2026\/09\/Iran-465x262.jpg",465,262,true],"hoot-preview-thumb":["https:\/\/reporterosdelsur.org\/diario\/wp-content\/uploads\/2026\/09\/Iran-465x550.jpg",465,550,true],"hoot-large-thumb":["https:\/\/reporterosdelsur.org\/diario\/wp-content\/uploads\/2026\/09\/Iran-690x550.jpg",690,550,true],"hoot-preview-large":["https:\/\/reporterosdelsur.org\/diario\/wp-content\/uploads\/2026\/09\/Iran-695x392.jpg",695,392,true],"hoot-wide-thumb":["https:\/\/reporterosdelsur.org\/diario\/wp-content\/uploads\/2026\/09\/Iran-920x425.jpg",920,425,true],"hoot-extra-wide-thumb":["https:\/\/reporterosdelsur.org\/diario\/wp-content\/uploads\/2026\/09\/Iran-1035x425.jpg",1035,425,true]},"author_info":{"display_name":"Reporteros del Sur","author_link":"https:\/\/reporterosdelsur.org\/diario\/author\/admin\/"},"category_info":"<a href=\"https:\/\/reporterosdelsur.org\/diario\/category\/mundo\/\" rel=\"category tag\">Mundo<\/a>","tag_info":"Mundo","comment_count":"0","_links":{"self":[{"href":"https:\/\/reporterosdelsur.org\/diario\/wp-json\/wp\/v2\/posts\/58625","targetHints":{"allow":["GET"]}}],"collection":[{"href":"https:\/\/reporterosdelsur.org\/diario\/wp-json\/wp\/v2\/posts"}],"about":[{"href":"https:\/\/reporterosdelsur.org\/diario\/wp-json\/wp\/v2\/types\/post"}],"author":[{"embeddable":true,"href":"https:\/\/reporterosdelsur.org\/diario\/wp-json\/wp\/v2\/users\/1"}],"replies":[{"embeddable":true,"href":"https:\/\/reporterosdelsur.org\/diario\/wp-json\/wp\/v2\/comments?post=58625"}],"version-history":[{"count":1,"href":"https:\/\/reporterosdelsur.org\/diario\/wp-json\/wp\/v2\/posts\/58625\/revisions"}],"predecessor-version":[{"id":58627,"href":"https:\/\/reporterosdelsur.org\/diario\/wp-json\/wp\/v2\/posts\/58625\/revisions\/58627"}],"wp:featuredmedia":[{"embeddable":true,"href":"https:\/\/reporterosdelsur.org\/diario\/wp-json\/wp\/v2\/media\/58626"}],"wp:attachment":[{"href":"https:\/\/reporterosdelsur.org\/diario\/wp-json\/wp\/v2\/media?parent=58625"}],"wp:term":[{"taxonomy":"category","embeddable":true,"href":"https:\/\/reporterosdelsur.org\/diario\/wp-json\/wp\/v2\/categories?post=58625"},{"taxonomy":"post_tag","embeddable":true,"href":"https:\/\/reporterosdelsur.org\/diario\/wp-json\/wp\/v2\/tags?post=58625"}],"curies":[{"name":"wp","href":"https:\/\/api.w.org\/{rel}","templated":true}]}}