{"id":58611,"date":"2026-08-31T21:40:51","date_gmt":"2026-09-01T03:40:51","guid":{"rendered":"https:\/\/reporterosdelsur.org\/diario\/?p=58611"},"modified":"2026-08-31T21:40:55","modified_gmt":"2026-09-01T03:40:55","slug":"javier-may-inaugura-ciclo-escolar-2026-2027-la-verdadera-riqueza-de-tabasco-esta-en-sus-estudiantes-afirma","status":"publish","type":"post","link":"https:\/\/reporterosdelsur.org\/diario\/2026\/08\/javier-may-inaugura-ciclo-escolar-2026-2027-la-verdadera-riqueza-de-tabasco-esta-en-sus-estudiantes-afirma\/","title":{"rendered":"Javier May inaugura ciclo escolar 2026-2027; la verdadera riqueza de Tabasco est\u00e1 en sus estudiantes, afirma"},"content":{"rendered":"\n<p class=\"has-large-font-size wp-block-paragraph\">\u00a0<strong>Junto al director general de Bachillerato de SEP, Uladimir Valdez Pereznu\u00f1ez, el mandatario estatal hizo entrega simb\u00f3lica de libros de texto gratuitos a las y los alumnos de todos los niveles educativos<\/strong><\/p>\n\n\n\n<p class=\"has-text-align-center wp-block-paragraph\"><strong>VILLAHERMOSA, TAB<\/strong><\/p>\n\n\n\n<p class=\"wp-block-paragraph\">La verdadera riqueza de Tabasco est\u00e1 en sus estudiantes, con su talento en sus ideas y en sus capacidades para transformar sus comunidades, afirm\u00f3 el Gobernador Javier May Rodr\u00edguez al inaugurar el ciclo escolar 2026-2027 y dar la bienvenida a 704 mil 110 alumnas y alumnos de educaci\u00f3n preescolar, primaria, secundaria y media superior.<\/p>\n\n\n\n<figure class=\"wp-block-embed is-type-rich is-provider-x wp-block-embed-x\"><div class=\"wp-block-embed__wrapper\">\n<blockquote class=\"twitter-tweet\" data-width=\"550\" data-dnt=\"true\"><p lang=\"es\" dir=\"ltr\">Seguimos cumpliendo con las y los tabasque\u00f1os, reconociendo su esfuerzo y todo lo que aportan a nuestro estado. <a href=\"https:\/\/x.com\/hashtag\/LaVerdaderaRiquezadeTabasco?src=hash&amp;ref_src=twsrc%5Etfw\">#LaVerdaderaRiquezadeTabasco<\/a>, es el gran valor de nuestra gente. <a href=\"https:\/\/t.co\/BtbelZsbvp\">pic.twitter.com\/BtbelZsbvp<\/a><\/p>&mdash; JAVIER MAY (@TabascoJavier) <a href=\"https:\/\/x.com\/TabascoJavier\/status\/2094621286194426020?ref_src=twsrc%5Etfw\">September 1, 2026<\/a><\/blockquote><script async src=\"https:\/\/platform.x.com\/widgets.js\" charset=\"utf-8\"><\/script>\n<\/div><\/figure>\n\n\n\n<p class=\"wp-block-paragraph\">Desde el plantel 28 del Colegio de Bachilleres de Tabasco (Cobatab), ubicado en la capital tabasque\u00f1a, junto al director general de Bachillerato de la Secretar\u00eda de Educaci\u00f3n P\u00fablica (SEP) del Gobierno de M\u00e9xico, Uladimir Valdez Pereznu\u00f1ez, el mandatario estatal hizo entrega simb\u00f3lica de libros de texto gratuitos a las y los alumnos de todos los niveles educativos.<\/p>\n\n\n\n<figure class=\"wp-block-image size-large\"><img loading=\"lazy\" decoding=\"async\" width=\"1024\" height=\"682\" src=\"https:\/\/reporterosdelsur.org\/diario\/wp-content\/uploads\/2026\/08\/es3-1024x682.jpeg\" alt=\"\" class=\"wp-image-58613\" srcset=\"https:\/\/reporterosdelsur.org\/diario\/wp-content\/uploads\/2026\/08\/es3-1024x682.jpeg 1024w, https:\/\/reporterosdelsur.org\/diario\/wp-content\/uploads\/2026\/08\/es3-300x200.jpeg 300w, https:\/\/reporterosdelsur.org\/diario\/wp-content\/uploads\/2026\/08\/es3-768x512.jpeg 768w, https:\/\/reporterosdelsur.org\/diario\/wp-content\/uploads\/2026\/08\/es3-1536x1024.jpeg 1536w, https:\/\/reporterosdelsur.org\/diario\/wp-content\/uploads\/2026\/08\/es3-2048x1365.jpeg 2048w, https:\/\/reporterosdelsur.org\/diario\/wp-content\/uploads\/2026\/08\/es3-1200x800.jpeg 1200w, https:\/\/reporterosdelsur.org\/diario\/wp-content\/uploads\/2026\/08\/es3-465x310.jpeg 465w, https:\/\/reporterosdelsur.org\/diario\/wp-content\/uploads\/2026\/08\/es3-695x463.jpeg 695w\" sizes=\"auto, (max-width: 1024px) 100vw, 1024px\" \/><\/figure>\n\n\n\n<figure class=\"wp-block-image size-large\"><img loading=\"lazy\" decoding=\"async\" width=\"1024\" height=\"682\" src=\"https:\/\/reporterosdelsur.org\/diario\/wp-content\/uploads\/2026\/08\/es-1024x682.jpeg\" alt=\"\" class=\"wp-image-58615\" srcset=\"https:\/\/reporterosdelsur.org\/diario\/wp-content\/uploads\/2026\/08\/es-1024x682.jpeg 1024w, https:\/\/reporterosdelsur.org\/diario\/wp-content\/uploads\/2026\/08\/es-300x200.jpeg 300w, https:\/\/reporterosdelsur.org\/diario\/wp-content\/uploads\/2026\/08\/es-768x512.jpeg 768w, https:\/\/reporterosdelsur.org\/diario\/wp-content\/uploads\/2026\/08\/es-1536x1023.jpeg 1536w, https:\/\/reporterosdelsur.org\/diario\/wp-content\/uploads\/2026\/08\/es-1200x800.jpeg 1200w, https:\/\/reporterosdelsur.org\/diario\/wp-content\/uploads\/2026\/08\/es-465x310.jpeg 465w, https:\/\/reporterosdelsur.org\/diario\/wp-content\/uploads\/2026\/08\/es-695x463.jpeg 695w, https:\/\/reporterosdelsur.org\/diario\/wp-content\/uploads\/2026\/08\/es.jpeg 1600w\" sizes=\"auto, (max-width: 1024px) 100vw, 1024px\" \/><\/figure>\n\n\n\n<p class=\"wp-block-paragraph\">En este marco, el Gobernador tambi\u00e9n dio la bienvenida y reconocimiento a los 34 mil 406 maestras y maestros, que este d\u00eda retomaron sus labores docentes en 5 mil 908 escuelas, dando inicio a un nuevo periodo de trabajo y aprendizaje para la formaci\u00f3n integral de la ni\u00f1ez y juventud de todo el Estado.<\/p>\n\n\n\n<p class=\"wp-block-paragraph\">Acompa\u00f1ado tambi\u00e9n de la secretaria de Educaci\u00f3n, Patricia Iparrea S\u00e1nchez y del director general del Cobatab, Fernando Yrys Hern\u00e1ndez, asegur\u00f3 que desde el Gobierno del Pueblo se continuar\u00e1 trabajando junto la SEP para fortalecer la educaci\u00f3n y mejorar los centros escolares.<\/p>\n\n\n\n<figure class=\"wp-block-image size-large\"><img loading=\"lazy\" decoding=\"async\" width=\"1024\" height=\"682\" src=\"https:\/\/reporterosdelsur.org\/diario\/wp-content\/uploads\/2026\/08\/es2-1024x682.jpeg\" alt=\"\" class=\"wp-image-58614\" srcset=\"https:\/\/reporterosdelsur.org\/diario\/wp-content\/uploads\/2026\/08\/es2-1024x682.jpeg 1024w, https:\/\/reporterosdelsur.org\/diario\/wp-content\/uploads\/2026\/08\/es2-300x200.jpeg 300w, https:\/\/reporterosdelsur.org\/diario\/wp-content\/uploads\/2026\/08\/es2-768x512.jpeg 768w, https:\/\/reporterosdelsur.org\/diario\/wp-content\/uploads\/2026\/08\/es2-1536x1023.jpeg 1536w, https:\/\/reporterosdelsur.org\/diario\/wp-content\/uploads\/2026\/08\/es2-1200x800.jpeg 1200w, https:\/\/reporterosdelsur.org\/diario\/wp-content\/uploads\/2026\/08\/es2-465x310.jpeg 465w, https:\/\/reporterosdelsur.org\/diario\/wp-content\/uploads\/2026\/08\/es2-695x463.jpeg 695w, https:\/\/reporterosdelsur.org\/diario\/wp-content\/uploads\/2026\/08\/es2.jpeg 1600w\" sizes=\"auto, (max-width: 1024px) 100vw, 1024px\" \/><\/figure>\n\n\n\n<figure class=\"wp-block-image size-large\"><img loading=\"lazy\" decoding=\"async\" width=\"1024\" height=\"682\" src=\"https:\/\/reporterosdelsur.org\/diario\/wp-content\/uploads\/2026\/08\/es5-1024x682.jpeg\" alt=\"\" class=\"wp-image-58616\" srcset=\"https:\/\/reporterosdelsur.org\/diario\/wp-content\/uploads\/2026\/08\/es5-1024x682.jpeg 1024w, https:\/\/reporterosdelsur.org\/diario\/wp-content\/uploads\/2026\/08\/es5-300x200.jpeg 300w, https:\/\/reporterosdelsur.org\/diario\/wp-content\/uploads\/2026\/08\/es5-768x512.jpeg 768w, https:\/\/reporterosdelsur.org\/diario\/wp-content\/uploads\/2026\/08\/es5-1536x1023.jpeg 1536w, https:\/\/reporterosdelsur.org\/diario\/wp-content\/uploads\/2026\/08\/es5-1200x800.jpeg 1200w, https:\/\/reporterosdelsur.org\/diario\/wp-content\/uploads\/2026\/08\/es5-465x310.jpeg 465w, https:\/\/reporterosdelsur.org\/diario\/wp-content\/uploads\/2026\/08\/es5-695x463.jpeg 695w, https:\/\/reporterosdelsur.org\/diario\/wp-content\/uploads\/2026\/08\/es5.jpeg 1600w\" sizes=\"auto, (max-width: 1024px) 100vw, 1024px\" \/><\/figure>\n\n\n\n<p class=\"wp-block-paragraph\">En el arranque del nuevo ciclo educativo, se pronunci\u00f3 porque \u201ceste nuevo ciclo escolar nos encuentre unidos y llenos de esperanza. La educaci\u00f3n tiene el poder de transformar vidas y de cambiar el rumbo de este hermoso estado que tanto quer\u00edamos y amamos Tabasco, desde nuestras aulas con educaci\u00f3n de calidad y calidez, estamos construyendo el segundo piso de la cuarta transformaci\u00f3n\u201d, apunt\u00f3.<\/p>\n\n\n\n<figure class=\"wp-block-image size-large\"><img loading=\"lazy\" decoding=\"async\" width=\"1024\" height=\"682\" src=\"https:\/\/reporterosdelsur.org\/diario\/wp-content\/uploads\/2026\/08\/es4-1024x682.jpeg\" alt=\"\" class=\"wp-image-58617\" srcset=\"https:\/\/reporterosdelsur.org\/diario\/wp-content\/uploads\/2026\/08\/es4-1024x682.jpeg 1024w, https:\/\/reporterosdelsur.org\/diario\/wp-content\/uploads\/2026\/08\/es4-300x200.jpeg 300w, https:\/\/reporterosdelsur.org\/diario\/wp-content\/uploads\/2026\/08\/es4-768x512.jpeg 768w, https:\/\/reporterosdelsur.org\/diario\/wp-content\/uploads\/2026\/08\/es4-1536x1023.jpeg 1536w, https:\/\/reporterosdelsur.org\/diario\/wp-content\/uploads\/2026\/08\/es4-1200x800.jpeg 1200w, https:\/\/reporterosdelsur.org\/diario\/wp-content\/uploads\/2026\/08\/es4-465x310.jpeg 465w, https:\/\/reporterosdelsur.org\/diario\/wp-content\/uploads\/2026\/08\/es4-695x463.jpeg 695w, https:\/\/reporterosdelsur.org\/diario\/wp-content\/uploads\/2026\/08\/es4.jpeg 1600w\" sizes=\"auto, (max-width: 1024px) 100vw, 1024px\" \/><\/figure>\n\n\n\n<p class=\"wp-block-paragraph\">En este contexto, reconoci\u00f3 tambi\u00e9n el acompa\u00f1amiento de los padres de familias en el proceso de aprendizaje de sus hijas e hijos, quienes son la raz\u00f3n de todo el esfuerzo que el gobierno realiza para elevar la calidad educativa, \u201ca partir de este d\u00eda vuelven a encontrarse con sus compa\u00f1eras y compa\u00f1eros para continuar avanzando en sus estudios&#8221;, indic\u00f3.<\/p>\n","protected":false},"excerpt":{"rendered":"<p>\u00a0Junto al director general de Bachillerato de SEP, Uladimir Valdez Pereznu\u00f1ez, el mandatario estatal hizo entrega simb\u00f3lica de libros de texto gratuitos a las y los alumnos de todos los niveles educativos VILLAHERMOSA, TAB La verdadera riqueza de Tabasco est\u00e1 en sus estudiantes, con su talento en sus ideas y<span class=\"more-link theme-more-link\"><a href=\"https:\/\/reporterosdelsur.org\/diario\/2026\/08\/javier-may-inaugura-ciclo-escolar-2026-2027-la-verdadera-riqueza-de-tabasco-esta-en-sus-estudiantes-afirma\/\">Leer Nota Complete<\/a><\/span><\/p>\n","protected":false},"author":2,"featured_media":58612,"comment_status":"open","ping_status":"open","sticky":false,"template":"","format":"standard","meta":{"footnotes":"","jetpack_publicize_message":"","jetpack_publicize_feature_enabled":true,"jetpack_social_post_already_shared":true,"jetpack_social_options":{"image_generator_settings":{"template":"highway","default_image_id":0,"font":"","enabled":false},"version":2}},"categories":[6,2],"tags":[],"class_list":["entry","author-guza0892gmail-com","post-58611","post","type-post","status-publish","format-standard","has-post-thumbnail","category-destacado","category-tabasco"],"jetpack_publicize_connections":[],"featured_image_urls":{"full":["https:\/\/reporterosdelsur.org\/diario\/wp-content\/uploads\/2026\/08\/es6.jpeg",1600,1354,false],"thumbnail":["https:\/\/reporterosdelsur.org\/diario\/wp-content\/uploads\/2026\/08\/es6-150x150.jpeg",150,150,true],"medium":["https:\/\/reporterosdelsur.org\/diario\/wp-content\/uploads\/2026\/08\/es6-300x254.jpeg",300,254,true],"medium_large":["https:\/\/reporterosdelsur.org\/diario\/wp-content\/uploads\/2026\/08\/es6-768x650.jpeg",768,650,true],"large":["https:\/\/reporterosdelsur.org\/diario\/wp-content\/uploads\/2026\/08\/es6-1024x867.jpeg",1024,867,true],"1536x1536":["https:\/\/reporterosdelsur.org\/diario\/wp-content\/uploads\/2026\/08\/es6-1536x1300.jpeg",1536,1300,true],"2048x2048":["https:\/\/reporterosdelsur.org\/diario\/wp-content\/uploads\/2026\/08\/es6.jpeg",1600,1354,false],"ultp_layout_landscape_large":["https:\/\/reporterosdelsur.org\/diario\/wp-content\/uploads\/2026\/08\/es6-1200x800.jpeg",1200,800,true],"ultp_layout_landscape":["https:\/\/reporterosdelsur.org\/diario\/wp-content\/uploads\/2026\/08\/es6-870x570.jpeg",870,570,true],"ultp_layout_portrait":["https:\/\/reporterosdelsur.org\/diario\/wp-content\/uploads\/2026\/08\/es6-600x900.jpeg",600,900,true],"ultp_layout_square":["https:\/\/reporterosdelsur.org\/diario\/wp-content\/uploads\/2026\/08\/es6-600x600.jpeg",600,600,true],"hoot-medium-thumb":["https:\/\/reporterosdelsur.org\/diario\/wp-content\/uploads\/2026\/08\/es6-460x400.jpeg",460,400,true],"hoot-preview":["https:\/\/reporterosdelsur.org\/diario\/wp-content\/uploads\/2026\/08\/es6-465x394.jpeg",465,394,true],"hoot-preview-thumb":["https:\/\/reporterosdelsur.org\/diario\/wp-content\/uploads\/2026\/08\/es6-465x550.jpeg",465,550,true],"hoot-large-thumb":["https:\/\/reporterosdelsur.org\/diario\/wp-content\/uploads\/2026\/08\/es6-690x550.jpeg",690,550,true],"hoot-preview-large":["https:\/\/reporterosdelsur.org\/diario\/wp-content\/uploads\/2026\/08\/es6-591x500.jpeg",591,500,true],"hoot-wide-thumb":["https:\/\/reporterosdelsur.org\/diario\/wp-content\/uploads\/2026\/08\/es6-920x425.jpeg",920,425,true],"hoot-extra-wide-thumb":["https:\/\/reporterosdelsur.org\/diario\/wp-content\/uploads\/2026\/08\/es6-1035x425.jpeg",1035,425,true]},"author_info":{"display_name":"Reporteros del Sur","author_link":"https:\/\/reporterosdelsur.org\/diario\/author\/guza0892gmail-com\/"},"category_info":"<a href=\"https:\/\/reporterosdelsur.org\/diario\/category\/destacado\/\" rel=\"category tag\">Destacado<\/a> <a href=\"https:\/\/reporterosdelsur.org\/diario\/category\/tabasco\/\" rel=\"category tag\">Tabasco<\/a>","tag_info":"Tabasco","comment_count":"0","_links":{"self":[{"href":"https:\/\/reporterosdelsur.org\/diario\/wp-json\/wp\/v2\/posts\/58611","targetHints":{"allow":["GET"]}}],"collection":[{"href":"https:\/\/reporterosdelsur.org\/diario\/wp-json\/wp\/v2\/posts"}],"about":[{"href":"https:\/\/reporterosdelsur.org\/diario\/wp-json\/wp\/v2\/types\/post"}],"author":[{"embeddable":true,"href":"https:\/\/reporterosdelsur.org\/diario\/wp-json\/wp\/v2\/users\/2"}],"replies":[{"embeddable":true,"href":"https:\/\/reporterosdelsur.org\/diario\/wp-json\/wp\/v2\/comments?post=58611"}],"version-history":[{"count":1,"href":"https:\/\/reporterosdelsur.org\/diario\/wp-json\/wp\/v2\/posts\/58611\/revisions"}],"predecessor-version":[{"id":58618,"href":"https:\/\/reporterosdelsur.org\/diario\/wp-json\/wp\/v2\/posts\/58611\/revisions\/58618"}],"wp:featuredmedia":[{"embeddable":true,"href":"https:\/\/reporterosdelsur.org\/diario\/wp-json\/wp\/v2\/media\/58612"}],"wp:attachment":[{"href":"https:\/\/reporterosdelsur.org\/diario\/wp-json\/wp\/v2\/media?parent=58611"}],"wp:term":[{"taxonomy":"category","embeddable":true,"href":"https:\/\/reporterosdelsur.org\/diario\/wp-json\/wp\/v2\/categories?post=58611"},{"taxonomy":"post_tag","embeddable":true,"href":"https:\/\/reporterosdelsur.org\/diario\/wp-json\/wp\/v2\/tags?post=58611"}],"curies":[{"name":"wp","href":"https:\/\/api.w.org\/{rel}","templated":true}]}}