{"id":58593,"date":"2026-08-31T20:55:54","date_gmt":"2026-09-01T02:55:54","guid":{"rendered":"https:\/\/reporterosdelsur.org\/diario\/?p=58593"},"modified":"2026-08-31T20:58:45","modified_gmt":"2026-09-01T02:58:45","slug":"gobierno-entrega-reconocimientos-a-trabajadores-sociales-contribuyen-a-construir-un-tabasco-mas-inclusivo-y-equitativo-javier-may","status":"publish","type":"post","link":"https:\/\/reporterosdelsur.org\/diario\/2026\/08\/gobierno-entrega-reconocimientos-a-trabajadores-sociales-contribuyen-a-construir-un-tabasco-mas-inclusivo-y-equitativo-javier-may\/","title":{"rendered":"Gobierno entrega reconocimientos a trabajadores sociales; \u201ccontribuyen a construir un Tabasco m\u00e1s inclusivo y equitativo\u201d: Javier May"},"content":{"rendered":"\n<p class=\"has-large-font-size wp-block-paragraph\"><strong>El mandatario hizo entrega de constancias a 10 trabajadores sociales destacados del sector salud y del reconocimiento al M\u00e9rito del Trabajo Social 2026 a Yuliana Almeida M\u00e9ndez<\/strong><\/p>\n\n\n\n<p class=\"has-text-align-center wp-block-paragraph\"><strong>VILLAHERMOSA, TAB<\/strong><\/p>\n\n\n\n<p class=\"wp-block-paragraph\">Al encabezar la conmemoraci\u00f3n del D\u00eda de las y los Trabajadores Sociales, el Gobernador Javier May Rodr\u00edguez destac\u00f3 la labor de quienes, desde el trabajo social, &#8220;contribuyen todos los d\u00edas a construir un Tabasco m\u00e1s inclusivo y equitativo&#8221;.<\/p>\n\n\n\n<figure class=\"wp-block-embed is-type-rich is-provider-x wp-block-embed-x\"><div class=\"wp-block-embed__wrapper\">\n<blockquote class=\"twitter-tweet\" data-width=\"550\" data-dnt=\"true\"><p lang=\"es\" dir=\"ltr\">Hoy reconocimos la gran labor de nuestros trabajadores sociales, su entrega y dedicaci\u00f3n a las familias con acompa\u00f1amiento y orientaci\u00f3n en los momentos dif\u00edciles por alg\u00fan familiar en dificultades. Su trabajo humanitario dignifica vidas, demostrando una gran sensibilidad en bien\u2026 <a href=\"https:\/\/t.co\/Q9l9lmWfkl\">pic.twitter.com\/Q9l9lmWfkl<\/a><\/p>&mdash; JAVIER MAY (@TabascoJavier) <a href=\"https:\/\/x.com\/TabascoJavier\/status\/2094546334300717347?ref_src=twsrc%5Etfw\">August 31, 2026<\/a><\/blockquote><script async src=\"https:\/\/platform.x.com\/widgets.js\" charset=\"utf-8\"><\/script>\n<\/div><\/figure>\n\n\n\n<p class=\"wp-block-paragraph\">Acompa\u00f1ado por la presidenta honoraria del Sistema DIF Tabasco, Aurora Raleigh de la Cruz, as\u00ed como del secretario de Salud, Alejandro Calder\u00f3n Alipi, el titular del Ejecutivo hizo entrega de reconocimientos a 10 trabajadores sociales destacados del sector salud y del reconocimiento al M\u00e9rito del Trabajo Social 2026, a Yuliana Almeida M\u00e9ndez.<\/p>\n\n\n\n<figure class=\"wp-block-image size-large\"><img loading=\"lazy\" decoding=\"async\" width=\"1024\" height=\"682\" src=\"https:\/\/reporterosdelsur.org\/diario\/wp-content\/uploads\/2026\/08\/salud-8-3-1024x682.jpeg\" alt=\"\" class=\"wp-image-58595\" srcset=\"https:\/\/reporterosdelsur.org\/diario\/wp-content\/uploads\/2026\/08\/salud-8-3-1024x682.jpeg 1024w, https:\/\/reporterosdelsur.org\/diario\/wp-content\/uploads\/2026\/08\/salud-8-3-300x200.jpeg 300w, https:\/\/reporterosdelsur.org\/diario\/wp-content\/uploads\/2026\/08\/salud-8-3-768x512.jpeg 768w, https:\/\/reporterosdelsur.org\/diario\/wp-content\/uploads\/2026\/08\/salud-8-3-1536x1023.jpeg 1536w, https:\/\/reporterosdelsur.org\/diario\/wp-content\/uploads\/2026\/08\/salud-8-3-1200x800.jpeg 1200w, https:\/\/reporterosdelsur.org\/diario\/wp-content\/uploads\/2026\/08\/salud-8-3-465x310.jpeg 465w, https:\/\/reporterosdelsur.org\/diario\/wp-content\/uploads\/2026\/08\/salud-8-3-695x463.jpeg 695w, https:\/\/reporterosdelsur.org\/diario\/wp-content\/uploads\/2026\/08\/salud-8-3.jpeg 1600w\" sizes=\"auto, (max-width: 1024px) 100vw, 1024px\" \/><\/figure>\n\n\n\n<figure class=\"wp-block-image size-large\"><img loading=\"lazy\" decoding=\"async\" width=\"1024\" height=\"682\" src=\"https:\/\/reporterosdelsur.org\/diario\/wp-content\/uploads\/2026\/08\/salud-2-5-1024x682.jpeg\" alt=\"\" class=\"wp-image-58596\" srcset=\"https:\/\/reporterosdelsur.org\/diario\/wp-content\/uploads\/2026\/08\/salud-2-5-1024x682.jpeg 1024w, https:\/\/reporterosdelsur.org\/diario\/wp-content\/uploads\/2026\/08\/salud-2-5-300x200.jpeg 300w, https:\/\/reporterosdelsur.org\/diario\/wp-content\/uploads\/2026\/08\/salud-2-5-768x512.jpeg 768w, https:\/\/reporterosdelsur.org\/diario\/wp-content\/uploads\/2026\/08\/salud-2-5-1536x1024.jpeg 1536w, https:\/\/reporterosdelsur.org\/diario\/wp-content\/uploads\/2026\/08\/salud-2-5-2048x1365.jpeg 2048w, https:\/\/reporterosdelsur.org\/diario\/wp-content\/uploads\/2026\/08\/salud-2-5-1200x800.jpeg 1200w, https:\/\/reporterosdelsur.org\/diario\/wp-content\/uploads\/2026\/08\/salud-2-5-465x310.jpeg 465w, https:\/\/reporterosdelsur.org\/diario\/wp-content\/uploads\/2026\/08\/salud-2-5-695x463.jpeg 695w\" sizes=\"auto, (max-width: 1024px) 100vw, 1024px\" \/><\/figure>\n\n\n\n<p class=\"wp-block-paragraph\">En el evento que se llev\u00f3 a cabo en el auditorio DOYFAS del DIF, el mandatario resalt\u00f3 que el trabajo que realizan las y los trabajadores sociales permite conocer de cerca las situaciones que enfrentan muchas familias y brindarles orientaci\u00f3n para acceder a los servicios y apoyos que requieren.<\/p>\n\n\n\n<p class=\"wp-block-paragraph\">&#8220;Todos los d\u00edas est\u00e1n en contacto con personas y familias que atraviesan situaciones dif\u00edciles, acompa\u00f1\u00e1ndolas y ayud\u00e1ndolas a encontrar la atenci\u00f3n que necesitan, siempre con sensibilidad y profesionalismo. Por eso su labor es fundamental dentro del sistema DIF Tabasco, ya que contribuye a que esta instituci\u00f3n conozca mejor las necesidades de la poblaci\u00f3n y pueda responder de manera adecuada a cada situaci\u00f3n&#8221;, resalt\u00f3.<\/p>\n\n\n\n<figure class=\"wp-block-image size-large\"><img loading=\"lazy\" decoding=\"async\" width=\"1024\" height=\"682\" src=\"https:\/\/reporterosdelsur.org\/diario\/wp-content\/uploads\/2026\/08\/salud-4-3-1024x682.jpeg\" alt=\"\" class=\"wp-image-58597\" srcset=\"https:\/\/reporterosdelsur.org\/diario\/wp-content\/uploads\/2026\/08\/salud-4-3-1024x682.jpeg 1024w, https:\/\/reporterosdelsur.org\/diario\/wp-content\/uploads\/2026\/08\/salud-4-3-300x200.jpeg 300w, https:\/\/reporterosdelsur.org\/diario\/wp-content\/uploads\/2026\/08\/salud-4-3-768x512.jpeg 768w, https:\/\/reporterosdelsur.org\/diario\/wp-content\/uploads\/2026\/08\/salud-4-3-1536x1023.jpeg 1536w, https:\/\/reporterosdelsur.org\/diario\/wp-content\/uploads\/2026\/08\/salud-4-3-1200x800.jpeg 1200w, https:\/\/reporterosdelsur.org\/diario\/wp-content\/uploads\/2026\/08\/salud-4-3-465x310.jpeg 465w, https:\/\/reporterosdelsur.org\/diario\/wp-content\/uploads\/2026\/08\/salud-4-3-695x463.jpeg 695w, https:\/\/reporterosdelsur.org\/diario\/wp-content\/uploads\/2026\/08\/salud-4-3.jpeg 1600w\" sizes=\"auto, (max-width: 1024px) 100vw, 1024px\" \/><\/figure>\n\n\n\n<figure class=\"wp-block-image size-large\"><img loading=\"lazy\" decoding=\"async\" width=\"1024\" height=\"682\" src=\"https:\/\/reporterosdelsur.org\/diario\/wp-content\/uploads\/2026\/08\/salud-6-1-1024x682.jpeg\" alt=\"\" class=\"wp-image-58601\" srcset=\"https:\/\/reporterosdelsur.org\/diario\/wp-content\/uploads\/2026\/08\/salud-6-1-1024x682.jpeg 1024w, https:\/\/reporterosdelsur.org\/diario\/wp-content\/uploads\/2026\/08\/salud-6-1-300x200.jpeg 300w, https:\/\/reporterosdelsur.org\/diario\/wp-content\/uploads\/2026\/08\/salud-6-1-768x512.jpeg 768w, https:\/\/reporterosdelsur.org\/diario\/wp-content\/uploads\/2026\/08\/salud-6-1-1536x1024.jpeg 1536w, https:\/\/reporterosdelsur.org\/diario\/wp-content\/uploads\/2026\/08\/salud-6-1-2048x1365.jpeg 2048w, https:\/\/reporterosdelsur.org\/diario\/wp-content\/uploads\/2026\/08\/salud-6-1-1200x800.jpeg 1200w, https:\/\/reporterosdelsur.org\/diario\/wp-content\/uploads\/2026\/08\/salud-6-1-465x310.jpeg 465w, https:\/\/reporterosdelsur.org\/diario\/wp-content\/uploads\/2026\/08\/salud-6-1-695x463.jpeg 695w\" sizes=\"auto, (max-width: 1024px) 100vw, 1024px\" \/><\/figure>\n\n\n\n<p class=\"wp-block-paragraph\">Agreg\u00f3 que desde el Gobierno del Pueblo se tiene claro que las instituciones p\u00fablicas deben servir a la gente y responder especialmente a quienes m\u00e1s necesitan de ellas, y para lograrlo, se necesita del conocimiento y la experiencia de quienes tienen contacto directo con las personas y reconocen de cerca las circunstancias que enfrentan.<\/p>\n\n\n\n<figure class=\"wp-block-image size-large\"><img loading=\"lazy\" decoding=\"async\" width=\"1024\" height=\"682\" src=\"https:\/\/reporterosdelsur.org\/diario\/wp-content\/uploads\/2026\/08\/salud1-1024x682.jpeg\" alt=\"\" class=\"wp-image-58598\" srcset=\"https:\/\/reporterosdelsur.org\/diario\/wp-content\/uploads\/2026\/08\/salud1-1024x682.jpeg 1024w, https:\/\/reporterosdelsur.org\/diario\/wp-content\/uploads\/2026\/08\/salud1-300x200.jpeg 300w, https:\/\/reporterosdelsur.org\/diario\/wp-content\/uploads\/2026\/08\/salud1-768x512.jpeg 768w, https:\/\/reporterosdelsur.org\/diario\/wp-content\/uploads\/2026\/08\/salud1-1536x1023.jpeg 1536w, https:\/\/reporterosdelsur.org\/diario\/wp-content\/uploads\/2026\/08\/salud1-1200x800.jpeg 1200w, https:\/\/reporterosdelsur.org\/diario\/wp-content\/uploads\/2026\/08\/salud1-465x310.jpeg 465w, https:\/\/reporterosdelsur.org\/diario\/wp-content\/uploads\/2026\/08\/salud1-695x463.jpeg 695w, https:\/\/reporterosdelsur.org\/diario\/wp-content\/uploads\/2026\/08\/salud1.jpeg 1600w\" sizes=\"auto, (max-width: 1024px) 100vw, 1024px\" \/><\/figure>\n\n\n\n<figure class=\"wp-block-image size-large\"><img loading=\"lazy\" decoding=\"async\" width=\"1024\" height=\"682\" src=\"https:\/\/reporterosdelsur.org\/diario\/wp-content\/uploads\/2026\/08\/salud-7-1024x682.jpeg\" alt=\"\" class=\"wp-image-58600\" srcset=\"https:\/\/reporterosdelsur.org\/diario\/wp-content\/uploads\/2026\/08\/salud-7-1024x682.jpeg 1024w, https:\/\/reporterosdelsur.org\/diario\/wp-content\/uploads\/2026\/08\/salud-7-300x200.jpeg 300w, https:\/\/reporterosdelsur.org\/diario\/wp-content\/uploads\/2026\/08\/salud-7-768x512.jpeg 768w, https:\/\/reporterosdelsur.org\/diario\/wp-content\/uploads\/2026\/08\/salud-7-1536x1023.jpeg 1536w, https:\/\/reporterosdelsur.org\/diario\/wp-content\/uploads\/2026\/08\/salud-7-1200x800.jpeg 1200w, https:\/\/reporterosdelsur.org\/diario\/wp-content\/uploads\/2026\/08\/salud-7-465x310.jpeg 465w, https:\/\/reporterosdelsur.org\/diario\/wp-content\/uploads\/2026\/08\/salud-7-695x463.jpeg 695w, https:\/\/reporterosdelsur.org\/diario\/wp-content\/uploads\/2026\/08\/salud-7.jpeg 1600w\" sizes=\"auto, (max-width: 1024px) 100vw, 1024px\" \/><\/figure>\n\n\n\n<p class=\"wp-block-paragraph\">&#8220;Por eso valoramos el trabajo que realizan desde todas las instituciones de salud, desde instituciones p\u00fablicas, en que esta profesi\u00f3n contribuya al bienestar de nuestro pueblo\u201d, estableci\u00f3 al sostener que la distinci\u00f3n entregada, reconoce tambi\u00e9n la importancia que tiene el trabajo social para fortalecer nuestras instituciones, para comprender mejor los cambios y las necesidades que vive nuestra sociedad.<\/p>\n","protected":false},"excerpt":{"rendered":"<p>El mandatario hizo entrega de constancias a 10 trabajadores sociales destacados del sector salud y del reconocimiento al M\u00e9rito del Trabajo Social 2026 a Yuliana Almeida M\u00e9ndez VILLAHERMOSA, TAB Al encabezar la conmemoraci\u00f3n del D\u00eda de las y los Trabajadores Sociales, el Gobernador Javier May Rodr\u00edguez destac\u00f3 la labor de<span class=\"more-link theme-more-link\"><a href=\"https:\/\/reporterosdelsur.org\/diario\/2026\/08\/gobierno-entrega-reconocimientos-a-trabajadores-sociales-contribuyen-a-construir-un-tabasco-mas-inclusivo-y-equitativo-javier-may\/\">Leer Nota Complete<\/a><\/span><\/p>\n","protected":false},"author":2,"featured_media":58594,"comment_status":"open","ping_status":"open","sticky":false,"template":"","format":"standard","meta":{"footnotes":"","jetpack_publicize_message":"","jetpack_publicize_feature_enabled":true,"jetpack_social_post_already_shared":true,"jetpack_social_options":{"image_generator_settings":{"template":"highway","default_image_id":0,"font":"","enabled":false},"version":2}},"categories":[6,2],"tags":[],"class_list":["entry","author-guza0892gmail-com","post-58593","post","type-post","status-publish","format-standard","has-post-thumbnail","category-destacado","category-tabasco"],"jetpack_publicize_connections":[],"featured_image_urls":{"full":["https:\/\/reporterosdelsur.org\/diario\/wp-content\/uploads\/2026\/08\/salud-5-2.jpeg",2560,1706,false],"thumbnail":["https:\/\/reporterosdelsur.org\/diario\/wp-content\/uploads\/2026\/08\/salud-5-2-150x150.jpeg",150,150,true],"medium":["https:\/\/reporterosdelsur.org\/diario\/wp-content\/uploads\/2026\/08\/salud-5-2-300x200.jpeg",300,200,true],"medium_large":["https:\/\/reporterosdelsur.org\/diario\/wp-content\/uploads\/2026\/08\/salud-5-2-768x512.jpeg",768,512,true],"large":["https:\/\/reporterosdelsur.org\/diario\/wp-content\/uploads\/2026\/08\/salud-5-2-1024x682.jpeg",1024,682,true],"1536x1536":["https:\/\/reporterosdelsur.org\/diario\/wp-content\/uploads\/2026\/08\/salud-5-2-1536x1024.jpeg",1536,1024,true],"2048x2048":["https:\/\/reporterosdelsur.org\/diario\/wp-content\/uploads\/2026\/08\/salud-5-2-2048x1365.jpeg",2048,1365,true],"ultp_layout_landscape_large":["https:\/\/reporterosdelsur.org\/diario\/wp-content\/uploads\/2026\/08\/salud-5-2-1200x800.jpeg",1200,800,true],"ultp_layout_landscape":["https:\/\/reporterosdelsur.org\/diario\/wp-content\/uploads\/2026\/08\/salud-5-2-870x570.jpeg",870,570,true],"ultp_layout_portrait":["https:\/\/reporterosdelsur.org\/diario\/wp-content\/uploads\/2026\/08\/salud-5-2-600x900.jpeg",600,900,true],"ultp_layout_square":["https:\/\/reporterosdelsur.org\/diario\/wp-content\/uploads\/2026\/08\/salud-5-2-600x600.jpeg",600,600,true],"hoot-medium-thumb":["https:\/\/reporterosdelsur.org\/diario\/wp-content\/uploads\/2026\/08\/salud-5-2-460x400.jpeg",460,400,true],"hoot-preview":["https:\/\/reporterosdelsur.org\/diario\/wp-content\/uploads\/2026\/08\/salud-5-2-465x310.jpeg",465,310,true],"hoot-preview-thumb":["https:\/\/reporterosdelsur.org\/diario\/wp-content\/uploads\/2026\/08\/salud-5-2-465x550.jpeg",465,550,true],"hoot-large-thumb":["https:\/\/reporterosdelsur.org\/diario\/wp-content\/uploads\/2026\/08\/salud-5-2-690x550.jpeg",690,550,true],"hoot-preview-large":["https:\/\/reporterosdelsur.org\/diario\/wp-content\/uploads\/2026\/08\/salud-5-2-695x463.jpeg",695,463,true],"hoot-wide-thumb":["https:\/\/reporterosdelsur.org\/diario\/wp-content\/uploads\/2026\/08\/salud-5-2-920x425.jpeg",920,425,true],"hoot-extra-wide-thumb":["https:\/\/reporterosdelsur.org\/diario\/wp-content\/uploads\/2026\/08\/salud-5-2-1035x425.jpeg",1035,425,true]},"author_info":{"display_name":"Reporteros del Sur","author_link":"https:\/\/reporterosdelsur.org\/diario\/author\/guza0892gmail-com\/"},"category_info":"<a href=\"https:\/\/reporterosdelsur.org\/diario\/category\/destacado\/\" rel=\"category tag\">Destacado<\/a> <a href=\"https:\/\/reporterosdelsur.org\/diario\/category\/tabasco\/\" rel=\"category tag\">Tabasco<\/a>","tag_info":"Tabasco","comment_count":"0","_links":{"self":[{"href":"https:\/\/reporterosdelsur.org\/diario\/wp-json\/wp\/v2\/posts\/58593","targetHints":{"allow":["GET"]}}],"collection":[{"href":"https:\/\/reporterosdelsur.org\/diario\/wp-json\/wp\/v2\/posts"}],"about":[{"href":"https:\/\/reporterosdelsur.org\/diario\/wp-json\/wp\/v2\/types\/post"}],"author":[{"embeddable":true,"href":"https:\/\/reporterosdelsur.org\/diario\/wp-json\/wp\/v2\/users\/2"}],"replies":[{"embeddable":true,"href":"https:\/\/reporterosdelsur.org\/diario\/wp-json\/wp\/v2\/comments?post=58593"}],"version-history":[{"count":2,"href":"https:\/\/reporterosdelsur.org\/diario\/wp-json\/wp\/v2\/posts\/58593\/revisions"}],"predecessor-version":[{"id":58603,"href":"https:\/\/reporterosdelsur.org\/diario\/wp-json\/wp\/v2\/posts\/58593\/revisions\/58603"}],"wp:featuredmedia":[{"embeddable":true,"href":"https:\/\/reporterosdelsur.org\/diario\/wp-json\/wp\/v2\/media\/58594"}],"wp:attachment":[{"href":"https:\/\/reporterosdelsur.org\/diario\/wp-json\/wp\/v2\/media?parent=58593"}],"wp:term":[{"taxonomy":"category","embeddable":true,"href":"https:\/\/reporterosdelsur.org\/diario\/wp-json\/wp\/v2\/categories?post=58593"},{"taxonomy":"post_tag","embeddable":true,"href":"https:\/\/reporterosdelsur.org\/diario\/wp-json\/wp\/v2\/tags?post=58593"}],"curies":[{"name":"wp","href":"https:\/\/api.w.org\/{rel}","templated":true}]}}