{"id":58581,"date":"2026-08-31T20:11:16","date_gmt":"2026-09-01T02:11:16","guid":{"rendered":"https:\/\/reporterosdelsur.org\/diario\/?p=58581"},"modified":"2026-08-31T20:23:17","modified_gmt":"2026-09-01T02:23:17","slug":"may-rodriguez-entra-al-top-3-de-gobernadores-mejor-evaluados","status":"publish","type":"post","link":"https:\/\/reporterosdelsur.org\/diario\/2026\/08\/may-rodriguez-entra-al-top-3-de-gobernadores-mejor-evaluados\/","title":{"rendered":"Javier May, tercer lugar nacional en gobernador mejor evaluado; saldo del trabajo en territorio: Rubikon Intel"},"content":{"rendered":"\n<figure class=\"wp-block-image size-full\"><img loading=\"lazy\" decoding=\"async\" width=\"923\" height=\"403\" src=\"https:\/\/reporterosdelsur.org\/diario\/wp-content\/uploads\/2026\/08\/image-18.png\" alt=\"\" class=\"wp-image-58582\" srcset=\"https:\/\/reporterosdelsur.org\/diario\/wp-content\/uploads\/2026\/08\/image-18.png 923w, https:\/\/reporterosdelsur.org\/diario\/wp-content\/uploads\/2026\/08\/image-18-300x131.png 300w, https:\/\/reporterosdelsur.org\/diario\/wp-content\/uploads\/2026\/08\/image-18-768x335.png 768w, https:\/\/reporterosdelsur.org\/diario\/wp-content\/uploads\/2026\/08\/image-18-465x203.png 465w, https:\/\/reporterosdelsur.org\/diario\/wp-content\/uploads\/2026\/08\/image-18-695x303.png 695w, https:\/\/reporterosdelsur.org\/diario\/wp-content\/uploads\/2026\/08\/image-18-920x403.png 920w\" sizes=\"auto, (max-width: 923px) 100vw, 923px\" \/><\/figure>\n\n\n\n<p class=\"wp-block-paragraph\"><\/p>\n\n\n\n<p class=\"has-large-font-size wp-block-paragraph\"><em><strong>El gobernador de Tabasco registra 63.3% de aprobaci\u00f3n en la medici\u00f3n levantada del 10 al 15 de agosto; Chiapas y Sonora ocupan los primeros lugares.<\/strong><\/em><\/p>\n\n\n\n<p class=\"wp-block-paragraph\"><strong>Redacci\u00f3n | Reporteros del Sur<\/strong><\/p>\n\n\n\n<p class=\"wp-block-paragraph\">VILLAHERMOSA, TABASCO.- El gobernador de Tabasco, Javier May Rodr\u00edguez, se ubic\u00f3 en el tercer lugar del Ranking Nacional de Gobernadores elaborado por Rubikon Intel, al registrar una aprobaci\u00f3n ciudadana de 63.3 por ciento, de acuerdo con la m\u00e1s reciente medici\u00f3n difundida por la firma y retomada por Los Reporteros MX.<\/p>\n\n\n\n<figure class=\"wp-block-image size-large\"><img loading=\"lazy\" decoding=\"async\" width=\"819\" height=\"1024\" src=\"https:\/\/reporterosdelsur.org\/diario\/wp-content\/uploads\/2026\/08\/tercero-1-819x1024.jpg\" alt=\"\" class=\"wp-image-58589\" srcset=\"https:\/\/reporterosdelsur.org\/diario\/wp-content\/uploads\/2026\/08\/tercero-1-819x1024.jpg 819w, https:\/\/reporterosdelsur.org\/diario\/wp-content\/uploads\/2026\/08\/tercero-1-240x300.jpg 240w, https:\/\/reporterosdelsur.org\/diario\/wp-content\/uploads\/2026\/08\/tercero-1-768x960.jpg 768w, https:\/\/reporterosdelsur.org\/diario\/wp-content\/uploads\/2026\/08\/tercero-1-1229x1536.jpg 1229w, https:\/\/reporterosdelsur.org\/diario\/wp-content\/uploads\/2026\/08\/tercero-1-440x550.jpg 440w, https:\/\/reporterosdelsur.org\/diario\/wp-content\/uploads\/2026\/08\/tercero-1-400x500.jpg 400w, https:\/\/reporterosdelsur.org\/diario\/wp-content\/uploads\/2026\/08\/tercero-1.jpg 1638w\" sizes=\"auto, (max-width: 819px) 100vw, 819px\" \/><\/figure>\n\n\n\n<p class=\"wp-block-paragraph\">La evaluaci\u00f3n coloca al mandatario tabasque\u00f1o dentro del grupo de gobernadores con mayor respaldo ciudadano a nivel nacional. En los primeros lugares aparecen Eduardo Ram\u00edrez, de Chiapas, con 68.4 por ciento, y Alfonso Durazo, de Sonora, con 64.3 por ciento.<\/p>\n\n\n\n<p class=\"wp-block-paragraph\">Con 63.3 por ciento de aprobaci\u00f3n, May Rodr\u00edguez se encuentra a 1.0 punto porcentual de Durazo y a 5.1 puntos del primer lugar, seg\u00fan los resultados reportados por Rubikon Intel.<\/p>\n\n\n\n<p class=\"wp-block-paragraph\">De acuerdo con Roberto Wohlgemuth, director de Rubikon Intel, el posicionamiento del gobernador tabasque\u00f1o estar\u00eda relacionado con la presencia constante de su administraci\u00f3n en territorio.<\/p>\n\n\n\n<figure class=\"wp-block-image size-large\"><img loading=\"lazy\" decoding=\"async\" width=\"1024\" height=\"768\" src=\"https:\/\/reporterosdelsur.org\/diario\/wp-content\/uploads\/2026\/08\/encuesta-1-1024x768.jpeg\" alt=\"\" class=\"wp-image-58590\" srcset=\"https:\/\/reporterosdelsur.org\/diario\/wp-content\/uploads\/2026\/08\/encuesta-1-1024x768.jpeg 1024w, https:\/\/reporterosdelsur.org\/diario\/wp-content\/uploads\/2026\/08\/encuesta-1-300x225.jpeg 300w, https:\/\/reporterosdelsur.org\/diario\/wp-content\/uploads\/2026\/08\/encuesta-1-768x576.jpeg 768w, https:\/\/reporterosdelsur.org\/diario\/wp-content\/uploads\/2026\/08\/encuesta-1-1536x1152.jpeg 1536w, https:\/\/reporterosdelsur.org\/diario\/wp-content\/uploads\/2026\/08\/encuesta-1-465x349.jpeg 465w, https:\/\/reporterosdelsur.org\/diario\/wp-content\/uploads\/2026\/08\/encuesta-1-667x500.jpeg 667w, https:\/\/reporterosdelsur.org\/diario\/wp-content\/uploads\/2026\/08\/encuesta-1.jpeg 1600w\" sizes=\"auto, (max-width: 1024px) 100vw, 1024px\" \/><\/figure>\n\n\n\n<p class=\"wp-block-paragraph\">En entrevista con Manuel Pedrero, director de Los Reporteros MX, el responsable de la firma describi\u00f3 este desempe\u00f1o como resultado de \u201ckilometraje y suela quemada\u201d, en referencia a los recorridos y actividades del mandatario fuera de los espacios administrativos.<\/p>\n\n\n\n<p class=\"wp-block-paragraph\">La medici\u00f3n tambi\u00e9n incorpora variables relacionadas con las principales preocupaciones de la poblaci\u00f3n. Entre ellas, la inseguridad y el crimen organizado representan 40.8 por ciento de las preocupaciones se\u00f1aladas en el estudio.<\/p>\n\n\n\n<p class=\"wp-block-paragraph\">En este contexto, Tabasco aparece entre las entidades cuyos gobiernos obtienen una evaluaci\u00f3n favorable, de acuerdo con los resultados de la consultora.<\/p>\n\n\n\n<figure class=\"wp-block-image size-large\"><img loading=\"lazy\" decoding=\"async\" width=\"1024\" height=\"768\" src=\"https:\/\/reporterosdelsur.org\/diario\/wp-content\/uploads\/2026\/08\/encuesta-2-1-1024x768.jpeg\" alt=\"\" class=\"wp-image-58591\" srcset=\"https:\/\/reporterosdelsur.org\/diario\/wp-content\/uploads\/2026\/08\/encuesta-2-1-1024x768.jpeg 1024w, https:\/\/reporterosdelsur.org\/diario\/wp-content\/uploads\/2026\/08\/encuesta-2-1-300x225.jpeg 300w, https:\/\/reporterosdelsur.org\/diario\/wp-content\/uploads\/2026\/08\/encuesta-2-1-768x576.jpeg 768w, https:\/\/reporterosdelsur.org\/diario\/wp-content\/uploads\/2026\/08\/encuesta-2-1-1536x1152.jpeg 1536w, https:\/\/reporterosdelsur.org\/diario\/wp-content\/uploads\/2026\/08\/encuesta-2-1-465x349.jpeg 465w, https:\/\/reporterosdelsur.org\/diario\/wp-content\/uploads\/2026\/08\/encuesta-2-1-667x500.jpeg 667w, https:\/\/reporterosdelsur.org\/diario\/wp-content\/uploads\/2026\/08\/encuesta-2-1.jpeg 1600w\" sizes=\"auto, (max-width: 1024px) 100vw, 1024px\" \/><\/figure>\n\n\n\n<p class=\"wp-block-paragraph\">Rubikon Intel tambi\u00e9n relaciona el desempe\u00f1o de gobiernos estatales de la Cuarta Transformaci\u00f3n con el respaldo que mantiene este movimiento pol\u00edtico a nivel nacional.<\/p>\n\n\n\n<p class=\"wp-block-paragraph\">En el caso de Tabasco, la consultora considera como un factor adicional el peso pol\u00edtico de la entidad dentro de la trayectoria de la llamada Cuarta Transformaci\u00f3n.<\/p>\n\n\n\n<p class=\"wp-block-paragraph\">El estudio reporta adem\u00e1s que 45.5 por ciento de los entrevistados manifest\u00f3 una percepci\u00f3n econ\u00f3mica personal positiva, mientras que los programas sociales aparecen entre los elementos considerados dentro de la evaluaci\u00f3n de los gobiernos.<\/p>\n\n\n\n<p class=\"wp-block-paragraph\">Seg\u00fan la informaci\u00f3n proporcionada por Rubikon Intel, la medici\u00f3n nacional se realiz\u00f3 del 10 al 15 de agosto de 2026 y contempl\u00f3 7 mil 786 entrevistas efectivas.<\/p>\n\n\n\n<p class=\"wp-block-paragraph\">La firma se\u00f1al\u00f3 que utiliz\u00f3 paneles digitales georreferenciados con una distribuci\u00f3n proporcional por entidad federativa. Asimismo, report\u00f3 un nivel de confianza de 95 por ciento y un margen de error de \u00b11.39 por ciento para el conjunto de la medici\u00f3n.<\/p>\n\n\n\n<p class=\"wp-block-paragraph\">Los resultados corresponden a la percepci\u00f3n ciudadana recogida durante el periodo se\u00f1alado y constituyen una medici\u00f3n de opini\u00f3n, por lo que la posici\u00f3n de los mandatarios puede variar conforme evolucionen las condiciones pol\u00edticas, sociales y econ\u00f3micas de cada entidad.<\/p>\n\n\n\n<p class=\"wp-block-paragraph\">Con el 63.3 por ciento registrado, Javier May Rodr\u00edguez ocupa el tercer lugar nacional en aprobaci\u00f3n dentro de este ejercicio de Rubikon Intel y se coloca como el gobernador mejor posicionado de la regi\u00f3n sur-sureste entre los tres primeros lugares del listado.<\/p>\n\n\n\n<p class=\"wp-block-paragraph\"><strong>ENCUESTA<\/strong><\/p>\n\n\n\n<div data-wp-interactive=\"core\/file\" class=\"wp-block-file\"><object data-wp-bind--hidden=\"!state.hasPdfPreview\" hidden class=\"wp-block-file__embed\" data=\"https:\/\/reporterosdelsur.org\/diario\/wp-content\/uploads\/2026\/08\/Ranking-Rubikon-Gobernadores-AGOSTO-2026.pdf\" type=\"application\/pdf\" style=\"width:100%;height:600px\" aria-label=\"Incrustado de Ranking Rubikon Gobernadores (AGOSTO 2026).\"><\/object><a id=\"wp-block-file--media-932a6197-8281-4076-8242-00e23a069797\" href=\"https:\/\/reporterosdelsur.org\/diario\/wp-content\/uploads\/2026\/08\/Ranking-Rubikon-Gobernadores-AGOSTO-2026.pdf\">Ranking Rubikon Gobernadores (AGOSTO 2026)<\/a><a href=\"https:\/\/reporterosdelsur.org\/diario\/wp-content\/uploads\/2026\/08\/Ranking-Rubikon-Gobernadores-AGOSTO-2026.pdf\" class=\"wp-block-file__button wp-element-button\" download aria-describedby=\"wp-block-file--media-932a6197-8281-4076-8242-00e23a069797\">Descarga<\/a><\/div>\n","protected":false},"excerpt":{"rendered":"<p>El gobernador de Tabasco registra 63.3% de aprobaci\u00f3n en la medici\u00f3n levantada del 10 al 15 de agosto; Chiapas y Sonora ocupan los primeros lugares. Redacci\u00f3n | Reporteros del Sur VILLAHERMOSA, TABASCO.- El gobernador de Tabasco, Javier May Rodr\u00edguez, se ubic\u00f3 en el tercer lugar del Ranking Nacional de Gobernadores<span class=\"more-link theme-more-link\"><a href=\"https:\/\/reporterosdelsur.org\/diario\/2026\/08\/may-rodriguez-entra-al-top-3-de-gobernadores-mejor-evaluados\/\">Leer Nota Complete<\/a><\/span><\/p>\n","protected":false},"author":1,"featured_media":58582,"comment_status":"open","ping_status":"open","sticky":false,"template":"","format":"standard","meta":{"footnotes":"","jetpack_publicize_message":"","jetpack_publicize_feature_enabled":true,"jetpack_social_post_already_shared":true,"jetpack_social_options":{"image_generator_settings":{"template":"highway","default_image_id":0,"font":"","enabled":false},"version":2}},"categories":[6,2],"tags":[169,2376,2366,2368,2374,404,2371,2369,2372,2365,2370,418,84,1524,2373,2378,2209,2211,2367,2377,2364,2375,35],"class_list":["entry","author-admin","post-58581","post","type-post","status-publish","format-standard","has-post-thumbnail","category-destacado","category-tabasco","tag-4t","tag-alfonso-durazo","tag-aprobacion-ciudadana","tag-aprobacion-de-gobernadores","tag-aprobacion-politica","tag-cuarta-transformacion-2","tag-eduardo-ramirez","tag-encuesta-rubikon","tag-evaluacion-ciudadana","tag-gobernador-de-tabasco","tag-gobernadores-de-mexico","tag-gobierno-de-tabasco","tag-javier-may","tag-javier-may-rodriguez-2","tag-los-reporteros-mx","tag-opinion-publica","tag-politica-de-tabasco","tag-politica-mexicana","tag-ranking-de-gobernadores","tag-ranking-nacional","tag-rubikon-intel","tag-sur-sureste","tag-tabasco"],"jetpack_publicize_connections":[],"featured_image_urls":{"full":["https:\/\/reporterosdelsur.org\/diario\/wp-content\/uploads\/2026\/08\/image-18.png",923,403,false],"thumbnail":["https:\/\/reporterosdelsur.org\/diario\/wp-content\/uploads\/2026\/08\/image-18-150x150.png",150,150,true],"medium":["https:\/\/reporterosdelsur.org\/diario\/wp-content\/uploads\/2026\/08\/image-18-300x131.png",300,131,true],"medium_large":["https:\/\/reporterosdelsur.org\/diario\/wp-content\/uploads\/2026\/08\/image-18-768x335.png",768,335,true],"large":["https:\/\/reporterosdelsur.org\/diario\/wp-content\/uploads\/2026\/08\/image-18.png",923,403,false],"1536x1536":["https:\/\/reporterosdelsur.org\/diario\/wp-content\/uploads\/2026\/08\/image-18.png",923,403,false],"2048x2048":["https:\/\/reporterosdelsur.org\/diario\/wp-content\/uploads\/2026\/08\/image-18.png",923,403,false],"ultp_layout_landscape_large":["https:\/\/reporterosdelsur.org\/diario\/wp-content\/uploads\/2026\/08\/image-18.png",923,403,false],"ultp_layout_landscape":["https:\/\/reporterosdelsur.org\/diario\/wp-content\/uploads\/2026\/08\/image-18-870x403.png",870,403,true],"ultp_layout_portrait":["https:\/\/reporterosdelsur.org\/diario\/wp-content\/uploads\/2026\/08\/image-18-600x403.png",600,403,true],"ultp_layout_square":["https:\/\/reporterosdelsur.org\/diario\/wp-content\/uploads\/2026\/08\/image-18-600x403.png",600,403,true],"hoot-medium-thumb":["https:\/\/reporterosdelsur.org\/diario\/wp-content\/uploads\/2026\/08\/image-18-460x400.png",460,400,true],"hoot-preview":["https:\/\/reporterosdelsur.org\/diario\/wp-content\/uploads\/2026\/08\/image-18-465x203.png",465,203,true],"hoot-preview-thumb":["https:\/\/reporterosdelsur.org\/diario\/wp-content\/uploads\/2026\/08\/image-18-465x403.png",465,403,true],"hoot-large-thumb":["https:\/\/reporterosdelsur.org\/diario\/wp-content\/uploads\/2026\/08\/image-18-690x403.png",690,403,true],"hoot-preview-large":["https:\/\/reporterosdelsur.org\/diario\/wp-content\/uploads\/2026\/08\/image-18-695x303.png",695,303,true],"hoot-wide-thumb":["https:\/\/reporterosdelsur.org\/diario\/wp-content\/uploads\/2026\/08\/image-18-920x403.png",920,403,true],"hoot-extra-wide-thumb":["https:\/\/reporterosdelsur.org\/diario\/wp-content\/uploads\/2026\/08\/image-18.png",923,403,false]},"author_info":{"display_name":"Reporteros del Sur","author_link":"https:\/\/reporterosdelsur.org\/diario\/author\/admin\/"},"category_info":"<a href=\"https:\/\/reporterosdelsur.org\/diario\/category\/destacado\/\" rel=\"category tag\">Destacado<\/a> <a href=\"https:\/\/reporterosdelsur.org\/diario\/category\/tabasco\/\" rel=\"category tag\">Tabasco<\/a>","tag_info":"Tabasco","comment_count":"0","_links":{"self":[{"href":"https:\/\/reporterosdelsur.org\/diario\/wp-json\/wp\/v2\/posts\/58581","targetHints":{"allow":["GET"]}}],"collection":[{"href":"https:\/\/reporterosdelsur.org\/diario\/wp-json\/wp\/v2\/posts"}],"about":[{"href":"https:\/\/reporterosdelsur.org\/diario\/wp-json\/wp\/v2\/types\/post"}],"author":[{"embeddable":true,"href":"https:\/\/reporterosdelsur.org\/diario\/wp-json\/wp\/v2\/users\/1"}],"replies":[{"embeddable":true,"href":"https:\/\/reporterosdelsur.org\/diario\/wp-json\/wp\/v2\/comments?post=58581"}],"version-history":[{"count":3,"href":"https:\/\/reporterosdelsur.org\/diario\/wp-json\/wp\/v2\/posts\/58581\/revisions"}],"predecessor-version":[{"id":58592,"href":"https:\/\/reporterosdelsur.org\/diario\/wp-json\/wp\/v2\/posts\/58581\/revisions\/58592"}],"wp:featuredmedia":[{"embeddable":true,"href":"https:\/\/reporterosdelsur.org\/diario\/wp-json\/wp\/v2\/media\/58582"}],"wp:attachment":[{"href":"https:\/\/reporterosdelsur.org\/diario\/wp-json\/wp\/v2\/media?parent=58581"}],"wp:term":[{"taxonomy":"category","embeddable":true,"href":"https:\/\/reporterosdelsur.org\/diario\/wp-json\/wp\/v2\/categories?post=58581"},{"taxonomy":"post_tag","embeddable":true,"href":"https:\/\/reporterosdelsur.org\/diario\/wp-json\/wp\/v2\/tags?post=58581"}],"curies":[{"name":"wp","href":"https:\/\/api.w.org\/{rel}","templated":true}]}}