{"id":58563,"date":"2026-08-31T05:14:52","date_gmt":"2026-08-31T11:14:52","guid":{"rendered":"https:\/\/reporterosdelsur.org\/diario\/?p=58563"},"modified":"2026-08-31T05:14:56","modified_gmt":"2026-08-31T11:14:56","slug":"concluye-con-exito-la-muestra-mexicana-del-cebu-en-tabasco","status":"publish","type":"post","link":"https:\/\/reporterosdelsur.org\/diario\/2026\/08\/concluye-con-exito-la-muestra-mexicana-del-cebu-en-tabasco\/","title":{"rendered":"Concluye con \u00e9xito la Muestra Mexicana del Ceb\u00fa en Tabasco"},"content":{"rendered":"\n<p class=\"wp-block-paragraph\"><strong>El encuentro reuni\u00f3 a 796 ejemplares de 87 productores de cuatro estados y permiti\u00f3 exhibir la calidad gen\u00e9tica de 10 razas cebuinas.<\/strong><\/p>\n\n\n\n<p class=\"wp-block-paragraph\"><strong>Villahermosa, Tabasco.\u2014<\/strong> Con la participaci\u00f3n de <strong>796 ejemplares pertenecientes a 87 productores de Tabasco, Chiapas, Veracruz y Nuevo Le\u00f3n<\/strong>, concluy\u00f3 la Muestra Mexicana del Ceb\u00fa, realizada en el Parque Tabasco \u201cDora Mar\u00eda\u201d, donde se destac\u00f3 la importancia de la ganader\u00eda cebuina para el desarrollo del sector pecuario nacional.<\/p>\n\n\n\n<p class=\"wp-block-paragraph\">Durante la ceremonia de clausura, el secretario de Desarrollo Agropecuario y Pesca, Guillermo Priego Le\u00f3n, reconoci\u00f3 el esfuerzo de los productores, sus familias, jueces y organizadores que hicieron posible el encuentro, que permiti\u00f3 mostrar la calidad gen\u00e9tica y el potencial de la ganader\u00eda del sureste mexicano.<\/p>\n\n\n\n<p class=\"wp-block-paragraph\">El funcionario destac\u00f3 adem\u00e1s la participaci\u00f3n de ni\u00f1as y ni\u00f1os en el <strong>Concurso del Ni\u00f1o Manejador<\/strong>, al considerar que su involucramiento representa una oportunidad para acercar a las nuevas generaciones a las actividades del campo.<\/p>\n\n\n\n<figure class=\"wp-block-image size-large\"><img loading=\"lazy\" decoding=\"async\" width=\"1024\" height=\"576\" src=\"https:\/\/reporterosdelsur.org\/diario\/wp-content\/uploads\/2026\/08\/Ganado-5-2-1024x576.jpeg\" alt=\"\" class=\"wp-image-58565\" srcset=\"https:\/\/reporterosdelsur.org\/diario\/wp-content\/uploads\/2026\/08\/Ganado-5-2-1024x576.jpeg 1024w, https:\/\/reporterosdelsur.org\/diario\/wp-content\/uploads\/2026\/08\/Ganado-5-2-300x169.jpeg 300w, https:\/\/reporterosdelsur.org\/diario\/wp-content\/uploads\/2026\/08\/Ganado-5-2-768x432.jpeg 768w, https:\/\/reporterosdelsur.org\/diario\/wp-content\/uploads\/2026\/08\/Ganado-5-2-465x262.jpeg 465w, https:\/\/reporterosdelsur.org\/diario\/wp-content\/uploads\/2026\/08\/Ganado-5-2-695x391.jpeg 695w, https:\/\/reporterosdelsur.org\/diario\/wp-content\/uploads\/2026\/08\/Ganado-5-2.jpeg 1280w\" sizes=\"auto, (max-width: 1024px) 100vw, 1024px\" \/><\/figure>\n\n\n\n<p class=\"wp-block-paragraph\">\u201cQu\u00e9 bonito que nos hayamos dado cita aqu\u00ed para ver caminar, ver manejar y ver emprender el futuro de esta pista. Yo creo que estaremos en buenas manos\u201d, expres\u00f3 Priego Le\u00f3n al felicitar a los participantes infantiles por su preparaci\u00f3n y entusiasmo.<\/p>\n\n\n\n<h2 class=\"wp-block-heading\">Impulsan el relevo generacional<\/h2>\n\n\n\n<p class=\"wp-block-paragraph\">Ante el secretario de Gobierno, Jos\u00e9 Ramiro L\u00f3pez Obrador, quien acudi\u00f3 en representaci\u00f3n del gobernador Javier May Rodr\u00edguez, el titular de la Sedap destac\u00f3 que eventos de esta naturaleza contribuyen a fortalecer el v\u00ednculo de las nuevas generaciones con la actividad ganadera.<\/p>\n\n\n\n<p class=\"wp-block-paragraph\">Se\u00f1al\u00f3 que la ganader\u00eda constituye una parte fundamental de la econom\u00eda y de la tradici\u00f3n de Tabasco, por lo que consider\u00f3 necesario fomentar entre ni\u00f1as y ni\u00f1os el inter\u00e9s por continuar con esta actividad y contribuir a su desarrollo.<\/p>\n\n\n\n<figure class=\"wp-block-image size-large\"><img loading=\"lazy\" decoding=\"async\" width=\"1024\" height=\"576\" src=\"https:\/\/reporterosdelsur.org\/diario\/wp-content\/uploads\/2026\/08\/Ganado-4-2-1024x576.jpeg\" alt=\"\" class=\"wp-image-58566\" srcset=\"https:\/\/reporterosdelsur.org\/diario\/wp-content\/uploads\/2026\/08\/Ganado-4-2-1024x576.jpeg 1024w, https:\/\/reporterosdelsur.org\/diario\/wp-content\/uploads\/2026\/08\/Ganado-4-2-300x169.jpeg 300w, https:\/\/reporterosdelsur.org\/diario\/wp-content\/uploads\/2026\/08\/Ganado-4-2-768x432.jpeg 768w, https:\/\/reporterosdelsur.org\/diario\/wp-content\/uploads\/2026\/08\/Ganado-4-2-465x262.jpeg 465w, https:\/\/reporterosdelsur.org\/diario\/wp-content\/uploads\/2026\/08\/Ganado-4-2-695x391.jpeg 695w, https:\/\/reporterosdelsur.org\/diario\/wp-content\/uploads\/2026\/08\/Ganado-4-2.jpeg 1280w\" sizes=\"auto, (max-width: 1024px) 100vw, 1024px\" \/><\/figure>\n\n\n\n<p class=\"wp-block-paragraph\">La muestra permiti\u00f3 la exhibici\u00f3n de ejemplares de <strong>10 razas cebuinas<\/strong>, convirti\u00e9ndose en un espacio para promover la calidad gen\u00e9tica de los hatos y el trabajo desarrollado por los productores participantes.<\/p>\n\n\n\n<p class=\"wp-block-paragraph\">Priego Le\u00f3n tambi\u00e9n reconoci\u00f3 la labor del comit\u00e9 organizador, encabezado por el ganadero Constantino Alonso P\u00e9rez Mar\u00edn, as\u00ed como la participaci\u00f3n de las asociaciones ganaderas y de los productores que hicieron posible la realizaci\u00f3n del encuentro.<\/p>\n\n\n\n<p class=\"wp-block-paragraph\">Al acto de clausura asistieron tambi\u00e9n el subsecretario de Desarrollo Agr\u00edcola y Ganader\u00eda, Joaqu\u00edn Alejandro Ligonio; el presidente de la Asociaci\u00f3n Ganadera Local General de Centro, Diego Mariano Ruiz Rosique; productores, representantes del sector pecuario y autoridades estatales.<\/p>\n","protected":false},"excerpt":{"rendered":"<p>El encuentro reuni\u00f3 a 796 ejemplares de 87 productores de cuatro estados y permiti\u00f3 exhibir la calidad gen\u00e9tica de 10 razas cebuinas. Villahermosa, Tabasco.\u2014 Con la participaci\u00f3n de 796 ejemplares pertenecientes a 87 productores de Tabasco, Chiapas, Veracruz y Nuevo Le\u00f3n, concluy\u00f3 la Muestra Mexicana del Ceb\u00fa, realizada en el<span class=\"more-link theme-more-link\"><a href=\"https:\/\/reporterosdelsur.org\/diario\/2026\/08\/concluye-con-exito-la-muestra-mexicana-del-cebu-en-tabasco\/\">Leer Nota Complete<\/a><\/span><\/p>\n","protected":false},"author":1,"featured_media":58564,"comment_status":"open","ping_status":"open","sticky":false,"template":"","format":"standard","meta":{"footnotes":"","jetpack_publicize_message":"","jetpack_publicize_feature_enabled":true,"jetpack_social_post_already_shared":true,"jetpack_social_options":{"image_generator_settings":{"template":"highway","default_image_id":0,"font":"","enabled":false},"version":2}},"categories":[2],"tags":[736,418,177,38,348,640,381,333],"class_list":["entry","author-admin","post-58563","post","type-post","status-publish","format-standard","has-post-thumbnail","category-tabasco","tag-audiencia-publica","tag-gobierno-de-tabasco","tag-javier-may-rodriguez","tag-noticias","tag-obras-publicas","tag-obras-sociales","tag-sedap","tag-seguridad"],"jetpack_publicize_connections":[],"featured_image_urls":{"full":["https:\/\/reporterosdelsur.org\/diario\/wp-content\/uploads\/2026\/08\/Ganado-1-2.jpeg",1280,720,false],"thumbnail":["https:\/\/reporterosdelsur.org\/diario\/wp-content\/uploads\/2026\/08\/Ganado-1-2-150x150.jpeg",150,150,true],"medium":["https:\/\/reporterosdelsur.org\/diario\/wp-content\/uploads\/2026\/08\/Ganado-1-2-300x169.jpeg",300,169,true],"medium_large":["https:\/\/reporterosdelsur.org\/diario\/wp-content\/uploads\/2026\/08\/Ganado-1-2-768x432.jpeg",768,432,true],"large":["https:\/\/reporterosdelsur.org\/diario\/wp-content\/uploads\/2026\/08\/Ganado-1-2-1024x576.jpeg",1024,576,true],"1536x1536":["https:\/\/reporterosdelsur.org\/diario\/wp-content\/uploads\/2026\/08\/Ganado-1-2.jpeg",1280,720,false],"2048x2048":["https:\/\/reporterosdelsur.org\/diario\/wp-content\/uploads\/2026\/08\/Ganado-1-2.jpeg",1280,720,false],"ultp_layout_landscape_large":["https:\/\/reporterosdelsur.org\/diario\/wp-content\/uploads\/2026\/08\/Ganado-1-2-1200x720.jpeg",1200,720,true],"ultp_layout_landscape":["https:\/\/reporterosdelsur.org\/diario\/wp-content\/uploads\/2026\/08\/Ganado-1-2-870x570.jpeg",870,570,true],"ultp_layout_portrait":["https:\/\/reporterosdelsur.org\/diario\/wp-content\/uploads\/2026\/08\/Ganado-1-2-600x720.jpeg",600,720,true],"ultp_layout_square":["https:\/\/reporterosdelsur.org\/diario\/wp-content\/uploads\/2026\/08\/Ganado-1-2-600x600.jpeg",600,600,true],"hoot-medium-thumb":["https:\/\/reporterosdelsur.org\/diario\/wp-content\/uploads\/2026\/08\/Ganado-1-2-460x400.jpeg",460,400,true],"hoot-preview":["https:\/\/reporterosdelsur.org\/diario\/wp-content\/uploads\/2026\/08\/Ganado-1-2-465x262.jpeg",465,262,true],"hoot-preview-thumb":["https:\/\/reporterosdelsur.org\/diario\/wp-content\/uploads\/2026\/08\/Ganado-1-2-465x550.jpeg",465,550,true],"hoot-large-thumb":["https:\/\/reporterosdelsur.org\/diario\/wp-content\/uploads\/2026\/08\/Ganado-1-2-690x550.jpeg",690,550,true],"hoot-preview-large":["https:\/\/reporterosdelsur.org\/diario\/wp-content\/uploads\/2026\/08\/Ganado-1-2-695x391.jpeg",695,391,true],"hoot-wide-thumb":["https:\/\/reporterosdelsur.org\/diario\/wp-content\/uploads\/2026\/08\/Ganado-1-2-920x425.jpeg",920,425,true],"hoot-extra-wide-thumb":["https:\/\/reporterosdelsur.org\/diario\/wp-content\/uploads\/2026\/08\/Ganado-1-2-1035x425.jpeg",1035,425,true]},"author_info":{"display_name":"Reporteros del Sur","author_link":"https:\/\/reporterosdelsur.org\/diario\/author\/admin\/"},"category_info":"<a href=\"https:\/\/reporterosdelsur.org\/diario\/category\/tabasco\/\" rel=\"category tag\">Tabasco<\/a>","tag_info":"Tabasco","comment_count":"0","_links":{"self":[{"href":"https:\/\/reporterosdelsur.org\/diario\/wp-json\/wp\/v2\/posts\/58563","targetHints":{"allow":["GET"]}}],"collection":[{"href":"https:\/\/reporterosdelsur.org\/diario\/wp-json\/wp\/v2\/posts"}],"about":[{"href":"https:\/\/reporterosdelsur.org\/diario\/wp-json\/wp\/v2\/types\/post"}],"author":[{"embeddable":true,"href":"https:\/\/reporterosdelsur.org\/diario\/wp-json\/wp\/v2\/users\/1"}],"replies":[{"embeddable":true,"href":"https:\/\/reporterosdelsur.org\/diario\/wp-json\/wp\/v2\/comments?post=58563"}],"version-history":[{"count":1,"href":"https:\/\/reporterosdelsur.org\/diario\/wp-json\/wp\/v2\/posts\/58563\/revisions"}],"predecessor-version":[{"id":58567,"href":"https:\/\/reporterosdelsur.org\/diario\/wp-json\/wp\/v2\/posts\/58563\/revisions\/58567"}],"wp:featuredmedia":[{"embeddable":true,"href":"https:\/\/reporterosdelsur.org\/diario\/wp-json\/wp\/v2\/media\/58564"}],"wp:attachment":[{"href":"https:\/\/reporterosdelsur.org\/diario\/wp-json\/wp\/v2\/media?parent=58563"}],"wp:term":[{"taxonomy":"category","embeddable":true,"href":"https:\/\/reporterosdelsur.org\/diario\/wp-json\/wp\/v2\/categories?post=58563"},{"taxonomy":"post_tag","embeddable":true,"href":"https:\/\/reporterosdelsur.org\/diario\/wp-json\/wp\/v2\/tags?post=58563"}],"curies":[{"name":"wp","href":"https:\/\/api.w.org\/{rel}","templated":true}]}}