{"id":58560,"date":"2026-08-31T05:09:58","date_gmt":"2026-08-31T11:09:58","guid":{"rendered":"https:\/\/reporterosdelsur.org\/diario\/?p=58560"},"modified":"2026-08-31T05:10:01","modified_gmt":"2026-08-31T11:10:01","slug":"pena-nieto-reaparece-en-italia-junto-a-empresario-vinculado-a-investigacion-sobre-pegasus","status":"publish","type":"post","link":"https:\/\/reporterosdelsur.org\/diario\/2026\/08\/pena-nieto-reaparece-en-italia-junto-a-empresario-vinculado-a-investigacion-sobre-pegasus\/","title":{"rendered":"Pe\u00f1a Nieto reaparece en Italia junto a empresario vinculado a investigaci\u00f3n sobre Pegasus"},"content":{"rendered":"\n<p class=\"wp-block-paragraph\"><strong>El expresidente mexicano fue captado en la boda del cantante israel\u00ed Omer Adam en Portofino, donde apareci\u00f3 sentado junto al empresario Avishai Neriah.<\/strong><\/p>\n\n\n\n<p class=\"wp-block-paragraph\"><strong>Ciudad de M\u00e9xico.\u2014<\/strong> El expresidente Enrique Pe\u00f1a Nieto fue captado durante una boda celebrada en Portofino, Italia, junto al empresario israel\u00ed Avishai Neriah, se\u00f1alado en una investigaci\u00f3n period\u00edstica por presuntos v\u00ednculos con la comercializaci\u00f3n del software esp\u00eda Pegasus durante el sexenio del exmandatario priista.<\/p>\n\n\n\n<p class=\"wp-block-paragraph\">De acuerdo con el diario israel\u00ed <em>Haaretz<\/em>, Pe\u00f1a Nieto asisti\u00f3 la semana pasada a la boda del cantante israel\u00ed Omer Adam y Sacha Israelovich, realizada en una villa privada de Portofino. Durante el festejo, el exmandatario apareci\u00f3 sentado en las primeras filas, vestido con traje oscuro y portando una kip\u00e1 de color beige.<\/p>\n\n\n\n<figure class=\"wp-block-embed is-type-rich is-provider-x wp-block-embed-x\"><div class=\"wp-block-embed__wrapper\">\n<blockquote class=\"twitter-tweet\" data-width=\"550\" data-dnt=\"true\"><p lang=\"es\" dir=\"ltr\">El expresidente Enrique Pe\u00f1a Nieto fue visto en una boda en Italia. La boda del cantante israel\u00ed Omer Adam se celebr\u00f3 el 26 de agosto en La Cervara, cerca de Portofino. El hombre junto a <a href=\"https:\/\/x.com\/EPN?ref_src=twsrc%5Etfw\">@EPN<\/a> podr\u00eda ser Avishai Neriah, empresario se\u00f1alado de sobornar por la compra de Pegasus. <a href=\"https:\/\/t.co\/0j3akxEbWO\">pic.twitter.com\/0j3akxEbWO<\/a><\/p>&mdash; Pablo R\u00edos C.Z. (@pablorioscz) <a href=\"https:\/\/x.com\/pablorioscz\/status\/2094123478152560760?ref_src=twsrc%5Etfw\">August 30, 2026<\/a><\/blockquote><script async src=\"https:\/\/platform.x.com\/widgets.js\" charset=\"utf-8\"><\/script>\n<\/div><\/figure>\n\n\n\n<p class=\"wp-block-paragraph\">Las im\u00e1genes fueron difundidas en redes sociales por el influencer Efraim Feder y posteriormente retomadas por medios de comunicaci\u00f3n. En ellas tambi\u00e9n aparece Avishai Neriah, empresario israel\u00ed cuyo nombre ya hab\u00eda sido relacionado con una investigaci\u00f3n publicada en 2025 por el diario <em>The Marker<\/em>.<\/p>\n\n\n\n<p class=\"wp-block-paragraph\">El uso de la kip\u00e1 por parte de Pe\u00f1a Nieto no implica necesariamente una identificaci\u00f3n religiosa, pues su utilizaci\u00f3n por invitados no jud\u00edos es una pr\u00e1ctica habitual como muestra de respeto durante determinadas ceremonias jud\u00edas.<\/p>\n\n\n\n<h2 class=\"wp-block-heading\">Investigaci\u00f3n sobre Pegasus<\/h2>\n\n\n\n<p class=\"wp-block-paragraph\">La aparici\u00f3n de Pe\u00f1a Nieto junto a Neriah volvi\u00f3 a colocar bajo los reflectores una investigaci\u00f3n period\u00edstica difundida en julio de 2025. <em>The Marker<\/em> inform\u00f3 entonces sobre una disputa empresarial entre Neriah y su exsocio Uri Ansbacher, cuyo origen estuvo en un arbitraje secreto que posteriormente deriv\u00f3 en un litigio civil.<\/p>\n\n\n\n<p class=\"wp-block-paragraph\">De acuerdo con documentos obtenidos por el periodista Gur Meggido y citados por el medio israel\u00ed, los empresarios habr\u00edan hablado de una supuesta \u201cinversi\u00f3n conjunta\u201d de hasta 25 millones de d\u00f3lares realizada entre 2012 y 2018 para obtener acceso a una figura de alto nivel del gobierno mexicano.<\/p>\n\n\n\n<p class=\"wp-block-paragraph\">La investigaci\u00f3n vincul\u00f3 las referencias a \u201cN\u201d o \u201cel N electo\u201d con Pe\u00f1a Nieto y se\u00f1al\u00f3 que los presuntos pagos habr\u00edan estado relacionados con la obtenci\u00f3n de contratos y acceso a distintas instituciones mexicanas de seguridad, entre ellas la Secretar\u00eda de la Defensa Nacional, la entonces Procuradur\u00eda General de la Rep\u00fablica y el Centro de Investigaci\u00f3n y Seguridad Nacional.<\/p>\n\n\n\n<figure class=\"wp-block-image size-large\"><img loading=\"lazy\" decoding=\"async\" width=\"1024\" height=\"724\" src=\"https:\/\/reporterosdelsur.org\/diario\/wp-content\/uploads\/2026\/08\/EPN-1024x724.jpg\" alt=\"\" class=\"wp-image-58561\" srcset=\"https:\/\/reporterosdelsur.org\/diario\/wp-content\/uploads\/2026\/08\/EPN-1024x724.jpg 1024w, https:\/\/reporterosdelsur.org\/diario\/wp-content\/uploads\/2026\/08\/EPN-300x212.jpg 300w, https:\/\/reporterosdelsur.org\/diario\/wp-content\/uploads\/2026\/08\/EPN-768x543.jpg 768w, https:\/\/reporterosdelsur.org\/diario\/wp-content\/uploads\/2026\/08\/EPN-465x329.jpg 465w, https:\/\/reporterosdelsur.org\/diario\/wp-content\/uploads\/2026\/08\/EPN-695x491.jpg 695w, https:\/\/reporterosdelsur.org\/diario\/wp-content\/uploads\/2026\/08\/EPN.jpg 1430w\" sizes=\"auto, (max-width: 1024px) 100vw, 1024px\" \/><\/figure>\n\n\n\n<p class=\"wp-block-paragraph\">Tambi\u00e9n se mencionaron negocios relacionados con la venta del software de espionaje Pegasus, desarrollado por la empresa israel\u00ed NSO Group, adem\u00e1s de drones, equipo militar y proyectos penitenciarios.<\/p>\n\n\n\n<p class=\"wp-block-paragraph\">Neriah habr\u00eda tenido trato directo con Pe\u00f1a Nieto y posteriormente fue designado c\u00f3nsul honorario de M\u00e9xico en Haifa, circunstancia que tambi\u00e9n fue se\u00f1alada en las investigaciones period\u00edsticas.<\/p>\n\n\n\n<h2 class=\"wp-block-heading\">Pe\u00f1a Nieto rechaz\u00f3 las acusaciones<\/h2>\n\n\n\n<p class=\"wp-block-paragraph\">Tras la publicaci\u00f3n de las investigaciones en 2025, Enrique Pe\u00f1a Nieto rechaz\u00f3 las acusaciones y calific\u00f3 la informaci\u00f3n como \u201ctotalmente falsa\u201d, adem\u00e1s de se\u00f1alar que carec\u00eda de sustento y que hab\u00eda sido difundida de manera dolosa.<\/p>\n\n\n\n<p class=\"wp-block-paragraph\">Hasta ahora, <strong>no existe una condena judicial p\u00fablica en M\u00e9xico contra Pe\u00f1a Nieto por los hechos descritos en esas investigaciones<\/strong>. Las acusaciones surgieron a partir de documentos relacionados con una disputa privada entre empresarios israel\u00edes y fueron difundidas posteriormente por medios de comunicaci\u00f3n.<\/p>\n\n\n\n<p class=\"wp-block-paragraph\">La aparici\u00f3n del expresidente mexicano junto a Neriah en la celebraci\u00f3n de Portofino volvi\u00f3 a generar atenci\u00f3n sobre aquel episodio, aunque la fotograf\u00eda, por s\u00ed misma, <strong>no constituye una prueba de que las acusaciones de corrupci\u00f3n hayan sido acreditadas judicialmente<\/strong>.<\/p>\n","protected":false},"excerpt":{"rendered":"<p>El expresidente mexicano fue captado en la boda del cantante israel\u00ed Omer Adam en Portofino, donde apareci\u00f3 sentado junto al empresario Avishai Neriah. Ciudad de M\u00e9xico.\u2014 El expresidente Enrique Pe\u00f1a Nieto fue captado durante una boda celebrada en Portofino, Italia, junto al empresario israel\u00ed Avishai Neriah, se\u00f1alado en una investigaci\u00f3n<span class=\"more-link theme-more-link\"><a href=\"https:\/\/reporterosdelsur.org\/diario\/2026\/08\/pena-nieto-reaparece-en-italia-junto-a-empresario-vinculado-a-investigacion-sobre-pegasus\/\">Leer Nota Complete<\/a><\/span><\/p>\n","protected":false},"author":1,"featured_media":58561,"comment_status":"open","ping_status":"open","sticky":false,"template":"","format":"standard","meta":{"footnotes":"","jetpack_publicize_message":"","jetpack_publicize_feature_enabled":true,"jetpack_social_post_already_shared":true,"jetpack_social_options":{"image_generator_settings":{"template":"highway","default_image_id":0,"font":"","enabled":false},"version":2}},"categories":[3],"tags":[553,416,588,1619,298,491,1210,1379,38,555,372,390,459,333],"class_list":["entry","author-admin","post-58560","post","type-post","status-publish","format-standard","has-post-thumbnail","category-mexico","tag-cni","tag-corrupcion-2","tag-drogas","tag-fgr-mexico","tag-guardia-nacional","tag-marina","tag-nacionales","tag-narcotrafico-2","tag-noticias","tag-omar-garcia-harfuch","tag-operativos","tag-policias","tag-sedena","tag-seguridad"],"jetpack_publicize_connections":[],"featured_image_urls":{"full":["https:\/\/reporterosdelsur.org\/diario\/wp-content\/uploads\/2026\/08\/EPN.jpg",1430,1011,false],"thumbnail":["https:\/\/reporterosdelsur.org\/diario\/wp-content\/uploads\/2026\/08\/EPN-150x150.jpg",150,150,true],"medium":["https:\/\/reporterosdelsur.org\/diario\/wp-content\/uploads\/2026\/08\/EPN-300x212.jpg",300,212,true],"medium_large":["https:\/\/reporterosdelsur.org\/diario\/wp-content\/uploads\/2026\/08\/EPN-768x543.jpg",768,543,true],"large":["https:\/\/reporterosdelsur.org\/diario\/wp-content\/uploads\/2026\/08\/EPN-1024x724.jpg",1024,724,true],"1536x1536":["https:\/\/reporterosdelsur.org\/diario\/wp-content\/uploads\/2026\/08\/EPN.jpg",1430,1011,false],"2048x2048":["https:\/\/reporterosdelsur.org\/diario\/wp-content\/uploads\/2026\/08\/EPN.jpg",1430,1011,false],"ultp_layout_landscape_large":["https:\/\/reporterosdelsur.org\/diario\/wp-content\/uploads\/2026\/08\/EPN-1200x800.jpg",1200,800,true],"ultp_layout_landscape":["https:\/\/reporterosdelsur.org\/diario\/wp-content\/uploads\/2026\/08\/EPN-870x570.jpg",870,570,true],"ultp_layout_portrait":["https:\/\/reporterosdelsur.org\/diario\/wp-content\/uploads\/2026\/08\/EPN-600x900.jpg",600,900,true],"ultp_layout_square":["https:\/\/reporterosdelsur.org\/diario\/wp-content\/uploads\/2026\/08\/EPN-600x600.jpg",600,600,true],"hoot-medium-thumb":["https:\/\/reporterosdelsur.org\/diario\/wp-content\/uploads\/2026\/08\/EPN-460x400.jpg",460,400,true],"hoot-preview":["https:\/\/reporterosdelsur.org\/diario\/wp-content\/uploads\/2026\/08\/EPN-465x329.jpg",465,329,true],"hoot-preview-thumb":["https:\/\/reporterosdelsur.org\/diario\/wp-content\/uploads\/2026\/08\/EPN-465x550.jpg",465,550,true],"hoot-large-thumb":["https:\/\/reporterosdelsur.org\/diario\/wp-content\/uploads\/2026\/08\/EPN-690x550.jpg",690,550,true],"hoot-preview-large":["https:\/\/reporterosdelsur.org\/diario\/wp-content\/uploads\/2026\/08\/EPN-695x491.jpg",695,491,true],"hoot-wide-thumb":["https:\/\/reporterosdelsur.org\/diario\/wp-content\/uploads\/2026\/08\/EPN-920x425.jpg",920,425,true],"hoot-extra-wide-thumb":["https:\/\/reporterosdelsur.org\/diario\/wp-content\/uploads\/2026\/08\/EPN-1035x425.jpg",1035,425,true]},"author_info":{"display_name":"Reporteros del Sur","author_link":"https:\/\/reporterosdelsur.org\/diario\/author\/admin\/"},"category_info":"<a href=\"https:\/\/reporterosdelsur.org\/diario\/category\/mexico\/\" rel=\"category tag\">M\u00e9xico<\/a>","tag_info":"M\u00e9xico","comment_count":"0","_links":{"self":[{"href":"https:\/\/reporterosdelsur.org\/diario\/wp-json\/wp\/v2\/posts\/58560","targetHints":{"allow":["GET"]}}],"collection":[{"href":"https:\/\/reporterosdelsur.org\/diario\/wp-json\/wp\/v2\/posts"}],"about":[{"href":"https:\/\/reporterosdelsur.org\/diario\/wp-json\/wp\/v2\/types\/post"}],"author":[{"embeddable":true,"href":"https:\/\/reporterosdelsur.org\/diario\/wp-json\/wp\/v2\/users\/1"}],"replies":[{"embeddable":true,"href":"https:\/\/reporterosdelsur.org\/diario\/wp-json\/wp\/v2\/comments?post=58560"}],"version-history":[{"count":1,"href":"https:\/\/reporterosdelsur.org\/diario\/wp-json\/wp\/v2\/posts\/58560\/revisions"}],"predecessor-version":[{"id":58562,"href":"https:\/\/reporterosdelsur.org\/diario\/wp-json\/wp\/v2\/posts\/58560\/revisions\/58562"}],"wp:featuredmedia":[{"embeddable":true,"href":"https:\/\/reporterosdelsur.org\/diario\/wp-json\/wp\/v2\/media\/58561"}],"wp:attachment":[{"href":"https:\/\/reporterosdelsur.org\/diario\/wp-json\/wp\/v2\/media?parent=58560"}],"wp:term":[{"taxonomy":"category","embeddable":true,"href":"https:\/\/reporterosdelsur.org\/diario\/wp-json\/wp\/v2\/categories?post=58560"},{"taxonomy":"post_tag","embeddable":true,"href":"https:\/\/reporterosdelsur.org\/diario\/wp-json\/wp\/v2\/tags?post=58560"}],"curies":[{"name":"wp","href":"https:\/\/api.w.org\/{rel}","templated":true}]}}