{"id":58557,"date":"2026-08-31T05:02:12","date_gmt":"2026-08-31T11:02:12","guid":{"rendered":"https:\/\/reporterosdelsur.org\/diario\/?p=58557"},"modified":"2026-08-31T05:02:15","modified_gmt":"2026-08-31T11:02:15","slug":"iran-advierte-a-buques-en-ormuz-tras-incendio-de-superpetrolero","status":"publish","type":"post","link":"https:\/\/reporterosdelsur.org\/diario\/2026\/08\/iran-advierte-a-buques-en-ormuz-tras-incendio-de-superpetrolero\/","title":{"rendered":"Ir\u00e1n advierte a buques en Ormuz tras incendio de superpetrolero"},"content":{"rendered":"\n<p class=\"wp-block-paragraph\"><strong>La Armada del CGRI afirm\u00f3 que un buque \u201crebelde\u201d choc\u00f3 contra dos minas navales y qued\u00f3 inmovilizado en una zona estrat\u00e9gica para el comercio mundial de petr\u00f3leo.<\/strong><\/p>\n\n\n\n<p class=\"wp-block-paragraph\"><strong>Teher\u00e1n.\u2014<\/strong> La Armada del Cuerpo de la Guardia Revolucionaria Isl\u00e1mica de Ir\u00e1n (CGRI) advirti\u00f3 a los buques que navegan por el estrecho de Ormuz que deber\u00e1n cumplir estrictamente con las rutas y protocolos establecidos por las autoridades iran\u00edes, luego de reportar que un superpetrolero qued\u00f3 envuelto en llamas tras presuntamente impactar contra dos minas navales.<\/p>\n\n\n\n<p class=\"wp-block-paragraph\">En un comunicado, la fuerza naval iran\u00ed se\u00f1al\u00f3 que el tr\u00e1nsito por esta estrat\u00e9gica v\u00eda mar\u00edtima, por donde circula una parte importante del petr\u00f3leo mundial, deber\u00e1 realizarse exclusivamente conforme a las normas establecidas por el CGRI.<\/p>\n\n\n\n<p class=\"wp-block-paragraph\">\u201cEs obligatorio cumplir con las normas emitidas por la Armada del CGRI para el tr\u00e1nsito y la navegaci\u00f3n\u201d, se\u00f1al\u00f3 el organismo, al tiempo que llam\u00f3 a las compa\u00f1\u00edas navieras a no dejarse influir por lo que calific\u00f3 como \u201cprovocaciones del Ej\u00e9rcito estadounidense\u201d.<\/p>\n\n\n\n<figure class=\"wp-block-image size-large\"><img loading=\"lazy\" decoding=\"async\" width=\"1024\" height=\"577\" src=\"https:\/\/reporterosdelsur.org\/diario\/wp-content\/uploads\/2026\/08\/Iran-2-3-1024x577.jpg\" alt=\"\" class=\"wp-image-58558\" srcset=\"https:\/\/reporterosdelsur.org\/diario\/wp-content\/uploads\/2026\/08\/Iran-2-3-1024x577.jpg 1024w, https:\/\/reporterosdelsur.org\/diario\/wp-content\/uploads\/2026\/08\/Iran-2-3-300x169.jpg 300w, https:\/\/reporterosdelsur.org\/diario\/wp-content\/uploads\/2026\/08\/Iran-2-3-768x433.jpg 768w, https:\/\/reporterosdelsur.org\/diario\/wp-content\/uploads\/2026\/08\/Iran-2-3-465x262.jpg 465w, https:\/\/reporterosdelsur.org\/diario\/wp-content\/uploads\/2026\/08\/Iran-2-3-695x392.jpg 695w, https:\/\/reporterosdelsur.org\/diario\/wp-content\/uploads\/2026\/08\/Iran-2-3.jpg 1104w\" sizes=\"auto, (max-width: 1024px) 100vw, 1024px\" \/><\/figure>\n\n\n\n<p class=\"wp-block-paragraph\">La fuerza iran\u00ed advirti\u00f3 que ignorar sus disposiciones podr\u00eda poner en riesgo tanto a las embarcaciones como a sus tripulaciones, al considerar que navegar fuera de las rutas autorizadas las expondr\u00eda a consecuencias graves.<\/p>\n\n\n\n<h2 class=\"wp-block-heading\">Superpetrolero queda inmovilizado<\/h2>\n\n\n\n<p class=\"wp-block-paragraph\">El CGRI inform\u00f3 que un superpetrolero se incendi\u00f3 y qued\u00f3 completamente inmovilizado despu\u00e9s de colisionar con dos minas navales en el sector sur del estrecho de Ormuz.<\/p>\n\n\n\n<p class=\"wp-block-paragraph\">Seg\u00fan la versi\u00f3n de la Armada iran\u00ed, la embarcaci\u00f3n intentaba atravesar la v\u00eda mar\u00edtima de manera ilegal, por lo que habr\u00eda incumplido las disposiciones establecidas para la navegaci\u00f3n en la zona.<\/p>\n\n\n\n<p class=\"wp-block-paragraph\">Hasta el momento, las autoridades iran\u00edes no han identificado p\u00fablicamente al buque involucrado ni han proporcionado informaci\u00f3n detallada sobre su tripulaci\u00f3n o posibles v\u00edctimas.<\/p>\n\n\n\n<p class=\"wp-block-paragraph\">El incidente incrementa la tensi\u00f3n en el estrecho de Ormuz, uno de los principales corredores energ\u00e9ticos del planeta y una zona estrat\u00e9gica en el actual conflicto entre Ir\u00e1n y Estados Unidos.<\/p>\n\n\n\n<p class=\"wp-block-paragraph\">La advertencia del CGRI ocurre en un contexto de creciente presi\u00f3n militar en la regi\u00f3n, por lo que cualquier restricci\u00f3n al tr\u00e1nsito mar\u00edtimo en esta v\u00eda podr\u00eda generar repercusiones para el transporte internacional de hidrocarburos.<\/p>\n","protected":false},"excerpt":{"rendered":"<p>La Armada del CGRI afirm\u00f3 que un buque \u201crebelde\u201d choc\u00f3 contra dos minas navales y qued\u00f3 inmovilizado en una zona estrat\u00e9gica para el comercio mundial de petr\u00f3leo. Teher\u00e1n.\u2014 La Armada del Cuerpo de la Guardia Revolucionaria Isl\u00e1mica de Ir\u00e1n (CGRI) advirti\u00f3 a los buques que navegan por el estrecho de<span class=\"more-link theme-more-link\"><a href=\"https:\/\/reporterosdelsur.org\/diario\/2026\/08\/iran-advierte-a-buques-en-ormuz-tras-incendio-de-superpetrolero\/\">Leer Nota Complete<\/a><\/span><\/p>\n","protected":false},"author":1,"featured_media":58558,"comment_status":"open","ping_status":"open","sticky":false,"template":"","format":"standard","meta":{"footnotes":"","jetpack_publicize_message":"","jetpack_publicize_feature_enabled":true,"jetpack_social_post_already_shared":true,"jetpack_social_options":{"image_generator_settings":{"template":"highway","default_image_id":0,"font":"","enabled":false},"version":2}},"categories":[4],"tags":[480,1346,146,481,101,1077,1114,1156,1143,1213,1378,1402,71,38,32,666,333],"class_list":["entry","author-admin","post-58557","post","type-post","status-publish","format-standard","has-post-thumbnail","category-mundo","tag-economia","tag-energeticos","tag-eu","tag-finanzas","tag-gas","tag-gobiernos","tag-guerras","tag-internacionales","tag-iran","tag-israel","tag-libano","tag-medio-oriente","tag-mundo","tag-noticias","tag-petroleo","tag-politica-2","tag-seguridad"],"jetpack_publicize_connections":[],"featured_image_urls":{"full":["https:\/\/reporterosdelsur.org\/diario\/wp-content\/uploads\/2026\/08\/Iran-2-3.jpg",1104,622,false],"thumbnail":["https:\/\/reporterosdelsur.org\/diario\/wp-content\/uploads\/2026\/08\/Iran-2-3-150x150.jpg",150,150,true],"medium":["https:\/\/reporterosdelsur.org\/diario\/wp-content\/uploads\/2026\/08\/Iran-2-3-300x169.jpg",300,169,true],"medium_large":["https:\/\/reporterosdelsur.org\/diario\/wp-content\/uploads\/2026\/08\/Iran-2-3-768x433.jpg",768,433,true],"large":["https:\/\/reporterosdelsur.org\/diario\/wp-content\/uploads\/2026\/08\/Iran-2-3-1024x577.jpg",1024,577,true],"1536x1536":["https:\/\/reporterosdelsur.org\/diario\/wp-content\/uploads\/2026\/08\/Iran-2-3.jpg",1104,622,false],"2048x2048":["https:\/\/reporterosdelsur.org\/diario\/wp-content\/uploads\/2026\/08\/Iran-2-3.jpg",1104,622,false],"ultp_layout_landscape_large":["https:\/\/reporterosdelsur.org\/diario\/wp-content\/uploads\/2026\/08\/Iran-2-3.jpg",1104,622,false],"ultp_layout_landscape":["https:\/\/reporterosdelsur.org\/diario\/wp-content\/uploads\/2026\/08\/Iran-2-3-870x570.jpg",870,570,true],"ultp_layout_portrait":["https:\/\/reporterosdelsur.org\/diario\/wp-content\/uploads\/2026\/08\/Iran-2-3-600x622.jpg",600,622,true],"ultp_layout_square":["https:\/\/reporterosdelsur.org\/diario\/wp-content\/uploads\/2026\/08\/Iran-2-3-600x600.jpg",600,600,true],"hoot-medium-thumb":["https:\/\/reporterosdelsur.org\/diario\/wp-content\/uploads\/2026\/08\/Iran-2-3-460x400.jpg",460,400,true],"hoot-preview":["https:\/\/reporterosdelsur.org\/diario\/wp-content\/uploads\/2026\/08\/Iran-2-3-465x262.jpg",465,262,true],"hoot-preview-thumb":["https:\/\/reporterosdelsur.org\/diario\/wp-content\/uploads\/2026\/08\/Iran-2-3-465x550.jpg",465,550,true],"hoot-large-thumb":["https:\/\/reporterosdelsur.org\/diario\/wp-content\/uploads\/2026\/08\/Iran-2-3-690x550.jpg",690,550,true],"hoot-preview-large":["https:\/\/reporterosdelsur.org\/diario\/wp-content\/uploads\/2026\/08\/Iran-2-3-695x392.jpg",695,392,true],"hoot-wide-thumb":["https:\/\/reporterosdelsur.org\/diario\/wp-content\/uploads\/2026\/08\/Iran-2-3-920x425.jpg",920,425,true],"hoot-extra-wide-thumb":["https:\/\/reporterosdelsur.org\/diario\/wp-content\/uploads\/2026\/08\/Iran-2-3-1035x425.jpg",1035,425,true]},"author_info":{"display_name":"Reporteros del Sur","author_link":"https:\/\/reporterosdelsur.org\/diario\/author\/admin\/"},"category_info":"<a href=\"https:\/\/reporterosdelsur.org\/diario\/category\/mundo\/\" rel=\"category tag\">Mundo<\/a>","tag_info":"Mundo","comment_count":"0","_links":{"self":[{"href":"https:\/\/reporterosdelsur.org\/diario\/wp-json\/wp\/v2\/posts\/58557","targetHints":{"allow":["GET"]}}],"collection":[{"href":"https:\/\/reporterosdelsur.org\/diario\/wp-json\/wp\/v2\/posts"}],"about":[{"href":"https:\/\/reporterosdelsur.org\/diario\/wp-json\/wp\/v2\/types\/post"}],"author":[{"embeddable":true,"href":"https:\/\/reporterosdelsur.org\/diario\/wp-json\/wp\/v2\/users\/1"}],"replies":[{"embeddable":true,"href":"https:\/\/reporterosdelsur.org\/diario\/wp-json\/wp\/v2\/comments?post=58557"}],"version-history":[{"count":1,"href":"https:\/\/reporterosdelsur.org\/diario\/wp-json\/wp\/v2\/posts\/58557\/revisions"}],"predecessor-version":[{"id":58559,"href":"https:\/\/reporterosdelsur.org\/diario\/wp-json\/wp\/v2\/posts\/58557\/revisions\/58559"}],"wp:featuredmedia":[{"embeddable":true,"href":"https:\/\/reporterosdelsur.org\/diario\/wp-json\/wp\/v2\/media\/58558"}],"wp:attachment":[{"href":"https:\/\/reporterosdelsur.org\/diario\/wp-json\/wp\/v2\/media?parent=58557"}],"wp:term":[{"taxonomy":"category","embeddable":true,"href":"https:\/\/reporterosdelsur.org\/diario\/wp-json\/wp\/v2\/categories?post=58557"},{"taxonomy":"post_tag","embeddable":true,"href":"https:\/\/reporterosdelsur.org\/diario\/wp-json\/wp\/v2\/tags?post=58557"}],"curies":[{"name":"wp","href":"https:\/\/api.w.org\/{rel}","templated":true}]}}