{"id":58554,"date":"2026-08-31T04:59:08","date_gmt":"2026-08-31T10:59:08","guid":{"rendered":"https:\/\/reporterosdelsur.org\/diario\/?p=58554"},"modified":"2026-08-31T04:59:12","modified_gmt":"2026-08-31T10:59:12","slug":"gobierno-federal-perfila-11-reformas-prioritarias-para-el-congreso","status":"publish","type":"post","link":"https:\/\/reporterosdelsur.org\/diario\/2026\/08\/gobierno-federal-perfila-11-reformas-prioritarias-para-el-congreso\/","title":{"rendered":"Gobierno federal perfila 11 reformas prioritarias para el Congreso"},"content":{"rendered":"\n<p class=\"wp-block-paragraph\"><strong>La agenda de Claudia Sheinbaum incluye el paquete econ\u00f3mico de 2027, nuevas leyes anticorrupci\u00f3n, cambios al sistema penal y modificaciones a las reglas para aspirantes a cargos judiciales. <\/strong><\/p>\n\n\n\n<p class=\"wp-block-paragraph\"><strong>Ciudad de M\u00e9xico.\u2014<\/strong> El gobierno federal present\u00f3 ante la bancada de Morena en la C\u00e1mara de Diputados un paquete de <strong>11 reformas prioritarias<\/strong> impulsadas por la presidenta Claudia Sheinbaum, entre las que destacan la Ley de Ingresos y el Presupuesto de Egresos de la Federaci\u00f3n para 2027, as\u00ed como modificaciones en materia anticorrupci\u00f3n, justicia penal, igualdad y medio ambiente.<\/p>\n\n\n\n<p class=\"wp-block-paragraph\">Durante la reuni\u00f3n plenaria de los legisladores morenistas, la Consejer\u00eda Jur\u00eddica de la Presidencia inform\u00f3 que parte de las iniciativas se han trabajado durante varios meses en coordinaci\u00f3n con la Secretar\u00eda Anticorrupci\u00f3n y Buen Gobierno, el Tribunal Federal de Justicia Administrativa y la Auditor\u00eda Superior de la Federaci\u00f3n.<\/p>\n\n\n\n<p class=\"wp-block-paragraph\">Uno de los principales bloques contempla reformas a <strong>19 leyes y la creaci\u00f3n de dos nuevos ordenamientos<\/strong> orientados a fortalecer las atribuciones de las instituciones responsables de prevenir y combatir la corrupci\u00f3n.<\/p>\n\n\n\n<figure class=\"wp-block-image size-large\"><img loading=\"lazy\" decoding=\"async\" width=\"1024\" height=\"768\" src=\"https:\/\/reporterosdelsur.org\/diario\/wp-content\/uploads\/2026\/08\/Cluadia-1024x768.jpg\" alt=\"\" class=\"wp-image-58555\" srcset=\"https:\/\/reporterosdelsur.org\/diario\/wp-content\/uploads\/2026\/08\/Cluadia-1024x768.jpg 1024w, https:\/\/reporterosdelsur.org\/diario\/wp-content\/uploads\/2026\/08\/Cluadia-300x225.jpg 300w, https:\/\/reporterosdelsur.org\/diario\/wp-content\/uploads\/2026\/08\/Cluadia-768x576.jpg 768w, https:\/\/reporterosdelsur.org\/diario\/wp-content\/uploads\/2026\/08\/Cluadia-465x349.jpg 465w, https:\/\/reporterosdelsur.org\/diario\/wp-content\/uploads\/2026\/08\/Cluadia-667x500.jpg 667w, https:\/\/reporterosdelsur.org\/diario\/wp-content\/uploads\/2026\/08\/Cluadia.jpg 1280w\" sizes=\"auto, (max-width: 1024px) 100vw, 1024px\" \/><\/figure>\n\n\n\n<p class=\"wp-block-paragraph\">El objetivo, se explic\u00f3, es ampliar las obligaciones de los servidores p\u00fablicos y dotar a las autoridades de mayores herramientas para enfrentar de manera m\u00e1s eficaz la corrupci\u00f3n y reducir los niveles de impunidad.<\/p>\n\n\n\n<h2 class=\"wp-block-heading\">Buscan agilizar procesos penales<\/h2>\n\n\n\n<p class=\"wp-block-paragraph\">La agenda tambi\u00e9n contempla una reforma al C\u00f3digo Nacional de Procedimientos Penales, propuesta que es elaborada por la Fiscal\u00eda General de la Rep\u00fablica y las fiscal\u00edas estatales y que ser\u00e1 acompa\u00f1ada por el Ejecutivo federal una vez que llegue al Congreso.<\/p>\n\n\n\n<p class=\"wp-block-paragraph\">Durante la reuni\u00f3n se reconoci\u00f3 que el incremento en el n\u00famero de detenciones ha generado tambi\u00e9n un crecimiento de la poblaci\u00f3n penitenciaria, por lo que se busca agilizar los procesos judiciales.<\/p>\n\n\n\n<p class=\"wp-block-paragraph\">Uno de los principales objetivos ser\u00e1 atender los casos de personas privadas de la libertad que llevan <strong>hasta 20 a\u00f1os sin que se resuelva su situaci\u00f3n jur\u00eddica<\/strong>, con el prop\u00f3sito de evitar que permanezcan en prisi\u00f3n durante periodos prolongados sin una resoluci\u00f3n definitiva.<\/p>\n\n\n\n<h2 class=\"wp-block-heading\">Feminicidio y medio ambiente<\/h2>\n\n\n\n<p class=\"wp-block-paragraph\">Entre las iniciativas anunciadas tambi\u00e9n se encuentra una propuesta relacionada con la <strong>doble nacionalidad<\/strong> para quienes aspiren a la Presidencia de la Rep\u00fablica, las gubernaturas y la Jefatura de Gobierno de la Ciudad de M\u00e9xico.<\/p>\n\n\n\n<p class=\"wp-block-paragraph\">Asimismo, se prev\u00e9 una iniciativa para homologar el delito de feminicidio a nivel nacional, con la intenci\u00f3n de establecer criterios comunes para su investigaci\u00f3n y persecuci\u00f3n en las distintas entidades del pa\u00eds.<\/p>\n\n\n\n<p class=\"wp-block-paragraph\">La agenda incluye adem\u00e1s una nueva <strong>Ley General de Equilibrio Ecol\u00f3gico y Protecci\u00f3n al Ambiente<\/strong>, con la que se pretende actualizar el marco jur\u00eddico en materia ambiental.<\/p>\n\n\n\n<h2 class=\"wp-block-heading\">Reforma al Poder Judicial<\/h2>\n\n\n\n<p class=\"wp-block-paragraph\">Otro de los puntos prioritarios corresponde a las leyes reglamentarias de la reforma al Poder Judicial.<\/p>\n\n\n\n<p class=\"wp-block-paragraph\">La propuesta contempla reducir el n\u00famero de candidatos para los cargos de jueces y magistrados, adem\u00e1s de modificar los requisitos que deber\u00e1n cumplir quienes busquen participar en los procesos para ocupar dichos puestos.<\/p>\n\n\n\n<p class=\"wp-block-paragraph\">Con este paquete, el gobierno federal busca establecer una agenda legislativa para el pr\u00f3ximo periodo ordinario de sesiones, mientras la bancada de Morena en San L\u00e1zaro se prepara para discutir y, en su caso, aprobar las iniciativas prioritarias de la presidenta Claudia Sheinbaum.<\/p>\n","protected":false},"excerpt":{"rendered":"<p>La agenda de Claudia Sheinbaum incluye el paquete econ\u00f3mico de 2027, nuevas leyes anticorrupci\u00f3n, cambios al sistema penal y modificaciones a las reglas para aspirantes a cargos judiciales. Ciudad de M\u00e9xico.\u2014 El gobierno federal present\u00f3 ante la bancada de Morena en la C\u00e1mara de Diputados un paquete de 11 reformas<span class=\"more-link theme-more-link\"><a href=\"https:\/\/reporterosdelsur.org\/diario\/2026\/08\/gobierno-federal-perfila-11-reformas-prioritarias-para-el-congreso\/\">Leer Nota Complete<\/a><\/span><\/p>\n","protected":false},"author":1,"featured_media":58555,"comment_status":"open","ping_status":"open","sticky":false,"template":"","format":"standard","meta":{"footnotes":"","jetpack_publicize_message":"","jetpack_publicize_feature_enabled":true,"jetpack_social_post_already_shared":true,"jetpack_social_options":{"image_generator_settings":{"template":"highway","default_image_id":0,"font":"","enabled":false},"version":2}},"categories":[3],"tags":[1381,480,481,2175,1156,1210,38,564,333,470,446],"class_list":["entry","author-admin","post-58554","post","type-post","status-publish","format-standard","has-post-thumbnail","category-mexico","tag-claudia-sheinbaum-pardo","tag-economia","tag-finanzas","tag-gobierno-de-mexico","tag-internacionales","tag-nacionales","tag-noticias","tag-programas-sociales","tag-seguridad","tag-turismo","tag-viviendas"],"jetpack_publicize_connections":[],"featured_image_urls":{"full":["https:\/\/reporterosdelsur.org\/diario\/wp-content\/uploads\/2026\/08\/Cluadia.jpg",1280,960,false],"thumbnail":["https:\/\/reporterosdelsur.org\/diario\/wp-content\/uploads\/2026\/08\/Cluadia-150x150.jpg",150,150,true],"medium":["https:\/\/reporterosdelsur.org\/diario\/wp-content\/uploads\/2026\/08\/Cluadia-300x225.jpg",300,225,true],"medium_large":["https:\/\/reporterosdelsur.org\/diario\/wp-content\/uploads\/2026\/08\/Cluadia-768x576.jpg",768,576,true],"large":["https:\/\/reporterosdelsur.org\/diario\/wp-content\/uploads\/2026\/08\/Cluadia-1024x768.jpg",1024,768,true],"1536x1536":["https:\/\/reporterosdelsur.org\/diario\/wp-content\/uploads\/2026\/08\/Cluadia.jpg",1280,960,false],"2048x2048":["https:\/\/reporterosdelsur.org\/diario\/wp-content\/uploads\/2026\/08\/Cluadia.jpg",1280,960,false],"ultp_layout_landscape_large":["https:\/\/reporterosdelsur.org\/diario\/wp-content\/uploads\/2026\/08\/Cluadia-1200x800.jpg",1200,800,true],"ultp_layout_landscape":["https:\/\/reporterosdelsur.org\/diario\/wp-content\/uploads\/2026\/08\/Cluadia-870x570.jpg",870,570,true],"ultp_layout_portrait":["https:\/\/reporterosdelsur.org\/diario\/wp-content\/uploads\/2026\/08\/Cluadia-600x900.jpg",600,900,true],"ultp_layout_square":["https:\/\/reporterosdelsur.org\/diario\/wp-content\/uploads\/2026\/08\/Cluadia-600x600.jpg",600,600,true],"hoot-medium-thumb":["https:\/\/reporterosdelsur.org\/diario\/wp-content\/uploads\/2026\/08\/Cluadia-460x400.jpg",460,400,true],"hoot-preview":["https:\/\/reporterosdelsur.org\/diario\/wp-content\/uploads\/2026\/08\/Cluadia-465x349.jpg",465,349,true],"hoot-preview-thumb":["https:\/\/reporterosdelsur.org\/diario\/wp-content\/uploads\/2026\/08\/Cluadia-465x550.jpg",465,550,true],"hoot-large-thumb":["https:\/\/reporterosdelsur.org\/diario\/wp-content\/uploads\/2026\/08\/Cluadia-690x550.jpg",690,550,true],"hoot-preview-large":["https:\/\/reporterosdelsur.org\/diario\/wp-content\/uploads\/2026\/08\/Cluadia-667x500.jpg",667,500,true],"hoot-wide-thumb":["https:\/\/reporterosdelsur.org\/diario\/wp-content\/uploads\/2026\/08\/Cluadia-920x425.jpg",920,425,true],"hoot-extra-wide-thumb":["https:\/\/reporterosdelsur.org\/diario\/wp-content\/uploads\/2026\/08\/Cluadia-1035x425.jpg",1035,425,true]},"author_info":{"display_name":"Reporteros del Sur","author_link":"https:\/\/reporterosdelsur.org\/diario\/author\/admin\/"},"category_info":"<a href=\"https:\/\/reporterosdelsur.org\/diario\/category\/mexico\/\" rel=\"category tag\">M\u00e9xico<\/a>","tag_info":"M\u00e9xico","comment_count":"0","_links":{"self":[{"href":"https:\/\/reporterosdelsur.org\/diario\/wp-json\/wp\/v2\/posts\/58554","targetHints":{"allow":["GET"]}}],"collection":[{"href":"https:\/\/reporterosdelsur.org\/diario\/wp-json\/wp\/v2\/posts"}],"about":[{"href":"https:\/\/reporterosdelsur.org\/diario\/wp-json\/wp\/v2\/types\/post"}],"author":[{"embeddable":true,"href":"https:\/\/reporterosdelsur.org\/diario\/wp-json\/wp\/v2\/users\/1"}],"replies":[{"embeddable":true,"href":"https:\/\/reporterosdelsur.org\/diario\/wp-json\/wp\/v2\/comments?post=58554"}],"version-history":[{"count":1,"href":"https:\/\/reporterosdelsur.org\/diario\/wp-json\/wp\/v2\/posts\/58554\/revisions"}],"predecessor-version":[{"id":58556,"href":"https:\/\/reporterosdelsur.org\/diario\/wp-json\/wp\/v2\/posts\/58554\/revisions\/58556"}],"wp:featuredmedia":[{"embeddable":true,"href":"https:\/\/reporterosdelsur.org\/diario\/wp-json\/wp\/v2\/media\/58555"}],"wp:attachment":[{"href":"https:\/\/reporterosdelsur.org\/diario\/wp-json\/wp\/v2\/media?parent=58554"}],"wp:term":[{"taxonomy":"category","embeddable":true,"href":"https:\/\/reporterosdelsur.org\/diario\/wp-json\/wp\/v2\/categories?post=58554"},{"taxonomy":"post_tag","embeddable":true,"href":"https:\/\/reporterosdelsur.org\/diario\/wp-json\/wp\/v2\/tags?post=58554"}],"curies":[{"name":"wp","href":"https:\/\/api.w.org\/{rel}","templated":true}]}}