{"id":58551,"date":"2026-08-31T04:53:59","date_gmt":"2026-08-31T10:53:59","guid":{"rendered":"https:\/\/reporterosdelsur.org\/diario\/?p=58551"},"modified":"2026-08-31T04:54:03","modified_gmt":"2026-08-31T10:54:03","slug":"iran-lanza-ataque-de-represalia-contra-posiciones-de-estados-unidos-en-medio-oriente","status":"publish","type":"post","link":"https:\/\/reporterosdelsur.org\/diario\/2026\/08\/iran-lanza-ataque-de-represalia-contra-posiciones-de-estados-unidos-en-medio-oriente\/","title":{"rendered":"Ir\u00e1n lanza ataque de represalia contra posiciones de Estados Unidos en Medio Oriente"},"content":{"rendered":"\n<p class=\"wp-block-paragraph\"><strong>Drones iran\u00edes atacaron posiciones de helic\u00f3pteros y fuerzas estadounidenses en la base Al Manhad, en Emiratos \u00c1rabes Unidos, tras una ofensiva de Washington contra territorio iran\u00ed.<\/strong><\/p>\n\n\n\n<p class=\"wp-block-paragraph\"><strong>Dub\u00e1i.\u2014<\/strong> Las fuerzas iran\u00edes lanzaron durante la madrugada del lunes una ofensiva de represalia contra posiciones militares estadounidenses en Medio Oriente, incluyendo la base Al Manhad, en Emiratos \u00c1rabes Unidos, donde fueron atacadas posiciones de helic\u00f3pteros y efectivos de Estados Unidos.<\/p>\n\n\n\n<p class=\"wp-block-paragraph\">De acuerdo con reportes de medios iran\u00edes, el ataque fue realizado con drones y ocurri\u00f3 horas despu\u00e9s de que fuerzas estadounidenses bombardearan la isla iran\u00ed de Larak, ubicada en el estrecho de Ormuz, en una operaci\u00f3n que dej\u00f3 personas muertas y heridas.<\/p>\n\n\n\n<figure class=\"wp-block-embed is-type-rich is-provider-x wp-block-embed-x\"><div class=\"wp-block-embed__wrapper\">\nhttps:\/\/twitter.com\/i\/status\/2094278963946303999\n<\/div><\/figure>\n\n\n\n<p class=\"wp-block-paragraph\">El Comando Central de Estados Unidos (CENTCOM) se\u00f1al\u00f3 que el objetivo de la operaci\u00f3n contra Larak eran dos lanzacohetes que, seg\u00fan sus informes, se preparaban para lanzar misiles contra objetivos en el estrecho de Ormuz.<\/p>\n\n\n\n<p class=\"wp-block-paragraph\">La ofensiva estadounidense represent\u00f3 el primer ataque contra territorio iran\u00ed desde finales de julio, elevando nuevamente la tensi\u00f3n militar entre Washington y Teher\u00e1n.<\/p>\n\n\n\n<h2 class=\"wp-block-heading\">Guardia Revolucionaria amenaza con m\u00e1s represalias<\/h2>\n\n\n\n<p class=\"wp-block-paragraph\">Tras el ataque estadounidense, el Cuerpo de la Guardia Revolucionaria Isl\u00e1mica (CGRI) advirti\u00f3 que Ir\u00e1n responder\u00eda y prometi\u00f3 \u201ccastigar\u201d al enemigo.<\/p>\n\n\n\n<figure class=\"wp-block-image size-large\"><img loading=\"lazy\" decoding=\"async\" width=\"1024\" height=\"577\" src=\"https:\/\/reporterosdelsur.org\/diario\/wp-content\/uploads\/2026\/08\/Iran-12-1024x577.jpg\" alt=\"\" class=\"wp-image-58552\" srcset=\"https:\/\/reporterosdelsur.org\/diario\/wp-content\/uploads\/2026\/08\/Iran-12-1024x577.jpg 1024w, https:\/\/reporterosdelsur.org\/diario\/wp-content\/uploads\/2026\/08\/Iran-12-300x169.jpg 300w, https:\/\/reporterosdelsur.org\/diario\/wp-content\/uploads\/2026\/08\/Iran-12-768x433.jpg 768w, https:\/\/reporterosdelsur.org\/diario\/wp-content\/uploads\/2026\/08\/Iran-12-465x262.jpg 465w, https:\/\/reporterosdelsur.org\/diario\/wp-content\/uploads\/2026\/08\/Iran-12-695x392.jpg 695w, https:\/\/reporterosdelsur.org\/diario\/wp-content\/uploads\/2026\/08\/Iran-12.jpg 1104w\" sizes=\"auto, (max-width: 1024px) 100vw, 1024px\" \/><\/figure>\n\n\n\n<p class=\"wp-block-paragraph\">Durante la madrugada se reportaron explosiones no solamente en Emiratos \u00c1rabes Unidos, sino tambi\u00e9n en Jordania y Kuwait, pa\u00edses donde Estados Unidos mantiene instalaciones militares.<\/p>\n\n\n\n<p class=\"wp-block-paragraph\">El CGRI sostuvo que las acciones estadounidenses no conseguir\u00e1n debilitar el control iran\u00ed sobre el estrecho de Ormuz y advirti\u00f3 que cada nueva agresi\u00f3n recibir\u00e1 una respuesta de mayor intensidad.<\/p>\n\n\n\n<p class=\"wp-block-paragraph\">\u201cCada ataque conllevar\u00e1 respuestas a\u00fan m\u00e1s contundentes\u201d, se\u00f1al\u00f3 la organizaci\u00f3n iran\u00ed.<\/p>\n\n\n\n<p class=\"wp-block-paragraph\">Medios estatales y afines a Teher\u00e1n difundieron adem\u00e1s im\u00e1genes que, seg\u00fan sus reportes, muestran el lanzamiento de misiles bal\u00edsticos y drones contra dos bases estadounidenses ubicadas en Jordania.<\/p>\n\n\n\n<p class=\"wp-block-paragraph\">La nueva escalada ocurre en una zona estrat\u00e9gica para el comercio energ\u00e9tico mundial, debido a la importancia del estrecho de Ormuz como ruta para el transporte de petr\u00f3leo y gas, mientras persisten las tensiones entre Ir\u00e1n, Estados Unidos y sus aliados regionales.<\/p>\n","protected":false},"excerpt":{"rendered":"<p>Drones iran\u00edes atacaron posiciones de helic\u00f3pteros y fuerzas estadounidenses en la base Al Manhad, en Emiratos \u00c1rabes Unidos, tras una ofensiva de Washington contra territorio iran\u00ed. Dub\u00e1i.\u2014 Las fuerzas iran\u00edes lanzaron durante la madrugada del lunes una ofensiva de represalia contra posiciones militares estadounidenses en Medio Oriente, incluyendo la base<span class=\"more-link theme-more-link\"><a href=\"https:\/\/reporterosdelsur.org\/diario\/2026\/08\/iran-lanza-ataque-de-represalia-contra-posiciones-de-estados-unidos-en-medio-oriente\/\">Leer Nota Complete<\/a><\/span><\/p>\n","protected":false},"author":1,"featured_media":58552,"comment_status":"open","ping_status":"open","sticky":false,"template":"","format":"standard","meta":{"footnotes":"","jetpack_publicize_message":"","jetpack_publicize_feature_enabled":true,"jetpack_social_post_already_shared":true,"jetpack_social_options":{"image_generator_settings":{"template":"highway","default_image_id":0,"font":"","enabled":false},"version":2}},"categories":[4],"tags":[480,1346,146,481,101,1077,1114,1156,1143,1213,1378,1402,71,38,32,666,333],"class_list":["entry","author-admin","post-58551","post","type-post","status-publish","format-standard","has-post-thumbnail","category-mundo","tag-economia","tag-energeticos","tag-eu","tag-finanzas","tag-gas","tag-gobiernos","tag-guerras","tag-internacionales","tag-iran","tag-israel","tag-libano","tag-medio-oriente","tag-mundo","tag-noticias","tag-petroleo","tag-politica-2","tag-seguridad"],"jetpack_publicize_connections":[],"featured_image_urls":{"full":["https:\/\/reporterosdelsur.org\/diario\/wp-content\/uploads\/2026\/08\/Iran-12.jpg",1104,622,false],"thumbnail":["https:\/\/reporterosdelsur.org\/diario\/wp-content\/uploads\/2026\/08\/Iran-12-150x150.jpg",150,150,true],"medium":["https:\/\/reporterosdelsur.org\/diario\/wp-content\/uploads\/2026\/08\/Iran-12-300x169.jpg",300,169,true],"medium_large":["https:\/\/reporterosdelsur.org\/diario\/wp-content\/uploads\/2026\/08\/Iran-12-768x433.jpg",768,433,true],"large":["https:\/\/reporterosdelsur.org\/diario\/wp-content\/uploads\/2026\/08\/Iran-12-1024x577.jpg",1024,577,true],"1536x1536":["https:\/\/reporterosdelsur.org\/diario\/wp-content\/uploads\/2026\/08\/Iran-12.jpg",1104,622,false],"2048x2048":["https:\/\/reporterosdelsur.org\/diario\/wp-content\/uploads\/2026\/08\/Iran-12.jpg",1104,622,false],"ultp_layout_landscape_large":["https:\/\/reporterosdelsur.org\/diario\/wp-content\/uploads\/2026\/08\/Iran-12.jpg",1104,622,false],"ultp_layout_landscape":["https:\/\/reporterosdelsur.org\/diario\/wp-content\/uploads\/2026\/08\/Iran-12-870x570.jpg",870,570,true],"ultp_layout_portrait":["https:\/\/reporterosdelsur.org\/diario\/wp-content\/uploads\/2026\/08\/Iran-12-600x622.jpg",600,622,true],"ultp_layout_square":["https:\/\/reporterosdelsur.org\/diario\/wp-content\/uploads\/2026\/08\/Iran-12-600x600.jpg",600,600,true],"hoot-medium-thumb":["https:\/\/reporterosdelsur.org\/diario\/wp-content\/uploads\/2026\/08\/Iran-12-460x400.jpg",460,400,true],"hoot-preview":["https:\/\/reporterosdelsur.org\/diario\/wp-content\/uploads\/2026\/08\/Iran-12-465x262.jpg",465,262,true],"hoot-preview-thumb":["https:\/\/reporterosdelsur.org\/diario\/wp-content\/uploads\/2026\/08\/Iran-12-465x550.jpg",465,550,true],"hoot-large-thumb":["https:\/\/reporterosdelsur.org\/diario\/wp-content\/uploads\/2026\/08\/Iran-12-690x550.jpg",690,550,true],"hoot-preview-large":["https:\/\/reporterosdelsur.org\/diario\/wp-content\/uploads\/2026\/08\/Iran-12-695x392.jpg",695,392,true],"hoot-wide-thumb":["https:\/\/reporterosdelsur.org\/diario\/wp-content\/uploads\/2026\/08\/Iran-12-920x425.jpg",920,425,true],"hoot-extra-wide-thumb":["https:\/\/reporterosdelsur.org\/diario\/wp-content\/uploads\/2026\/08\/Iran-12-1035x425.jpg",1035,425,true]},"author_info":{"display_name":"Reporteros del Sur","author_link":"https:\/\/reporterosdelsur.org\/diario\/author\/admin\/"},"category_info":"<a href=\"https:\/\/reporterosdelsur.org\/diario\/category\/mundo\/\" rel=\"category tag\">Mundo<\/a>","tag_info":"Mundo","comment_count":"0","_links":{"self":[{"href":"https:\/\/reporterosdelsur.org\/diario\/wp-json\/wp\/v2\/posts\/58551","targetHints":{"allow":["GET"]}}],"collection":[{"href":"https:\/\/reporterosdelsur.org\/diario\/wp-json\/wp\/v2\/posts"}],"about":[{"href":"https:\/\/reporterosdelsur.org\/diario\/wp-json\/wp\/v2\/types\/post"}],"author":[{"embeddable":true,"href":"https:\/\/reporterosdelsur.org\/diario\/wp-json\/wp\/v2\/users\/1"}],"replies":[{"embeddable":true,"href":"https:\/\/reporterosdelsur.org\/diario\/wp-json\/wp\/v2\/comments?post=58551"}],"version-history":[{"count":1,"href":"https:\/\/reporterosdelsur.org\/diario\/wp-json\/wp\/v2\/posts\/58551\/revisions"}],"predecessor-version":[{"id":58553,"href":"https:\/\/reporterosdelsur.org\/diario\/wp-json\/wp\/v2\/posts\/58551\/revisions\/58553"}],"wp:featuredmedia":[{"embeddable":true,"href":"https:\/\/reporterosdelsur.org\/diario\/wp-json\/wp\/v2\/media\/58552"}],"wp:attachment":[{"href":"https:\/\/reporterosdelsur.org\/diario\/wp-json\/wp\/v2\/media?parent=58551"}],"wp:term":[{"taxonomy":"category","embeddable":true,"href":"https:\/\/reporterosdelsur.org\/diario\/wp-json\/wp\/v2\/categories?post=58551"},{"taxonomy":"post_tag","embeddable":true,"href":"https:\/\/reporterosdelsur.org\/diario\/wp-json\/wp\/v2\/tags?post=58551"}],"curies":[{"name":"wp","href":"https:\/\/api.w.org\/{rel}","templated":true}]}}