{"id":58547,"date":"2026-08-31T04:46:56","date_gmt":"2026-08-31T10:46:56","guid":{"rendered":"https:\/\/reporterosdelsur.org\/diario\/?p=58547"},"modified":"2026-08-31T04:47:00","modified_gmt":"2026-08-31T10:47:00","slug":"rosa-icela-rodriguez-llama-a-morena-a-anteponer-el-interes-del-pueblo-sobre-intereses-personales","status":"publish","type":"post","link":"https:\/\/reporterosdelsur.org\/diario\/2026\/08\/rosa-icela-rodriguez-llama-a-morena-a-anteponer-el-interes-del-pueblo-sobre-intereses-personales\/","title":{"rendered":"Rosa Icela Rodr\u00edguez llama a Morena a anteponer el inter\u00e9s del pueblo sobre intereses personales"},"content":{"rendered":"\n<p class=\"wp-block-paragraph\"><strong>La secretaria de Gobernaci\u00f3n pidi\u00f3 mantener la unidad del movimiento de transformaci\u00f3n, respaldar a Claudia Sheinbaum y cuidar el legado de Andr\u00e9s Manuel L\u00f3pez Obrador.<\/strong><\/p>\n\n\n\n<p class=\"wp-block-paragraph\"><strong>Ciudad de M\u00e9xico.\u2014<\/strong> La secretaria de Gobernaci\u00f3n, Rosa Icela Rodr\u00edguez, llam\u00f3 a los diputados federales de Morena a mantener una conducta acorde con los principios de la transformaci\u00f3n y advirti\u00f3 que el inter\u00e9s superior del pueblo de M\u00e9xico debe estar por encima de cualquier inter\u00e9s personal, de grupo o partidista.<\/p>\n\n\n\n<p class=\"wp-block-paragraph\">Durante su participaci\u00f3n en la Quinta Sesi\u00f3n Plenaria de la bancada morenista en la C\u00e1mara de Diputados, previo al inicio del periodo ordinario de sesiones del Congreso de la Uni\u00f3n, la funcionaria sostuvo que quienes forman parte del movimiento tienen la responsabilidad de preservar una frontera \u00e9tica y evitar el uso de la pol\u00edtica para obtener privilegios.<\/p>\n\n\n\n<p class=\"wp-block-paragraph\">\u201cNadie puede servirse del movimiento para obtener privilegios, proteger intereses personales o vulnerar la ley. Mantener esa frontera \u00e9tica es responsabilidad de todos nosotros\u201d, enfatiz\u00f3.<\/p>\n\n\n\n<p class=\"wp-block-paragraph\">Rodr\u00edguez llam\u00f3 a los legisladores a respaldar a la presidenta Claudia Sheinbaum Pardo, mantener la unidad del movimiento de transformaci\u00f3n y preservar el legado pol\u00edtico del expresidente Andr\u00e9s Manuel L\u00f3pez Obrador, adem\u00e1s de continuar impulsando acciones orientadas al bienestar de la poblaci\u00f3n.<\/p>\n\n\n\n<figure class=\"wp-block-image size-full\"><img loading=\"lazy\" decoding=\"async\" width=\"854\" height=\"854\" src=\"https:\/\/reporterosdelsur.org\/diario\/wp-content\/uploads\/2026\/08\/SSP-2-1.jpg\" alt=\"\" class=\"wp-image-58549\" srcset=\"https:\/\/reporterosdelsur.org\/diario\/wp-content\/uploads\/2026\/08\/SSP-2-1.jpg 854w, https:\/\/reporterosdelsur.org\/diario\/wp-content\/uploads\/2026\/08\/SSP-2-1-300x300.jpg 300w, https:\/\/reporterosdelsur.org\/diario\/wp-content\/uploads\/2026\/08\/SSP-2-1-150x150.jpg 150w, https:\/\/reporterosdelsur.org\/diario\/wp-content\/uploads\/2026\/08\/SSP-2-1-768x768.jpg 768w, https:\/\/reporterosdelsur.org\/diario\/wp-content\/uploads\/2026\/08\/SSP-2-1-600x600.jpg 600w, https:\/\/reporterosdelsur.org\/diario\/wp-content\/uploads\/2026\/08\/SSP-2-1-465x465.jpg 465w, https:\/\/reporterosdelsur.org\/diario\/wp-content\/uploads\/2026\/08\/SSP-2-1-500x500.jpg 500w\" sizes=\"auto, (max-width: 854px) 100vw, 854px\" \/><\/figure>\n\n\n\n<p class=\"wp-block-paragraph\">En este sentido, pidi\u00f3 acompa\u00f1ar las reformas promovidas por la mandataria federal, entre ellas la propuesta de modificaciones constitucionales para establecer que quien ocupe la Presidencia de la Rep\u00fablica o una gubernatura estatal cuente \u00fanicamente con la nacionalidad mexicana.<\/p>\n\n\n\n<p class=\"wp-block-paragraph\">La titular de Gobernaci\u00f3n destac\u00f3 que la actual Legislatura participa en una etapa hist\u00f3rica del pa\u00eds, al tener la responsabilidad de convertir en realidad, mediante el trabajo legislativo, demandas sociales relacionadas con el ejercicio pleno de los derechos.<\/p>\n\n\n\n<h2 class=\"wp-block-heading\">Advierte sobre retos electorales<\/h2>\n\n\n\n<p class=\"wp-block-paragraph\">Rosa Icela Rodr\u00edguez tambi\u00e9n se\u00f1al\u00f3 que el proceso electoral del pr\u00f3ximo a\u00f1o representar\u00e1 una prueba para el movimiento de transformaci\u00f3n, debido a que habr\u00e1 competencia, aspiraciones leg\u00edtimas y definiciones partidistas.<\/p>\n\n\n\n<p class=\"wp-block-paragraph\">No obstante, sostuvo que ninguna candidatura, cargo o c\u00e1lculo electoral debe colocarse por encima de la estabilidad del pa\u00eds, la soberan\u00eda nacional y el bienestar de las mayor\u00edas.<\/p>\n\n\n\n<p class=\"wp-block-paragraph\">\u201cLos cargos son transitorios y el mandato del pueblo es permanente\u201d, afirm\u00f3, al tiempo que pidi\u00f3 evitar que las aspiraciones individuales provoquen divisiones dentro del movimiento.<\/p>\n\n\n\n<p class=\"wp-block-paragraph\">La funcionaria insisti\u00f3 en que la unidad no significa silencio ni pensamiento \u00fanico, sino la posibilidad de debatir con franqueza y, una vez tomada una decisi\u00f3n democr\u00e1tica, avanzar de manera conjunta.<\/p>\n\n\n\n<p class=\"wp-block-paragraph\">Finalmente, convoc\u00f3 a los diputados morenistas a mantener los principios que dieron origen al movimiento y a demostrar con sus decisiones que existe una diferencia con las pr\u00e1cticas de la pol\u00edtica del pasado.<\/p>\n\n\n\n<p class=\"wp-block-paragraph\">\u201cLa honestidad no es un discurso, es una forma de vida, es una obligaci\u00f3n pol\u00edtica y la principal fortaleza de la transformaci\u00f3n\u201d, subray\u00f3.<\/p>\n\n\n\n<p class=\"wp-block-paragraph\">Rodr\u00edguez reiter\u00f3 que el objetivo debe ser mantener el rumbo de la transformaci\u00f3n, respaldar a la presidenta Claudia Sheinbaum y continuar con la construcci\u00f3n del denominado segundo piso de la Cuarta Transformaci\u00f3n con principios, democracia y participaci\u00f3n ciudadana.<\/p>\n","protected":false},"excerpt":{"rendered":"<p>La secretaria de Gobernaci\u00f3n pidi\u00f3 mantener la unidad del movimiento de transformaci\u00f3n, respaldar a Claudia Sheinbaum y cuidar el legado de Andr\u00e9s Manuel L\u00f3pez Obrador. Ciudad de M\u00e9xico.\u2014 La secretaria de Gobernaci\u00f3n, Rosa Icela Rodr\u00edguez, llam\u00f3 a los diputados federales de Morena a mantener una conducta acorde con los principios<span class=\"more-link theme-more-link\"><a href=\"https:\/\/reporterosdelsur.org\/diario\/2026\/08\/rosa-icela-rodriguez-llama-a-morena-a-anteponer-el-interes-del-pueblo-sobre-intereses-personales\/\">Leer Nota Complete<\/a><\/span><\/p>\n","protected":false},"author":1,"featured_media":58548,"comment_status":"open","ping_status":"open","sticky":false,"template":"","format":"standard","meta":{"footnotes":"","jetpack_publicize_message":"","jetpack_publicize_feature_enabled":true,"jetpack_social_post_already_shared":true,"jetpack_social_options":{"image_generator_settings":{"template":"highway","default_image_id":0,"font":"","enabled":false},"version":2}},"categories":[3],"tags":[973,480,481,2175,1156,1210,38,564,333,546,470,446],"class_list":["entry","author-admin","post-58547","post","type-post","status-publish","format-standard","has-post-thumbnail","category-mexico","tag-congreso-de-la-union","tag-economia","tag-finanzas","tag-gobierno-de-mexico","tag-internacionales","tag-nacionales","tag-noticias","tag-programas-sociales","tag-seguridad","tag-sspc","tag-turismo","tag-viviendas"],"jetpack_publicize_connections":[],"featured_image_urls":{"full":["https:\/\/reporterosdelsur.org\/diario\/wp-content\/uploads\/2026\/08\/SSP-4.jpg",854,854,false],"thumbnail":["https:\/\/reporterosdelsur.org\/diario\/wp-content\/uploads\/2026\/08\/SSP-4-150x150.jpg",150,150,true],"medium":["https:\/\/reporterosdelsur.org\/diario\/wp-content\/uploads\/2026\/08\/SSP-4-300x300.jpg",300,300,true],"medium_large":["https:\/\/reporterosdelsur.org\/diario\/wp-content\/uploads\/2026\/08\/SSP-4-768x768.jpg",768,768,true],"large":["https:\/\/reporterosdelsur.org\/diario\/wp-content\/uploads\/2026\/08\/SSP-4.jpg",854,854,false],"1536x1536":["https:\/\/reporterosdelsur.org\/diario\/wp-content\/uploads\/2026\/08\/SSP-4.jpg",854,854,false],"2048x2048":["https:\/\/reporterosdelsur.org\/diario\/wp-content\/uploads\/2026\/08\/SSP-4.jpg",854,854,false],"ultp_layout_landscape_large":["https:\/\/reporterosdelsur.org\/diario\/wp-content\/uploads\/2026\/08\/SSP-4-854x800.jpg",854,800,true],"ultp_layout_landscape":["https:\/\/reporterosdelsur.org\/diario\/wp-content\/uploads\/2026\/08\/SSP-4-854x570.jpg",854,570,true],"ultp_layout_portrait":["https:\/\/reporterosdelsur.org\/diario\/wp-content\/uploads\/2026\/08\/SSP-4-600x854.jpg",600,854,true],"ultp_layout_square":["https:\/\/reporterosdelsur.org\/diario\/wp-content\/uploads\/2026\/08\/SSP-4-600x600.jpg",600,600,true],"hoot-medium-thumb":["https:\/\/reporterosdelsur.org\/diario\/wp-content\/uploads\/2026\/08\/SSP-4-460x400.jpg",460,400,true],"hoot-preview":["https:\/\/reporterosdelsur.org\/diario\/wp-content\/uploads\/2026\/08\/SSP-4-465x465.jpg",465,465,true],"hoot-preview-thumb":["https:\/\/reporterosdelsur.org\/diario\/wp-content\/uploads\/2026\/08\/SSP-4-465x550.jpg",465,550,true],"hoot-large-thumb":["https:\/\/reporterosdelsur.org\/diario\/wp-content\/uploads\/2026\/08\/SSP-4-690x550.jpg",690,550,true],"hoot-preview-large":["https:\/\/reporterosdelsur.org\/diario\/wp-content\/uploads\/2026\/08\/SSP-4-500x500.jpg",500,500,true],"hoot-wide-thumb":["https:\/\/reporterosdelsur.org\/diario\/wp-content\/uploads\/2026\/08\/SSP-4-854x425.jpg",854,425,true],"hoot-extra-wide-thumb":["https:\/\/reporterosdelsur.org\/diario\/wp-content\/uploads\/2026\/08\/SSP-4-854x425.jpg",854,425,true]},"author_info":{"display_name":"Reporteros del Sur","author_link":"https:\/\/reporterosdelsur.org\/diario\/author\/admin\/"},"category_info":"<a href=\"https:\/\/reporterosdelsur.org\/diario\/category\/mexico\/\" rel=\"category tag\">M\u00e9xico<\/a>","tag_info":"M\u00e9xico","comment_count":"0","_links":{"self":[{"href":"https:\/\/reporterosdelsur.org\/diario\/wp-json\/wp\/v2\/posts\/58547","targetHints":{"allow":["GET"]}}],"collection":[{"href":"https:\/\/reporterosdelsur.org\/diario\/wp-json\/wp\/v2\/posts"}],"about":[{"href":"https:\/\/reporterosdelsur.org\/diario\/wp-json\/wp\/v2\/types\/post"}],"author":[{"embeddable":true,"href":"https:\/\/reporterosdelsur.org\/diario\/wp-json\/wp\/v2\/users\/1"}],"replies":[{"embeddable":true,"href":"https:\/\/reporterosdelsur.org\/diario\/wp-json\/wp\/v2\/comments?post=58547"}],"version-history":[{"count":1,"href":"https:\/\/reporterosdelsur.org\/diario\/wp-json\/wp\/v2\/posts\/58547\/revisions"}],"predecessor-version":[{"id":58550,"href":"https:\/\/reporterosdelsur.org\/diario\/wp-json\/wp\/v2\/posts\/58547\/revisions\/58550"}],"wp:featuredmedia":[{"embeddable":true,"href":"https:\/\/reporterosdelsur.org\/diario\/wp-json\/wp\/v2\/media\/58548"}],"wp:attachment":[{"href":"https:\/\/reporterosdelsur.org\/diario\/wp-json\/wp\/v2\/media?parent=58547"}],"wp:term":[{"taxonomy":"category","embeddable":true,"href":"https:\/\/reporterosdelsur.org\/diario\/wp-json\/wp\/v2\/categories?post=58547"},{"taxonomy":"post_tag","embeddable":true,"href":"https:\/\/reporterosdelsur.org\/diario\/wp-json\/wp\/v2\/tags?post=58547"}],"curies":[{"name":"wp","href":"https:\/\/api.w.org\/{rel}","templated":true}]}}