{"id":58544,"date":"2026-08-31T04:41:12","date_gmt":"2026-08-31T10:41:12","guid":{"rendered":"https:\/\/reporterosdelsur.org\/diario\/?p=58544"},"modified":"2026-08-31T04:41:15","modified_gmt":"2026-08-31T10:41:15","slug":"trump-vuelve-a-justificar-ofensiva-contra-iran-bajo-argumento-de-amenaza-nuclear","status":"publish","type":"post","link":"https:\/\/reporterosdelsur.org\/diario\/2026\/08\/trump-vuelve-a-justificar-ofensiva-contra-iran-bajo-argumento-de-amenaza-nuclear\/","title":{"rendered":"Trump vuelve a justificar ofensiva contra Ir\u00e1n bajo argumento de amenaza nuclear"},"content":{"rendered":"\n<p class=\"wp-block-paragraph\"><strong>El presidente estadounidense afirm\u00f3 que, de no haber intervenido, Israel y posiblemente gran parte de Medio Oriente habr\u00edan desaparecido ante un eventual desarrollo de armas nucleares iran\u00edes.<\/strong><\/p>\n\n\n\n<p class=\"wp-block-paragraph\"><strong>Washington, D.C.\u2014<\/strong> El presidente de Estados Unidos, Donald Trump, volvi\u00f3 a defender la ofensiva militar contra Ir\u00e1n al sostener que la Rep\u00fablica Isl\u00e1mica representa una amenaza nuclear no solo para Israel y Medio Oriente, sino tambi\u00e9n para Estados Unidos y Europa.<\/p>\n\n\n\n<p class=\"wp-block-paragraph\">En entrevista con Fox News, el mandatario estadounidense present\u00f3 las acciones militares contra Teher\u00e1n como una medida preventiva destinada a impedir que Ir\u00e1n llegue a desarrollar un arma nuclear. Trump plante\u00f3 que, de haber conseguido ese tipo de armamento, las consecuencias para la regi\u00f3n habr\u00edan sido catastr\u00f3ficas.<\/p>\n\n\n\n<p class=\"wp-block-paragraph\">\u201cSi hubieran tenido un arma nuclear, la habr\u00edan disparado. As\u00ed que creo que Oriente Medio habr\u00eda desaparecido pr\u00e1cticamente por completo. Pero Israel definitivamente habr\u00eda desaparecido\u201d, afirm\u00f3.<\/p>\n\n\n\n<p class=\"wp-block-paragraph\">El presidente estadounidense agreg\u00f3 que, despu\u00e9s de Israel, Estados Unidos o Europa podr\u00edan haberse convertido en objetivos de un eventual ataque nuclear iran\u00ed.<\/p>\n\n\n\n<p class=\"wp-block-paragraph\">Trump tambi\u00e9n atribuy\u00f3 a su administraci\u00f3n un papel determinante para evitar ese escenario. \u201cSi yo no fuera presidente, Israel ya no existir\u00eda. No habr\u00eda ning\u00fan Israel. Y, probablemente, tampoco habr\u00eda Oriente Medio\u201d, sostuvo durante la entrevista.<\/p>\n\n\n\n<figure class=\"wp-block-image size-large\"><img loading=\"lazy\" decoding=\"async\" width=\"1024\" height=\"577\" src=\"https:\/\/reporterosdelsur.org\/diario\/wp-content\/uploads\/2026\/08\/EU-16-1024x577.jpg\" alt=\"\" class=\"wp-image-58545\" srcset=\"https:\/\/reporterosdelsur.org\/diario\/wp-content\/uploads\/2026\/08\/EU-16-1024x577.jpg 1024w, https:\/\/reporterosdelsur.org\/diario\/wp-content\/uploads\/2026\/08\/EU-16-300x169.jpg 300w, https:\/\/reporterosdelsur.org\/diario\/wp-content\/uploads\/2026\/08\/EU-16-768x433.jpg 768w, https:\/\/reporterosdelsur.org\/diario\/wp-content\/uploads\/2026\/08\/EU-16-465x262.jpg 465w, https:\/\/reporterosdelsur.org\/diario\/wp-content\/uploads\/2026\/08\/EU-16-695x392.jpg 695w, https:\/\/reporterosdelsur.org\/diario\/wp-content\/uploads\/2026\/08\/EU-16.jpg 1104w\" sizes=\"auto, (max-width: 1024px) 100vw, 1024px\" \/><\/figure>\n\n\n\n<h2 class=\"wp-block-heading\">Ir\u00e1n rechaza las acusaciones<\/h2>\n\n\n\n<p class=\"wp-block-paragraph\">El Gobierno iran\u00ed ha rechazado de manera reiterada las acusaciones de que su programa nuclear tenga fines militares y sostiene que sus actividades nucleares son exclusivamente pac\u00edficas.<\/p>\n\n\n\n<p class=\"wp-block-paragraph\">Trump y el Gobierno de Israel han argumentado que Ir\u00e1n se encontraba cerca de conseguir un arma nuclear cuando se produjeron los ataques de junio del a\u00f1o pasado y posteriormente durante la guerra iniciada en febrero de este a\u00f1o.<\/p>\n\n\n\n<p class=\"wp-block-paragraph\">Sin embargo, esa postura ha sido cuestionada por evaluaciones de inteligencia estadounidense y por el Organismo Internacional de Energ\u00eda At\u00f3mica (OIEA), cuyos an\u00e1lisis no han establecido que Ir\u00e1n estuviera fabricando un arma nuclear.<\/p>\n\n\n\n<p class=\"wp-block-paragraph\">La diferencia entre las afirmaciones de Washington y Tel Aviv y las evaluaciones de organismos de inteligencia y supervisi\u00f3n nuclear mantiene abierto el debate internacional sobre las razones utilizadas para justificar las acciones militares contra Teher\u00e1n.<\/p>\n\n\n\n<p class=\"wp-block-paragraph\">Mientras Estados Unidos e Israel sostienen que la amenaza nuclear iran\u00ed requer\u00eda una intervenci\u00f3n preventiva, Ir\u00e1n insiste en que su programa tiene objetivos civiles y que las acciones militares en su contra carecen de justificaci\u00f3n.<\/p>\n","protected":false},"excerpt":{"rendered":"<p>El presidente estadounidense afirm\u00f3 que, de no haber intervenido, Israel y posiblemente gran parte de Medio Oriente habr\u00edan desaparecido ante un eventual desarrollo de armas nucleares iran\u00edes. Washington, D.C.\u2014 El presidente de Estados Unidos, Donald Trump, volvi\u00f3 a defender la ofensiva militar contra Ir\u00e1n al sostener que la Rep\u00fablica Isl\u00e1mica<span class=\"more-link theme-more-link\"><a href=\"https:\/\/reporterosdelsur.org\/diario\/2026\/08\/trump-vuelve-a-justificar-ofensiva-contra-iran-bajo-argumento-de-amenaza-nuclear\/\">Leer Nota Complete<\/a><\/span><\/p>\n","protected":false},"author":1,"featured_media":58545,"comment_status":"open","ping_status":"open","sticky":false,"template":"","format":"standard","meta":{"footnotes":"","jetpack_publicize_message":"","jetpack_publicize_feature_enabled":true,"jetpack_social_post_already_shared":true,"jetpack_social_options":{"image_generator_settings":{"template":"highway","default_image_id":0,"font":"","enabled":false},"version":2}},"categories":[4],"tags":[480,1346,146,481,101,1077,1114,1156,1175,1213,1378,1402,71,38,32,666,333],"class_list":["entry","author-admin","post-58544","post","type-post","status-publish","format-standard","has-post-thumbnail","category-mundo","tag-economia","tag-energeticos","tag-eu","tag-finanzas","tag-gas","tag-gobiernos","tag-guerras","tag-internacionales","tag-iran-2","tag-israel","tag-libano","tag-medio-oriente","tag-mundo","tag-noticias","tag-petroleo","tag-politica-2","tag-seguridad"],"jetpack_publicize_connections":[],"featured_image_urls":{"full":["https:\/\/reporterosdelsur.org\/diario\/wp-content\/uploads\/2026\/08\/EU-16.jpg",1104,622,false],"thumbnail":["https:\/\/reporterosdelsur.org\/diario\/wp-content\/uploads\/2026\/08\/EU-16-150x150.jpg",150,150,true],"medium":["https:\/\/reporterosdelsur.org\/diario\/wp-content\/uploads\/2026\/08\/EU-16-300x169.jpg",300,169,true],"medium_large":["https:\/\/reporterosdelsur.org\/diario\/wp-content\/uploads\/2026\/08\/EU-16-768x433.jpg",768,433,true],"large":["https:\/\/reporterosdelsur.org\/diario\/wp-content\/uploads\/2026\/08\/EU-16-1024x577.jpg",1024,577,true],"1536x1536":["https:\/\/reporterosdelsur.org\/diario\/wp-content\/uploads\/2026\/08\/EU-16.jpg",1104,622,false],"2048x2048":["https:\/\/reporterosdelsur.org\/diario\/wp-content\/uploads\/2026\/08\/EU-16.jpg",1104,622,false],"ultp_layout_landscape_large":["https:\/\/reporterosdelsur.org\/diario\/wp-content\/uploads\/2026\/08\/EU-16.jpg",1104,622,false],"ultp_layout_landscape":["https:\/\/reporterosdelsur.org\/diario\/wp-content\/uploads\/2026\/08\/EU-16-870x570.jpg",870,570,true],"ultp_layout_portrait":["https:\/\/reporterosdelsur.org\/diario\/wp-content\/uploads\/2026\/08\/EU-16-600x622.jpg",600,622,true],"ultp_layout_square":["https:\/\/reporterosdelsur.org\/diario\/wp-content\/uploads\/2026\/08\/EU-16-600x600.jpg",600,600,true],"hoot-medium-thumb":["https:\/\/reporterosdelsur.org\/diario\/wp-content\/uploads\/2026\/08\/EU-16-460x400.jpg",460,400,true],"hoot-preview":["https:\/\/reporterosdelsur.org\/diario\/wp-content\/uploads\/2026\/08\/EU-16-465x262.jpg",465,262,true],"hoot-preview-thumb":["https:\/\/reporterosdelsur.org\/diario\/wp-content\/uploads\/2026\/08\/EU-16-465x550.jpg",465,550,true],"hoot-large-thumb":["https:\/\/reporterosdelsur.org\/diario\/wp-content\/uploads\/2026\/08\/EU-16-690x550.jpg",690,550,true],"hoot-preview-large":["https:\/\/reporterosdelsur.org\/diario\/wp-content\/uploads\/2026\/08\/EU-16-695x392.jpg",695,392,true],"hoot-wide-thumb":["https:\/\/reporterosdelsur.org\/diario\/wp-content\/uploads\/2026\/08\/EU-16-920x425.jpg",920,425,true],"hoot-extra-wide-thumb":["https:\/\/reporterosdelsur.org\/diario\/wp-content\/uploads\/2026\/08\/EU-16-1035x425.jpg",1035,425,true]},"author_info":{"display_name":"Reporteros del Sur","author_link":"https:\/\/reporterosdelsur.org\/diario\/author\/admin\/"},"category_info":"<a href=\"https:\/\/reporterosdelsur.org\/diario\/category\/mundo\/\" rel=\"category tag\">Mundo<\/a>","tag_info":"Mundo","comment_count":"0","_links":{"self":[{"href":"https:\/\/reporterosdelsur.org\/diario\/wp-json\/wp\/v2\/posts\/58544","targetHints":{"allow":["GET"]}}],"collection":[{"href":"https:\/\/reporterosdelsur.org\/diario\/wp-json\/wp\/v2\/posts"}],"about":[{"href":"https:\/\/reporterosdelsur.org\/diario\/wp-json\/wp\/v2\/types\/post"}],"author":[{"embeddable":true,"href":"https:\/\/reporterosdelsur.org\/diario\/wp-json\/wp\/v2\/users\/1"}],"replies":[{"embeddable":true,"href":"https:\/\/reporterosdelsur.org\/diario\/wp-json\/wp\/v2\/comments?post=58544"}],"version-history":[{"count":1,"href":"https:\/\/reporterosdelsur.org\/diario\/wp-json\/wp\/v2\/posts\/58544\/revisions"}],"predecessor-version":[{"id":58546,"href":"https:\/\/reporterosdelsur.org\/diario\/wp-json\/wp\/v2\/posts\/58544\/revisions\/58546"}],"wp:featuredmedia":[{"embeddable":true,"href":"https:\/\/reporterosdelsur.org\/diario\/wp-json\/wp\/v2\/media\/58545"}],"wp:attachment":[{"href":"https:\/\/reporterosdelsur.org\/diario\/wp-json\/wp\/v2\/media?parent=58544"}],"wp:term":[{"taxonomy":"category","embeddable":true,"href":"https:\/\/reporterosdelsur.org\/diario\/wp-json\/wp\/v2\/categories?post=58544"},{"taxonomy":"post_tag","embeddable":true,"href":"https:\/\/reporterosdelsur.org\/diario\/wp-json\/wp\/v2\/tags?post=58544"}],"curies":[{"name":"wp","href":"https:\/\/api.w.org\/{rel}","templated":true}]}}