{"id":58530,"date":"2026-08-30T07:30:08","date_gmt":"2026-08-30T13:30:08","guid":{"rendered":"https:\/\/reporterosdelsur.org\/diario\/?p=58530"},"modified":"2026-08-30T07:30:12","modified_gmt":"2026-08-30T13:30:12","slug":"morena-tabasco-cierra-asambleas-por-la-defensa-de-la-soberania-llaman-a-privilegiar-la-unidad","status":"publish","type":"post","link":"https:\/\/reporterosdelsur.org\/diario\/2026\/08\/morena-tabasco-cierra-asambleas-por-la-defensa-de-la-soberania-llaman-a-privilegiar-la-unidad\/","title":{"rendered":"Morena Tabasco cierra asambleas por la defensa de la soberan\u00eda; llaman a privilegiar la unidad"},"content":{"rendered":"\n<p class=\"wp-block-paragraph\"><strong>La dirigencia estatal realiz\u00f3 la asamblea n\u00famero 17 en el Parque La Choca, donde llam\u00f3 a mantener la unidad del movimiento; aspirantes a la alcald\u00eda de Centro destacaron que no habr\u00e1 divisi\u00f3n interna.<\/strong><\/p>\n\n\n\n<p class=\"wp-block-paragraph\"><strong>VILLAHERMOSA, TAB.-<\/strong> Morena Tabasco realiz\u00f3 la <strong>asamblea n\u00famero 17 por la defensa de la soberan\u00eda<\/strong> en el Parque La Choca, municipio de Centro, con la que concluy\u00f3 esta etapa de recorridos por los distintos municipios del estado para informar sobre los programas sociales, combatir lo que el partido considera desinformaci\u00f3n de la oposici\u00f3n y fortalecer la unidad frente al intervencionismo extranjero.<\/p>\n\n\n\n<p class=\"wp-block-paragraph\">El encuentro tambi\u00e9n estuvo marcado por las muestras de respaldo entre simpatizantes a distintos actores pol\u00edticos, particularmente hacia quienes han manifestado inter\u00e9s por la candidatura a la <strong>alcald\u00eda de Centro<\/strong>, entre ellos <strong>Jorge Orlando Bracamonte Hern\u00e1ndez<\/strong> y <strong>Daniel Casas\u00fas Ruz<\/strong>. Tambi\u00e9n recibieron porras la alcaldesa de Centro, <strong>Yolanda Osuna Huerta<\/strong>, y el presidente municipal de C\u00e1rdenas, <strong>Euclides Alejandro Alejandro<\/strong>.<\/p>\n\n\n\n<figure class=\"wp-block-image size-large\"><img loading=\"lazy\" decoding=\"async\" width=\"1024\" height=\"1024\" src=\"https:\/\/reporterosdelsur.org\/diario\/wp-content\/uploads\/2026\/08\/Morena-4-1-1024x1024.jpg\" alt=\"\" class=\"wp-image-58532\" srcset=\"https:\/\/reporterosdelsur.org\/diario\/wp-content\/uploads\/2026\/08\/Morena-4-1-1024x1024.jpg 1024w, https:\/\/reporterosdelsur.org\/diario\/wp-content\/uploads\/2026\/08\/Morena-4-1-300x300.jpg 300w, https:\/\/reporterosdelsur.org\/diario\/wp-content\/uploads\/2026\/08\/Morena-4-1-150x150.jpg 150w, https:\/\/reporterosdelsur.org\/diario\/wp-content\/uploads\/2026\/08\/Morena-4-1-768x768.jpg 768w, https:\/\/reporterosdelsur.org\/diario\/wp-content\/uploads\/2026\/08\/Morena-4-1-600x600.jpg 600w, https:\/\/reporterosdelsur.org\/diario\/wp-content\/uploads\/2026\/08\/Morena-4-1-465x465.jpg 465w, https:\/\/reporterosdelsur.org\/diario\/wp-content\/uploads\/2026\/08\/Morena-4-1-500x500.jpg 500w, https:\/\/reporterosdelsur.org\/diario\/wp-content\/uploads\/2026\/08\/Morena-4-1.jpg 1365w\" sizes=\"auto, (max-width: 1024px) 100vw, 1024px\" \/><\/figure>\n\n\n\n<p class=\"wp-block-paragraph\">Durante su intervenci\u00f3n, Casas\u00fas Ruz afirm\u00f3 que el movimiento se encuentra unido por una causa que calific\u00f3 como sagrada: <strong>la defensa de la soberan\u00eda nacional<\/strong>.<\/p>\n\n\n\n<p class=\"wp-block-paragraph\">Se\u00f1al\u00f3 que existen intereses extranjeros que, desde su perspectiva, buscan desestabilizar al pa\u00eds, por lo que llam\u00f3 a los integrantes de Morena a mantener la unidad y trabajar en favor del movimiento.<\/p>\n\n\n\n<p class=\"wp-block-paragraph\">\u201cEl enemigo no est\u00e1 en casa\u201d, expres\u00f3, al destacar la necesidad de evitar confrontaciones internas y concentrar los esfuerzos en la defensa de los principios del proyecto pol\u00edtico que representa Morena.<\/p>\n\n\n\n<figure class=\"wp-block-image size-large\"><img loading=\"lazy\" decoding=\"async\" width=\"1024\" height=\"768\" src=\"https:\/\/reporterosdelsur.org\/diario\/wp-content\/uploads\/2026\/08\/Morena-2-2-1024x768.jpg\" alt=\"\" class=\"wp-image-58533\" srcset=\"https:\/\/reporterosdelsur.org\/diario\/wp-content\/uploads\/2026\/08\/Morena-2-2-1024x768.jpg 1024w, https:\/\/reporterosdelsur.org\/diario\/wp-content\/uploads\/2026\/08\/Morena-2-2-300x225.jpg 300w, https:\/\/reporterosdelsur.org\/diario\/wp-content\/uploads\/2026\/08\/Morena-2-2-768x576.jpg 768w, https:\/\/reporterosdelsur.org\/diario\/wp-content\/uploads\/2026\/08\/Morena-2-2-1536x1152.jpg 1536w, https:\/\/reporterosdelsur.org\/diario\/wp-content\/uploads\/2026\/08\/Morena-2-2-465x349.jpg 465w, https:\/\/reporterosdelsur.org\/diario\/wp-content\/uploads\/2026\/08\/Morena-2-2-667x500.jpg 667w, https:\/\/reporterosdelsur.org\/diario\/wp-content\/uploads\/2026\/08\/Morena-2-2.jpg 2048w\" sizes=\"auto, (max-width: 1024px) 100vw, 1024px\" \/><\/figure>\n\n\n\n<h3 class=\"wp-block-heading\">Bracamonte descarta divisi\u00f3n en Centro<\/h3>\n\n\n\n<p class=\"wp-block-paragraph\">Por su parte, el coordinador de los diputados locales de Morena, <strong>Jorge Bracamonte Hern\u00e1ndez<\/strong>, aprovech\u00f3 su participaci\u00f3n para saludar p\u00fablicamente a Casas\u00fas Ruz, a quien reconoci\u00f3 como compa\u00f1ero de partido con quien ha coincidido generacionalmente y que, dijo, ha participado en la lucha del movimiento desde distintas posiciones.<\/p>\n\n\n\n<p class=\"wp-block-paragraph\">Ante las muestras de apoyo que recibieron ambos pol\u00edticos durante el evento, Bracamonte fue enf\u00e1tico al asegurar que <strong>no habr\u00e1 rompimiento ni divisi\u00f3n de Morena en el municipio de Centro<\/strong>.<\/p>\n\n\n\n<figure class=\"wp-block-image size-large\"><img loading=\"lazy\" decoding=\"async\" width=\"1024\" height=\"1024\" src=\"https:\/\/reporterosdelsur.org\/diario\/wp-content\/uploads\/2026\/08\/Morena-5-1-1024x1024.jpg\" alt=\"\" class=\"wp-image-58534\" srcset=\"https:\/\/reporterosdelsur.org\/diario\/wp-content\/uploads\/2026\/08\/Morena-5-1-1024x1024.jpg 1024w, https:\/\/reporterosdelsur.org\/diario\/wp-content\/uploads\/2026\/08\/Morena-5-1-300x300.jpg 300w, https:\/\/reporterosdelsur.org\/diario\/wp-content\/uploads\/2026\/08\/Morena-5-1-150x150.jpg 150w, https:\/\/reporterosdelsur.org\/diario\/wp-content\/uploads\/2026\/08\/Morena-5-1-768x768.jpg 768w, https:\/\/reporterosdelsur.org\/diario\/wp-content\/uploads\/2026\/08\/Morena-5-1-1536x1536.jpg 1536w, https:\/\/reporterosdelsur.org\/diario\/wp-content\/uploads\/2026\/08\/Morena-5-1-600x600.jpg 600w, https:\/\/reporterosdelsur.org\/diario\/wp-content\/uploads\/2026\/08\/Morena-5-1-465x465.jpg 465w, https:\/\/reporterosdelsur.org\/diario\/wp-content\/uploads\/2026\/08\/Morena-5-1-500x500.jpg 500w, https:\/\/reporterosdelsur.org\/diario\/wp-content\/uploads\/2026\/08\/Morena-5-1.jpg 1920w\" sizes=\"auto, (max-width: 1024px) 100vw, 1024px\" \/><\/figure>\n\n\n\n<p class=\"wp-block-paragraph\">\u201cQue quede claro, no habr\u00e1 divisi\u00f3n en Morena en el municipio de Centro\u201d, sostuvo.<\/p>\n\n\n\n<p class=\"wp-block-paragraph\">El pronunciamiento ocurri\u00f3 en medio de las expresiones de respaldo de simpatizantes a ambos actores pol\u00edticos, quienes son mencionados entre los perfiles que podr\u00edan buscar la candidatura morenista para la presidencia municipal de Centro.<\/p>\n\n\n\n<h3 class=\"wp-block-heading\">Llaman a privilegiar la unidad<\/h3>\n\n\n\n<p class=\"wp-block-paragraph\">El dirigente estatal de Morena, <strong>Jes\u00fas Selv\u00e1n Garc\u00eda<\/strong>, llam\u00f3 a mantener la unidad del movimiento y respaldar a la presidenta de M\u00e9xico, <strong>Claudia Sheinbaum Pardo<\/strong>, a quien reconoci\u00f3 por su postura en defensa de la soberan\u00eda y la justicia para M\u00e9xico.<\/p>\n\n\n\n<p class=\"wp-block-paragraph\">Selv\u00e1n Garc\u00eda sostuvo que la soberan\u00eda nacional constituye un principio fundamental que debe ser defendido por todos los mexicanos.<\/p>\n\n\n\n<p class=\"wp-block-paragraph\">Asimismo, enfatiz\u00f3 que <strong>ninguna aspiraci\u00f3n personal o cargo p\u00fablico puede estar por encima del movimiento ni del bienestar de millones de familias<\/strong>.<\/p>\n\n\n\n<p class=\"wp-block-paragraph\">El dirigente estatal felicit\u00f3 las posturas asumidas por Bracamonte Hern\u00e1ndez y Casas\u00fas Ruz, a quienes reconoci\u00f3 por su madurez pol\u00edtica y por privilegiar la unidad partidista.<\/p>\n\n\n\n<p class=\"wp-block-paragraph\">Subray\u00f3 que mientras ambos permanezcan unidos y trabajen en torno al proyecto de Morena, ser\u00e1 m\u00e1s dif\u00edcil que sus adversarios puedan derrotar al movimiento.<\/p>\n\n\n\n<p class=\"wp-block-paragraph\">Con la asamblea realizada en el Parque La Choca, Morena Tabasco dio por concluida esta etapa de encuentros estatales, en los que la dirigencia y militancia promovieron la defensa de la soberan\u00eda nacional, la difusi\u00f3n de los programas sociales y el llamado a mantener la cohesi\u00f3n interna del partido.<\/p>\n","protected":false},"excerpt":{"rendered":"<p>La dirigencia estatal realiz\u00f3 la asamblea n\u00famero 17 en el Parque La Choca, donde llam\u00f3 a mantener la unidad del movimiento; aspirantes a la alcald\u00eda de Centro destacaron que no habr\u00e1 divisi\u00f3n interna. VILLAHERMOSA, TAB.- Morena Tabasco realiz\u00f3 la asamblea n\u00famero 17 por la defensa de la soberan\u00eda en el<span class=\"more-link theme-more-link\"><a href=\"https:\/\/reporterosdelsur.org\/diario\/2026\/08\/morena-tabasco-cierra-asambleas-por-la-defensa-de-la-soberania-llaman-a-privilegiar-la-unidad\/\">Leer Nota Complete<\/a><\/span><\/p>\n","protected":false},"author":1,"featured_media":58531,"comment_status":"open","ping_status":"open","sticky":false,"template":"","format":"standard","meta":{"footnotes":"","jetpack_publicize_message":"","jetpack_publicize_feature_enabled":true,"jetpack_social_post_already_shared":true,"jetpack_social_options":{"image_generator_settings":{"template":"highway","default_image_id":0,"font":"","enabled":false},"version":2}},"categories":[2],"tags":[397,121,38,31,333,35],"class_list":["entry","author-admin","post-58530","post","type-post","status-publish","format-standard","has-post-thumbnail","category-tabasco","tag-elecciones-2027","tag-morena","tag-noticias","tag-politica","tag-seguridad","tag-tabasco"],"jetpack_publicize_connections":[],"featured_image_urls":{"full":["https:\/\/reporterosdelsur.org\/diario\/wp-content\/uploads\/2026\/08\/Morena-1-2.jpg",1365,1365,false],"thumbnail":["https:\/\/reporterosdelsur.org\/diario\/wp-content\/uploads\/2026\/08\/Morena-1-2-150x150.jpg",150,150,true],"medium":["https:\/\/reporterosdelsur.org\/diario\/wp-content\/uploads\/2026\/08\/Morena-1-2-300x300.jpg",300,300,true],"medium_large":["https:\/\/reporterosdelsur.org\/diario\/wp-content\/uploads\/2026\/08\/Morena-1-2-768x768.jpg",768,768,true],"large":["https:\/\/reporterosdelsur.org\/diario\/wp-content\/uploads\/2026\/08\/Morena-1-2-1024x1024.jpg",1024,1024,true],"1536x1536":["https:\/\/reporterosdelsur.org\/diario\/wp-content\/uploads\/2026\/08\/Morena-1-2.jpg",1365,1365,false],"2048x2048":["https:\/\/reporterosdelsur.org\/diario\/wp-content\/uploads\/2026\/08\/Morena-1-2.jpg",1365,1365,false],"ultp_layout_landscape_large":["https:\/\/reporterosdelsur.org\/diario\/wp-content\/uploads\/2026\/08\/Morena-1-2-1200x800.jpg",1200,800,true],"ultp_layout_landscape":["https:\/\/reporterosdelsur.org\/diario\/wp-content\/uploads\/2026\/08\/Morena-1-2-870x570.jpg",870,570,true],"ultp_layout_portrait":["https:\/\/reporterosdelsur.org\/diario\/wp-content\/uploads\/2026\/08\/Morena-1-2-600x900.jpg",600,900,true],"ultp_layout_square":["https:\/\/reporterosdelsur.org\/diario\/wp-content\/uploads\/2026\/08\/Morena-1-2-600x600.jpg",600,600,true],"hoot-medium-thumb":["https:\/\/reporterosdelsur.org\/diario\/wp-content\/uploads\/2026\/08\/Morena-1-2-460x400.jpg",460,400,true],"hoot-preview":["https:\/\/reporterosdelsur.org\/diario\/wp-content\/uploads\/2026\/08\/Morena-1-2-465x465.jpg",465,465,true],"hoot-preview-thumb":["https:\/\/reporterosdelsur.org\/diario\/wp-content\/uploads\/2026\/08\/Morena-1-2-465x550.jpg",465,550,true],"hoot-large-thumb":["https:\/\/reporterosdelsur.org\/diario\/wp-content\/uploads\/2026\/08\/Morena-1-2-690x550.jpg",690,550,true],"hoot-preview-large":["https:\/\/reporterosdelsur.org\/diario\/wp-content\/uploads\/2026\/08\/Morena-1-2-500x500.jpg",500,500,true],"hoot-wide-thumb":["https:\/\/reporterosdelsur.org\/diario\/wp-content\/uploads\/2026\/08\/Morena-1-2-920x425.jpg",920,425,true],"hoot-extra-wide-thumb":["https:\/\/reporterosdelsur.org\/diario\/wp-content\/uploads\/2026\/08\/Morena-1-2-1035x425.jpg",1035,425,true]},"author_info":{"display_name":"Reporteros del Sur","author_link":"https:\/\/reporterosdelsur.org\/diario\/author\/admin\/"},"category_info":"<a href=\"https:\/\/reporterosdelsur.org\/diario\/category\/tabasco\/\" rel=\"category tag\">Tabasco<\/a>","tag_info":"Tabasco","comment_count":"0","_links":{"self":[{"href":"https:\/\/reporterosdelsur.org\/diario\/wp-json\/wp\/v2\/posts\/58530","targetHints":{"allow":["GET"]}}],"collection":[{"href":"https:\/\/reporterosdelsur.org\/diario\/wp-json\/wp\/v2\/posts"}],"about":[{"href":"https:\/\/reporterosdelsur.org\/diario\/wp-json\/wp\/v2\/types\/post"}],"author":[{"embeddable":true,"href":"https:\/\/reporterosdelsur.org\/diario\/wp-json\/wp\/v2\/users\/1"}],"replies":[{"embeddable":true,"href":"https:\/\/reporterosdelsur.org\/diario\/wp-json\/wp\/v2\/comments?post=58530"}],"version-history":[{"count":1,"href":"https:\/\/reporterosdelsur.org\/diario\/wp-json\/wp\/v2\/posts\/58530\/revisions"}],"predecessor-version":[{"id":58535,"href":"https:\/\/reporterosdelsur.org\/diario\/wp-json\/wp\/v2\/posts\/58530\/revisions\/58535"}],"wp:featuredmedia":[{"embeddable":true,"href":"https:\/\/reporterosdelsur.org\/diario\/wp-json\/wp\/v2\/media\/58531"}],"wp:attachment":[{"href":"https:\/\/reporterosdelsur.org\/diario\/wp-json\/wp\/v2\/media?parent=58530"}],"wp:term":[{"taxonomy":"category","embeddable":true,"href":"https:\/\/reporterosdelsur.org\/diario\/wp-json\/wp\/v2\/categories?post=58530"},{"taxonomy":"post_tag","embeddable":true,"href":"https:\/\/reporterosdelsur.org\/diario\/wp-json\/wp\/v2\/tags?post=58530"}],"curies":[{"name":"wp","href":"https:\/\/api.w.org\/{rel}","templated":true}]}}