{"id":58524,"date":"2026-08-30T07:21:26","date_gmt":"2026-08-30T13:21:26","guid":{"rendered":"https:\/\/reporterosdelsur.org\/diario\/?p=58524"},"modified":"2026-08-30T07:21:29","modified_gmt":"2026-08-30T13:21:29","slug":"cabildo-de-paraiso-designa-a-nuevo-secretario-del-ayuntamiento-y-titular-de-seguridad","status":"publish","type":"post","link":"https:\/\/reporterosdelsur.org\/diario\/2026\/08\/cabildo-de-paraiso-designa-a-nuevo-secretario-del-ayuntamiento-y-titular-de-seguridad\/","title":{"rendered":"Cabildo de Para\u00edso designa a nuevo secretario del Ayuntamiento y titular de Seguridad"},"content":{"rendered":"\n<p class=\"wp-block-paragraph\"><strong>Jes\u00fas Manuel S\u00e1nchez Ric\u00e1rdez asumi\u00f3 la Secretar\u00eda del Ayuntamiento, mientras Luis Enrique Mart\u00ednez Estrada fue nombrado director de Seguridad y Protecci\u00f3n Ciudadana.<\/strong><\/p>\n\n\n\n<p class=\"wp-block-paragraph\"><strong>PARA\u00cdSO, TAB.-<\/strong> El Cabildo de Para\u00edso aprob\u00f3 durante una Sesi\u00f3n Extraordinaria la designaci\u00f3n de <strong>Jes\u00fas Manuel S\u00e1nchez Ric\u00e1rdez<\/strong> como nuevo secretario del Ayuntamiento, as\u00ed como el nombramiento de <strong>Luis Enrique Mart\u00ednez Estrada<\/strong> como director de Seguridad y Protecci\u00f3n Ciudadana del municipio.<\/p>\n\n\n\n<p class=\"wp-block-paragraph\">Durante la sesi\u00f3n, la presidenta municipal interina, <strong>Mar\u00eda Eliza Hern\u00e1ndez Flores<\/strong>, tom\u00f3 protesta de ley a S\u00e1nchez Ric\u00e1rdez y lo exhort\u00f3 a desempe\u00f1ar su nueva responsabilidad con estricto apego a la legalidad, responsabilidad institucional, transparencia y vocaci\u00f3n de servicio.<\/p>\n\n\n\n<p class=\"wp-block-paragraph\">La administraci\u00f3n municipal se\u00f1al\u00f3 que la incorporaci\u00f3n del nuevo secretario representa un paso para fortalecer la conducci\u00f3n administrativa y jur\u00eddica del Ayuntamiento, al integrar a un servidor p\u00fablico con experiencia profesional, conocimiento de la vida municipal y capacidad para contribuir a la coordinaci\u00f3n institucional.<\/p>\n\n\n\n<figure class=\"wp-block-image size-large\"><img loading=\"lazy\" decoding=\"async\" width=\"1024\" height=\"458\" src=\"https:\/\/reporterosdelsur.org\/diario\/wp-content\/uploads\/2026\/08\/Paraiso-2-6-1024x458.jpg\" alt=\"\" class=\"wp-image-58526\" srcset=\"https:\/\/reporterosdelsur.org\/diario\/wp-content\/uploads\/2026\/08\/Paraiso-2-6-1024x458.jpg 1024w, https:\/\/reporterosdelsur.org\/diario\/wp-content\/uploads\/2026\/08\/Paraiso-2-6-300x134.jpg 300w, https:\/\/reporterosdelsur.org\/diario\/wp-content\/uploads\/2026\/08\/Paraiso-2-6-768x344.jpg 768w, https:\/\/reporterosdelsur.org\/diario\/wp-content\/uploads\/2026\/08\/Paraiso-2-6-465x208.jpg 465w, https:\/\/reporterosdelsur.org\/diario\/wp-content\/uploads\/2026\/08\/Paraiso-2-6-695x311.jpg 695w, https:\/\/reporterosdelsur.org\/diario\/wp-content\/uploads\/2026\/08\/Paraiso-2-6.jpg 1430w\" sizes=\"auto, (max-width: 1024px) 100vw, 1024px\" \/><\/figure>\n\n\n\n<p class=\"wp-block-paragraph\">De acuerdo con el gobierno municipal, entre las prioridades de la administraci\u00f3n se encuentra garantizar el funcionamiento regular de las instituciones, mantener la prestaci\u00f3n de los servicios p\u00fablicos y atender de manera permanente las necesidades de la poblaci\u00f3n.<\/p>\n\n\n\n<p class=\"wp-block-paragraph\">En este sentido, asegur\u00f3 que se trabaja para preservar la <strong>estabilidad, el orden administrativo y el inter\u00e9s de las familias paraise\u00f1as<\/strong>, con instituciones en funcionamiento y servicios p\u00fablicos en operaci\u00f3n.<\/p>\n\n\n\n<figure class=\"wp-block-image size-large\"><img loading=\"lazy\" decoding=\"async\" width=\"1024\" height=\"682\" src=\"https:\/\/reporterosdelsur.org\/diario\/wp-content\/uploads\/2026\/08\/Paraiso-3-3-1024x682.jpg\" alt=\"\" class=\"wp-image-58527\" srcset=\"https:\/\/reporterosdelsur.org\/diario\/wp-content\/uploads\/2026\/08\/Paraiso-3-3-1024x682.jpg 1024w, https:\/\/reporterosdelsur.org\/diario\/wp-content\/uploads\/2026\/08\/Paraiso-3-3-300x200.jpg 300w, https:\/\/reporterosdelsur.org\/diario\/wp-content\/uploads\/2026\/08\/Paraiso-3-3-768x512.jpg 768w, https:\/\/reporterosdelsur.org\/diario\/wp-content\/uploads\/2026\/08\/Paraiso-3-3-1536x1023.jpg 1536w, https:\/\/reporterosdelsur.org\/diario\/wp-content\/uploads\/2026\/08\/Paraiso-3-3-1200x800.jpg 1200w, https:\/\/reporterosdelsur.org\/diario\/wp-content\/uploads\/2026\/08\/Paraiso-3-3-465x310.jpg 465w, https:\/\/reporterosdelsur.org\/diario\/wp-content\/uploads\/2026\/08\/Paraiso-3-3-695x463.jpg 695w, https:\/\/reporterosdelsur.org\/diario\/wp-content\/uploads\/2026\/08\/Paraiso-3-3.jpg 1600w\" sizes=\"auto, (max-width: 1024px) 100vw, 1024px\" \/><\/figure>\n\n\n\n<h3 class=\"wp-block-heading\">Nuevo responsable de Seguridad<\/h3>\n\n\n\n<p class=\"wp-block-paragraph\">Durante la misma sesi\u00f3n extraordinaria, el Cabildo aprob\u00f3 la designaci\u00f3n de <strong>Luis Enrique Mart\u00ednez Estrada<\/strong> como nuevo director de Seguridad y Protecci\u00f3n Ciudadana de Para\u00edso.<\/p>\n\n\n\n<p class=\"wp-block-paragraph\">Tras rendir protesta, el nuevo funcionario recibi\u00f3 la encomienda de fortalecer las acciones de <strong>prevenci\u00f3n, atenci\u00f3n y protecci\u00f3n de la ciudadan\u00eda<\/strong>, adem\u00e1s de mantener una coordinaci\u00f3n estrecha con las instituciones de seguridad de los diferentes \u00f3rdenes de gobierno.<\/p>\n\n\n\n<figure class=\"wp-block-image size-large\"><img loading=\"lazy\" decoding=\"async\" width=\"1024\" height=\"682\" src=\"https:\/\/reporterosdelsur.org\/diario\/wp-content\/uploads\/2026\/08\/Paraiso-4-1-1024x682.jpg\" alt=\"\" class=\"wp-image-58528\" srcset=\"https:\/\/reporterosdelsur.org\/diario\/wp-content\/uploads\/2026\/08\/Paraiso-4-1-1024x682.jpg 1024w, https:\/\/reporterosdelsur.org\/diario\/wp-content\/uploads\/2026\/08\/Paraiso-4-1-300x200.jpg 300w, https:\/\/reporterosdelsur.org\/diario\/wp-content\/uploads\/2026\/08\/Paraiso-4-1-768x512.jpg 768w, https:\/\/reporterosdelsur.org\/diario\/wp-content\/uploads\/2026\/08\/Paraiso-4-1-1536x1023.jpg 1536w, https:\/\/reporterosdelsur.org\/diario\/wp-content\/uploads\/2026\/08\/Paraiso-4-1-1200x800.jpg 1200w, https:\/\/reporterosdelsur.org\/diario\/wp-content\/uploads\/2026\/08\/Paraiso-4-1-465x310.jpg 465w, https:\/\/reporterosdelsur.org\/diario\/wp-content\/uploads\/2026\/08\/Paraiso-4-1-695x463.jpg 695w, https:\/\/reporterosdelsur.org\/diario\/wp-content\/uploads\/2026\/08\/Paraiso-4-1.jpg 1600w\" sizes=\"auto, (max-width: 1024px) 100vw, 1024px\" \/><\/figure>\n\n\n\n<p class=\"wp-block-paragraph\">La presidenta municipal interina destac\u00f3 la importancia de que la corporaci\u00f3n mantenga una actuaci\u00f3n orientada a la protecci\u00f3n de la poblaci\u00f3n y al fortalecimiento de las estrategias de seguridad en el municipio.<\/p>\n\n\n\n<p class=\"wp-block-paragraph\">Con estos nombramientos, el Ayuntamiento de Para\u00edso busca reforzar sus \u00e1reas administrativa, jur\u00eddica y de seguridad, bajo el compromiso de mantener la atenci\u00f3n a la ciudadan\u00eda y garantizar la continuidad de los servicios y funciones institucionales.<\/p>\n","protected":false},"excerpt":{"rendered":"<p>Jes\u00fas Manuel S\u00e1nchez Ric\u00e1rdez asumi\u00f3 la Secretar\u00eda del Ayuntamiento, mientras Luis Enrique Mart\u00ednez Estrada fue nombrado director de Seguridad y Protecci\u00f3n Ciudadana. PARA\u00cdSO, TAB.- El Cabildo de Para\u00edso aprob\u00f3 durante una Sesi\u00f3n Extraordinaria la designaci\u00f3n de Jes\u00fas Manuel S\u00e1nchez Ric\u00e1rdez como nuevo secretario del Ayuntamiento, as\u00ed como el nombramiento de<span class=\"more-link theme-more-link\"><a href=\"https:\/\/reporterosdelsur.org\/diario\/2026\/08\/cabildo-de-paraiso-designa-a-nuevo-secretario-del-ayuntamiento-y-titular-de-seguridad\/\">Leer Nota Complete<\/a><\/span><\/p>\n","protected":false},"author":1,"featured_media":58525,"comment_status":"open","ping_status":"open","sticky":false,"template":"","format":"standard","meta":{"footnotes":"","jetpack_publicize_message":"","jetpack_publicize_feature_enabled":true,"jetpack_social_post_already_shared":true,"jetpack_social_options":{"image_generator_settings":{"template":"highway","default_image_id":0,"font":"","enabled":false},"version":2}},"categories":[2],"tags":[268,418,38,411,333,389],"class_list":["entry","author-admin","post-58524","post","type-post","status-publish","format-standard","has-post-thumbnail","category-tabasco","tag-ayuntamiento","tag-gobierno-de-tabasco","tag-noticias","tag-paraiso","tag-seguridad","tag-seguridad-publica"],"jetpack_publicize_connections":[],"featured_image_urls":{"full":["https:\/\/reporterosdelsur.org\/diario\/wp-content\/uploads\/2026\/08\/Paraiso-1-9.jpg",1600,1066,false],"thumbnail":["https:\/\/reporterosdelsur.org\/diario\/wp-content\/uploads\/2026\/08\/Paraiso-1-9-150x150.jpg",150,150,true],"medium":["https:\/\/reporterosdelsur.org\/diario\/wp-content\/uploads\/2026\/08\/Paraiso-1-9-300x200.jpg",300,200,true],"medium_large":["https:\/\/reporterosdelsur.org\/diario\/wp-content\/uploads\/2026\/08\/Paraiso-1-9-768x512.jpg",768,512,true],"large":["https:\/\/reporterosdelsur.org\/diario\/wp-content\/uploads\/2026\/08\/Paraiso-1-9-1024x682.jpg",1024,682,true],"1536x1536":["https:\/\/reporterosdelsur.org\/diario\/wp-content\/uploads\/2026\/08\/Paraiso-1-9-1536x1023.jpg",1536,1023,true],"2048x2048":["https:\/\/reporterosdelsur.org\/diario\/wp-content\/uploads\/2026\/08\/Paraiso-1-9.jpg",1600,1066,false],"ultp_layout_landscape_large":["https:\/\/reporterosdelsur.org\/diario\/wp-content\/uploads\/2026\/08\/Paraiso-1-9-1200x800.jpg",1200,800,true],"ultp_layout_landscape":["https:\/\/reporterosdelsur.org\/diario\/wp-content\/uploads\/2026\/08\/Paraiso-1-9-870x570.jpg",870,570,true],"ultp_layout_portrait":["https:\/\/reporterosdelsur.org\/diario\/wp-content\/uploads\/2026\/08\/Paraiso-1-9-600x900.jpg",600,900,true],"ultp_layout_square":["https:\/\/reporterosdelsur.org\/diario\/wp-content\/uploads\/2026\/08\/Paraiso-1-9-600x600.jpg",600,600,true],"hoot-medium-thumb":["https:\/\/reporterosdelsur.org\/diario\/wp-content\/uploads\/2026\/08\/Paraiso-1-9-460x400.jpg",460,400,true],"hoot-preview":["https:\/\/reporterosdelsur.org\/diario\/wp-content\/uploads\/2026\/08\/Paraiso-1-9-465x310.jpg",465,310,true],"hoot-preview-thumb":["https:\/\/reporterosdelsur.org\/diario\/wp-content\/uploads\/2026\/08\/Paraiso-1-9-465x550.jpg",465,550,true],"hoot-large-thumb":["https:\/\/reporterosdelsur.org\/diario\/wp-content\/uploads\/2026\/08\/Paraiso-1-9-690x550.jpg",690,550,true],"hoot-preview-large":["https:\/\/reporterosdelsur.org\/diario\/wp-content\/uploads\/2026\/08\/Paraiso-1-9-695x463.jpg",695,463,true],"hoot-wide-thumb":["https:\/\/reporterosdelsur.org\/diario\/wp-content\/uploads\/2026\/08\/Paraiso-1-9-920x425.jpg",920,425,true],"hoot-extra-wide-thumb":["https:\/\/reporterosdelsur.org\/diario\/wp-content\/uploads\/2026\/08\/Paraiso-1-9-1035x425.jpg",1035,425,true]},"author_info":{"display_name":"Reporteros del Sur","author_link":"https:\/\/reporterosdelsur.org\/diario\/author\/admin\/"},"category_info":"<a href=\"https:\/\/reporterosdelsur.org\/diario\/category\/tabasco\/\" rel=\"category tag\">Tabasco<\/a>","tag_info":"Tabasco","comment_count":"0","_links":{"self":[{"href":"https:\/\/reporterosdelsur.org\/diario\/wp-json\/wp\/v2\/posts\/58524","targetHints":{"allow":["GET"]}}],"collection":[{"href":"https:\/\/reporterosdelsur.org\/diario\/wp-json\/wp\/v2\/posts"}],"about":[{"href":"https:\/\/reporterosdelsur.org\/diario\/wp-json\/wp\/v2\/types\/post"}],"author":[{"embeddable":true,"href":"https:\/\/reporterosdelsur.org\/diario\/wp-json\/wp\/v2\/users\/1"}],"replies":[{"embeddable":true,"href":"https:\/\/reporterosdelsur.org\/diario\/wp-json\/wp\/v2\/comments?post=58524"}],"version-history":[{"count":1,"href":"https:\/\/reporterosdelsur.org\/diario\/wp-json\/wp\/v2\/posts\/58524\/revisions"}],"predecessor-version":[{"id":58529,"href":"https:\/\/reporterosdelsur.org\/diario\/wp-json\/wp\/v2\/posts\/58524\/revisions\/58529"}],"wp:featuredmedia":[{"embeddable":true,"href":"https:\/\/reporterosdelsur.org\/diario\/wp-json\/wp\/v2\/media\/58525"}],"wp:attachment":[{"href":"https:\/\/reporterosdelsur.org\/diario\/wp-json\/wp\/v2\/media?parent=58524"}],"wp:term":[{"taxonomy":"category","embeddable":true,"href":"https:\/\/reporterosdelsur.org\/diario\/wp-json\/wp\/v2\/categories?post=58524"},{"taxonomy":"post_tag","embeddable":true,"href":"https:\/\/reporterosdelsur.org\/diario\/wp-json\/wp\/v2\/tags?post=58524"}],"curies":[{"name":"wp","href":"https:\/\/api.w.org\/{rel}","templated":true}]}}