{"id":58513,"date":"2026-08-30T07:03:33","date_gmt":"2026-08-30T13:03:33","guid":{"rendered":"https:\/\/reporterosdelsur.org\/diario\/?p=58513"},"modified":"2026-08-30T07:04:18","modified_gmt":"2026-08-30T13:04:18","slug":"fget-obtiene-sentencias-por-robo-homicidio-y-feminicidio-en-tabasco","status":"publish","type":"post","link":"https:\/\/reporterosdelsur.org\/diario\/2026\/08\/fget-obtiene-sentencias-por-robo-homicidio-y-feminicidio-en-tabasco\/","title":{"rendered":"FGET obtiene sentencias por robo, homicidio y feminicidio en Tabasco"},"content":{"rendered":"\n<p class=\"wp-block-paragraph\"><strong>La Fiscal\u00eda General del Estado report\u00f3 condenas de hasta 16 a\u00f1os y seis meses de prisi\u00f3n, adem\u00e1s de una vinculaci\u00f3n a proceso por feminicidio en grado de tentativa acabada.<\/strong><\/p>\n\n\n\n<p class=\"wp-block-paragraph\"><strong>VILLAHERMOSA, TAB.-<\/strong> La Fiscal\u00eda General del Estado de Tabasco (FGET) inform\u00f3 sobre resultados favorables obtenidos en distintos procesos judiciales, entre ellos sentencias condenatorias por <strong>robo con violencia, robo de veh\u00edculo con violencia y homicidio calificado<\/strong>, as\u00ed como una vinculaci\u00f3n a proceso por feminicidio en grado de tentativa acabada.<\/p>\n\n\n\n<h3 class=\"wp-block-heading\">Condenan a 16 a\u00f1os de prisi\u00f3n en Comalcalco<\/h3>\n\n\n\n<p class=\"wp-block-paragraph\">En <strong>Comalcalco<\/strong>, durante un juicio oral, la Fiscal\u00eda obtuvo un fallo condenatorio contra <strong>Juan Diego \u201cN\u201d<\/strong>, por los delitos de robo a lugar abierto al p\u00fablico con violencia y robo de veh\u00edculo con violencia.<\/p>\n\n\n\n<figure class=\"wp-block-image size-large\"><img loading=\"lazy\" decoding=\"async\" width=\"1024\" height=\"1024\" src=\"https:\/\/reporterosdelsur.org\/diario\/wp-content\/uploads\/2026\/08\/FGE-2-5-1024x1024.jpeg\" alt=\"\" class=\"wp-image-58515\" srcset=\"https:\/\/reporterosdelsur.org\/diario\/wp-content\/uploads\/2026\/08\/FGE-2-5-1024x1024.jpeg 1024w, https:\/\/reporterosdelsur.org\/diario\/wp-content\/uploads\/2026\/08\/FGE-2-5-300x300.jpeg 300w, https:\/\/reporterosdelsur.org\/diario\/wp-content\/uploads\/2026\/08\/FGE-2-5-150x150.jpeg 150w, https:\/\/reporterosdelsur.org\/diario\/wp-content\/uploads\/2026\/08\/FGE-2-5-768x768.jpeg 768w, https:\/\/reporterosdelsur.org\/diario\/wp-content\/uploads\/2026\/08\/FGE-2-5-1536x1536.jpeg 1536w, https:\/\/reporterosdelsur.org\/diario\/wp-content\/uploads\/2026\/08\/FGE-2-5-600x600.jpeg 600w, https:\/\/reporterosdelsur.org\/diario\/wp-content\/uploads\/2026\/08\/FGE-2-5-465x465.jpeg 465w, https:\/\/reporterosdelsur.org\/diario\/wp-content\/uploads\/2026\/08\/FGE-2-5-500x500.jpeg 500w, https:\/\/reporterosdelsur.org\/diario\/wp-content\/uploads\/2026\/08\/FGE-2-5.jpeg 1600w\" sizes=\"auto, (max-width: 1024px) 100vw, 1024px\" \/><\/figure>\n\n\n\n<p class=\"wp-block-paragraph\">Los hechos por los que fue procesado ocurrieron en septiembre de 2024. Tras el desarrollo del juicio, la autoridad judicial le impuso una pena de <strong>16 a\u00f1os y seis meses de prisi\u00f3n<\/strong>, adem\u00e1s del pago correspondiente por concepto de reparaci\u00f3n de da\u00f1os.<\/p>\n\n\n\n<h3 class=\"wp-block-heading\">Sentencian a 13 a\u00f1os por homicidio en C\u00e1rdenas<\/h3>\n\n\n\n<p class=\"wp-block-paragraph\">En tanto, por hechos registrados en octubre de 2025 en <strong>C\u00e1rdenas<\/strong>, la FGET obtuvo una sentencia condenatoria contra <strong>\u00c1ngel \u201cN\u201d y\/o Gabriel \u201cN\u201d<\/strong>, por el delito de homicidio calificado en autor\u00eda indeterminada.<\/p>\n\n\n\n<p class=\"wp-block-paragraph\">Luego del desarrollo del proceso judicial, el juez emiti\u00f3 fallo condenatorio e impuso a los responsables una pena de <strong>13 a\u00f1os y cuatro meses de prisi\u00f3n<\/strong>, adem\u00e1s del pago por concepto de reparaci\u00f3n de da\u00f1os.<\/p>\n\n\n\n<figure class=\"wp-block-image size-large\"><img loading=\"lazy\" decoding=\"async\" width=\"1024\" height=\"1024\" src=\"https:\/\/reporterosdelsur.org\/diario\/wp-content\/uploads\/2026\/08\/FGE-1-5-1024x1024.jpeg\" alt=\"\" class=\"wp-image-58516\" srcset=\"https:\/\/reporterosdelsur.org\/diario\/wp-content\/uploads\/2026\/08\/FGE-1-5-1024x1024.jpeg 1024w, https:\/\/reporterosdelsur.org\/diario\/wp-content\/uploads\/2026\/08\/FGE-1-5-300x300.jpeg 300w, https:\/\/reporterosdelsur.org\/diario\/wp-content\/uploads\/2026\/08\/FGE-1-5-150x150.jpeg 150w, https:\/\/reporterosdelsur.org\/diario\/wp-content\/uploads\/2026\/08\/FGE-1-5-768x768.jpeg 768w, https:\/\/reporterosdelsur.org\/diario\/wp-content\/uploads\/2026\/08\/FGE-1-5-1536x1536.jpeg 1536w, https:\/\/reporterosdelsur.org\/diario\/wp-content\/uploads\/2026\/08\/FGE-1-5-600x600.jpeg 600w, https:\/\/reporterosdelsur.org\/diario\/wp-content\/uploads\/2026\/08\/FGE-1-5-465x465.jpeg 465w, https:\/\/reporterosdelsur.org\/diario\/wp-content\/uploads\/2026\/08\/FGE-1-5-500x500.jpeg 500w, https:\/\/reporterosdelsur.org\/diario\/wp-content\/uploads\/2026\/08\/FGE-1-5.jpeg 1600w\" sizes=\"auto, (max-width: 1024px) 100vw, 1024px\" \/><\/figure>\n\n\n\n<h3 class=\"wp-block-heading\">Vinculan a proceso a imputado en Centro<\/h3>\n\n\n\n<p class=\"wp-block-paragraph\">Por otra parte, en el municipio de <strong>Centro<\/strong>, la Fiscal\u00eda obtuvo la vinculaci\u00f3n a proceso de <strong>V\u00edctor \u201cN\u201d<\/strong>, se\u00f1alado por su probable participaci\u00f3n en el delito de feminicidio en grado de tentativa acabada.<\/p>\n\n\n\n<p class=\"wp-block-paragraph\">Durante la audiencia inicial, un juez determin\u00f3 vincularlo a proceso y estableci\u00f3 como medida cautelar la <strong>prisi\u00f3n preventiva oficiosa<\/strong>.<\/p>\n\n\n\n<p class=\"wp-block-paragraph\">Asimismo, la autoridad judicial fij\u00f3 un plazo de <strong>dos meses para el desarrollo de la investigaci\u00f3n complementaria<\/strong>, periodo en el que la Fiscal\u00eda continuar\u00e1 con la integraci\u00f3n de la carpeta correspondiente.<\/p>\n\n\n\n<p class=\"wp-block-paragraph\">La FGET precis\u00f3 que V\u00edctor \u201cN\u201d tiene el car\u00e1cter de imputado y <strong>se presume inocente mientras no se declare su responsabilidad mediante una sentencia emitida por la autoridad judicial competente<\/strong>.<\/p>\n\n\n\n<p class=\"wp-block-paragraph\">La Fiscal\u00eda General del Estado refrend\u00f3 su compromiso de llevar a cabo investigaciones con estricto apego a la ley y procurar justicia en beneficio de la sociedad tabasque\u00f1a.<\/p>\n","protected":false},"excerpt":{"rendered":"<p>La Fiscal\u00eda General del Estado report\u00f3 condenas de hasta 16 a\u00f1os y seis meses de prisi\u00f3n, adem\u00e1s de una vinculaci\u00f3n a proceso por feminicidio en grado de tentativa acabada. VILLAHERMOSA, TAB.- La Fiscal\u00eda General del Estado de Tabasco (FGET) inform\u00f3 sobre resultados favorables obtenidos en distintos procesos judiciales, entre ellos<span class=\"more-link theme-more-link\"><a href=\"https:\/\/reporterosdelsur.org\/diario\/2026\/08\/fget-obtiene-sentencias-por-robo-homicidio-y-feminicidio-en-tabasco\/\">Leer Nota Complete<\/a><\/span><\/p>\n","protected":false},"author":1,"featured_media":58514,"comment_status":"open","ping_status":"open","sticky":false,"template":"","format":"standard","meta":{"footnotes":"","jetpack_publicize_message":"","jetpack_publicize_feature_enabled":true,"jetpack_social_post_already_shared":true,"jetpack_social_options":{"image_generator_settings":{"template":"highway","default_image_id":0,"font":"","enabled":false},"version":2}},"categories":[2],"tags":[694,558,371,507,1355,491,38,372,132,459,333,34],"class_list":["entry","author-admin","post-58513","post","type-post","status-publish","format-standard","has-post-thumbnail","category-tabasco","tag-extorsion","tag-fge-tabasco","tag-gn","tag-justicia","tag-llamadas-telefonicas","tag-marina","tag-noticias","tag-operativos","tag-secuestro","tag-sedena","tag-seguridad","tag-villahermosa"],"jetpack_publicize_connections":[],"featured_image_urls":{"full":["https:\/\/reporterosdelsur.org\/diario\/wp-content\/uploads\/2026\/08\/FGE-3-2.jpeg",1600,1600,false],"thumbnail":["https:\/\/reporterosdelsur.org\/diario\/wp-content\/uploads\/2026\/08\/FGE-3-2-150x150.jpeg",150,150,true],"medium":["https:\/\/reporterosdelsur.org\/diario\/wp-content\/uploads\/2026\/08\/FGE-3-2-300x300.jpeg",300,300,true],"medium_large":["https:\/\/reporterosdelsur.org\/diario\/wp-content\/uploads\/2026\/08\/FGE-3-2-768x768.jpeg",768,768,true],"large":["https:\/\/reporterosdelsur.org\/diario\/wp-content\/uploads\/2026\/08\/FGE-3-2-1024x1024.jpeg",1024,1024,true],"1536x1536":["https:\/\/reporterosdelsur.org\/diario\/wp-content\/uploads\/2026\/08\/FGE-3-2-1536x1536.jpeg",1536,1536,true],"2048x2048":["https:\/\/reporterosdelsur.org\/diario\/wp-content\/uploads\/2026\/08\/FGE-3-2.jpeg",1600,1600,false],"ultp_layout_landscape_large":["https:\/\/reporterosdelsur.org\/diario\/wp-content\/uploads\/2026\/08\/FGE-3-2-1200x800.jpeg",1200,800,true],"ultp_layout_landscape":["https:\/\/reporterosdelsur.org\/diario\/wp-content\/uploads\/2026\/08\/FGE-3-2-870x570.jpeg",870,570,true],"ultp_layout_portrait":["https:\/\/reporterosdelsur.org\/diario\/wp-content\/uploads\/2026\/08\/FGE-3-2-600x900.jpeg",600,900,true],"ultp_layout_square":["https:\/\/reporterosdelsur.org\/diario\/wp-content\/uploads\/2026\/08\/FGE-3-2-600x600.jpeg",600,600,true],"hoot-medium-thumb":["https:\/\/reporterosdelsur.org\/diario\/wp-content\/uploads\/2026\/08\/FGE-3-2-460x400.jpeg",460,400,true],"hoot-preview":["https:\/\/reporterosdelsur.org\/diario\/wp-content\/uploads\/2026\/08\/FGE-3-2-465x465.jpeg",465,465,true],"hoot-preview-thumb":["https:\/\/reporterosdelsur.org\/diario\/wp-content\/uploads\/2026\/08\/FGE-3-2-465x550.jpeg",465,550,true],"hoot-large-thumb":["https:\/\/reporterosdelsur.org\/diario\/wp-content\/uploads\/2026\/08\/FGE-3-2-690x550.jpeg",690,550,true],"hoot-preview-large":["https:\/\/reporterosdelsur.org\/diario\/wp-content\/uploads\/2026\/08\/FGE-3-2-500x500.jpeg",500,500,true],"hoot-wide-thumb":["https:\/\/reporterosdelsur.org\/diario\/wp-content\/uploads\/2026\/08\/FGE-3-2-920x425.jpeg",920,425,true],"hoot-extra-wide-thumb":["https:\/\/reporterosdelsur.org\/diario\/wp-content\/uploads\/2026\/08\/FGE-3-2-1035x425.jpeg",1035,425,true]},"author_info":{"display_name":"Reporteros del Sur","author_link":"https:\/\/reporterosdelsur.org\/diario\/author\/admin\/"},"category_info":"<a href=\"https:\/\/reporterosdelsur.org\/diario\/category\/tabasco\/\" rel=\"category tag\">Tabasco<\/a>","tag_info":"Tabasco","comment_count":"0","_links":{"self":[{"href":"https:\/\/reporterosdelsur.org\/diario\/wp-json\/wp\/v2\/posts\/58513","targetHints":{"allow":["GET"]}}],"collection":[{"href":"https:\/\/reporterosdelsur.org\/diario\/wp-json\/wp\/v2\/posts"}],"about":[{"href":"https:\/\/reporterosdelsur.org\/diario\/wp-json\/wp\/v2\/types\/post"}],"author":[{"embeddable":true,"href":"https:\/\/reporterosdelsur.org\/diario\/wp-json\/wp\/v2\/users\/1"}],"replies":[{"embeddable":true,"href":"https:\/\/reporterosdelsur.org\/diario\/wp-json\/wp\/v2\/comments?post=58513"}],"version-history":[{"count":1,"href":"https:\/\/reporterosdelsur.org\/diario\/wp-json\/wp\/v2\/posts\/58513\/revisions"}],"predecessor-version":[{"id":58517,"href":"https:\/\/reporterosdelsur.org\/diario\/wp-json\/wp\/v2\/posts\/58513\/revisions\/58517"}],"wp:featuredmedia":[{"embeddable":true,"href":"https:\/\/reporterosdelsur.org\/diario\/wp-json\/wp\/v2\/media\/58514"}],"wp:attachment":[{"href":"https:\/\/reporterosdelsur.org\/diario\/wp-json\/wp\/v2\/media?parent=58513"}],"wp:term":[{"taxonomy":"category","embeddable":true,"href":"https:\/\/reporterosdelsur.org\/diario\/wp-json\/wp\/v2\/categories?post=58513"},{"taxonomy":"post_tag","embeddable":true,"href":"https:\/\/reporterosdelsur.org\/diario\/wp-json\/wp\/v2\/tags?post=58513"}],"curies":[{"name":"wp","href":"https:\/\/api.w.org\/{rel}","templated":true}]}}