{"id":58507,"date":"2026-08-30T06:55:41","date_gmt":"2026-08-30T12:55:41","guid":{"rendered":"https:\/\/reporterosdelsur.org\/diario\/?p=58507"},"modified":"2026-08-30T06:55:44","modified_gmt":"2026-08-30T12:55:44","slug":"miguel-angel-moheno-fortalece-dialogo-con-comunidades-de-cardenas","status":"publish","type":"post","link":"https:\/\/reporterosdelsur.org\/diario\/2026\/08\/miguel-angel-moheno-fortalece-dialogo-con-comunidades-de-cardenas\/","title":{"rendered":"Miguel \u00c1ngel Moheno fortalece di\u00e1logo con comunidades de C\u00e1rdenas"},"content":{"rendered":"\n<p class=\"wp-block-paragraph\"><strong>El diputado local sostuvo reuniones con liderazgos de la Costa Grande, integrantes de la Uni\u00f3n Local de Tricitaxis y militantes de Villa Benito Ju\u00e1rez, como parte de su agenda de cercan\u00eda ciudadana.<\/strong><\/p>\n\n\n\n<p class=\"wp-block-paragraph\"><strong>C\u00c1RDENAS, TAB.-<\/strong> El diputado local <strong>Miguel \u00c1ngel Moheno Pi\u00f1era<\/strong> realiz\u00f3 una jornada de trabajo en la Villa y Puerto Andr\u00e9s S\u00e1nchez Magallanes, donde sostuvo un encuentro con liderazgos de la Costa Grande para escuchar sus planteamientos, inquietudes y propuestas.<\/p>\n\n\n\n<p class=\"wp-block-paragraph\">Durante la reuni\u00f3n, el legislador destac\u00f3 la importancia de mantener un di\u00e1logo directo con las comunidades y conocer de primera mano las necesidades que enfrentan los habitantes de esta regi\u00f3n de C\u00e1rdenas.<\/p>\n\n\n\n<figure class=\"wp-block-image size-large\"><img loading=\"lazy\" decoding=\"async\" width=\"1024\" height=\"682\" src=\"https:\/\/reporterosdelsur.org\/diario\/wp-content\/uploads\/2026\/08\/Moheno-5-1024x682.jpeg\" alt=\"\" class=\"wp-image-58509\" srcset=\"https:\/\/reporterosdelsur.org\/diario\/wp-content\/uploads\/2026\/08\/Moheno-5-1024x682.jpeg 1024w, https:\/\/reporterosdelsur.org\/diario\/wp-content\/uploads\/2026\/08\/Moheno-5-300x200.jpeg 300w, https:\/\/reporterosdelsur.org\/diario\/wp-content\/uploads\/2026\/08\/Moheno-5-768x512.jpeg 768w, https:\/\/reporterosdelsur.org\/diario\/wp-content\/uploads\/2026\/08\/Moheno-5-1200x800.jpeg 1200w, https:\/\/reporterosdelsur.org\/diario\/wp-content\/uploads\/2026\/08\/Moheno-5-465x310.jpeg 465w, https:\/\/reporterosdelsur.org\/diario\/wp-content\/uploads\/2026\/08\/Moheno-5-695x463.jpeg 695w, https:\/\/reporterosdelsur.org\/diario\/wp-content\/uploads\/2026\/08\/Moheno-5.jpeg 1280w\" sizes=\"auto, (max-width: 1024px) 100vw, 1024px\" \/><\/figure>\n\n\n\n<p class=\"wp-block-paragraph\">Como parte de su recorrido, Moheno Pi\u00f1era tambi\u00e9n se reuni\u00f3 con integrantes de la <strong>Uni\u00f3n Local de Tricitaxis<\/strong>, con quienes abord\u00f3 las principales necesidades y retos que enfrenta este sector, adem\u00e1s de refrendar su disposici\u00f3n para mantener una comunicaci\u00f3n permanente con quienes diariamente trabajan y brindan servicio a la ciudadan\u00eda.<\/p>\n\n\n\n<p class=\"wp-block-paragraph\">El diputado se\u00f1al\u00f3 la importancia de escuchar a los distintos sectores productivos y sociales para conocer sus problem\u00e1ticas y buscar alternativas que contribuyan a mejorar sus condiciones de trabajo.<\/p>\n\n\n\n<figure class=\"wp-block-image size-large\"><img loading=\"lazy\" decoding=\"async\" width=\"1024\" height=\"682\" src=\"https:\/\/reporterosdelsur.org\/diario\/wp-content\/uploads\/2026\/08\/Moheno-4-1024x682.jpeg\" alt=\"\" class=\"wp-image-58510\" srcset=\"https:\/\/reporterosdelsur.org\/diario\/wp-content\/uploads\/2026\/08\/Moheno-4-1024x682.jpeg 1024w, https:\/\/reporterosdelsur.org\/diario\/wp-content\/uploads\/2026\/08\/Moheno-4-300x200.jpeg 300w, https:\/\/reporterosdelsur.org\/diario\/wp-content\/uploads\/2026\/08\/Moheno-4-768x512.jpeg 768w, https:\/\/reporterosdelsur.org\/diario\/wp-content\/uploads\/2026\/08\/Moheno-4-1200x800.jpeg 1200w, https:\/\/reporterosdelsur.org\/diario\/wp-content\/uploads\/2026\/08\/Moheno-4-465x310.jpeg 465w, https:\/\/reporterosdelsur.org\/diario\/wp-content\/uploads\/2026\/08\/Moheno-4-695x463.jpeg 695w, https:\/\/reporterosdelsur.org\/diario\/wp-content\/uploads\/2026\/08\/Moheno-4.jpeg 1280w\" sizes=\"auto, (max-width: 1024px) 100vw, 1024px\" \/><\/figure>\n\n\n\n<p class=\"wp-block-paragraph\">Posteriormente, visit\u00f3 a militantes y amigos de <strong>Villa Benito Ju\u00e1rez<\/strong>, con quienes intercambi\u00f3 puntos de vista y fortaleci\u00f3 los lazos de unidad y organizaci\u00f3n.<\/p>\n\n\n\n<p class=\"wp-block-paragraph\">El encuentro form\u00f3 parte de una agenda de trabajo enfocada en mantener presencia permanente en las comunidades y fortalecer la comunicaci\u00f3n con ciudadanos y grupos organizados.<\/p>\n\n\n\n<figure class=\"wp-block-image size-large\"><img loading=\"lazy\" decoding=\"async\" width=\"1024\" height=\"682\" src=\"https:\/\/reporterosdelsur.org\/diario\/wp-content\/uploads\/2026\/08\/Moheno-1-1-1024x682.jpeg\" alt=\"\" class=\"wp-image-58511\" srcset=\"https:\/\/reporterosdelsur.org\/diario\/wp-content\/uploads\/2026\/08\/Moheno-1-1-1024x682.jpeg 1024w, https:\/\/reporterosdelsur.org\/diario\/wp-content\/uploads\/2026\/08\/Moheno-1-1-300x200.jpeg 300w, https:\/\/reporterosdelsur.org\/diario\/wp-content\/uploads\/2026\/08\/Moheno-1-1-768x512.jpeg 768w, https:\/\/reporterosdelsur.org\/diario\/wp-content\/uploads\/2026\/08\/Moheno-1-1-1200x800.jpeg 1200w, https:\/\/reporterosdelsur.org\/diario\/wp-content\/uploads\/2026\/08\/Moheno-1-1-465x310.jpeg 465w, https:\/\/reporterosdelsur.org\/diario\/wp-content\/uploads\/2026\/08\/Moheno-1-1-695x463.jpeg 695w, https:\/\/reporterosdelsur.org\/diario\/wp-content\/uploads\/2026\/08\/Moheno-1-1.jpeg 1280w\" sizes=\"auto, (max-width: 1024px) 100vw, 1024px\" \/><\/figure>\n\n\n\n<p class=\"wp-block-paragraph\">Moheno Pi\u00f1era refrend\u00f3 su compromiso de <strong>continuar recorriendo el territorio<\/strong>, escuchar directamente a la poblaci\u00f3n y trabajar de manera coordinada con los distintos sectores para atender las necesidades de C\u00e1rdenas.<\/p>\n\n\n\n<p class=\"wp-block-paragraph\">El legislador sostuvo que la cercan\u00eda con las comunidades permite conocer de manera directa sus inquietudes y construir, junto con la ciudadan\u00eda, propuestas encaminadas a contribuir al desarrollo del municipio y de Tabasco.<\/p>\n","protected":false},"excerpt":{"rendered":"<p>El diputado local sostuvo reuniones con liderazgos de la Costa Grande, integrantes de la Uni\u00f3n Local de Tricitaxis y militantes de Villa Benito Ju\u00e1rez, como parte de su agenda de cercan\u00eda ciudadana. C\u00c1RDENAS, TAB.- El diputado local Miguel \u00c1ngel Moheno Pi\u00f1era realiz\u00f3 una jornada de trabajo en la Villa y<span class=\"more-link theme-more-link\"><a href=\"https:\/\/reporterosdelsur.org\/diario\/2026\/08\/miguel-angel-moheno-fortalece-dialogo-con-comunidades-de-cardenas\/\">Leer Nota Complete<\/a><\/span><\/p>\n","protected":false},"author":3,"featured_media":58508,"comment_status":"open","ping_status":"open","sticky":false,"template":"","format":"standard","meta":{"footnotes":"","jetpack_publicize_message":"","jetpack_publicize_feature_enabled":true,"jetpack_social_post_already_shared":true,"jetpack_social_options":{"image_generator_settings":{"template":"highway","default_image_id":0,"font":"","enabled":false},"version":2}},"categories":[2],"tags":[1404,403,358,397,1077,38,424,497,1406,35],"class_list":["entry","author-hipolitog2015gmail-com","post-58507","post","type-post","status-publish","format-standard","has-post-thumbnail","category-tabasco","tag-codigo-penal","tag-congreso-del-estado","tag-diputados-locales","tag-elecciones-2027","tag-gobiernos","tag-noticias","tag-partidos-politicos","tag-pvem","tag-reformas","tag-tabasco"],"jetpack_publicize_connections":[],"featured_image_urls":{"full":["https:\/\/reporterosdelsur.org\/diario\/wp-content\/uploads\/2026\/08\/Moheno-2-1.jpeg",1280,853,false],"thumbnail":["https:\/\/reporterosdelsur.org\/diario\/wp-content\/uploads\/2026\/08\/Moheno-2-1-150x150.jpeg",150,150,true],"medium":["https:\/\/reporterosdelsur.org\/diario\/wp-content\/uploads\/2026\/08\/Moheno-2-1-300x200.jpeg",300,200,true],"medium_large":["https:\/\/reporterosdelsur.org\/diario\/wp-content\/uploads\/2026\/08\/Moheno-2-1-768x512.jpeg",768,512,true],"large":["https:\/\/reporterosdelsur.org\/diario\/wp-content\/uploads\/2026\/08\/Moheno-2-1-1024x682.jpeg",1024,682,true],"1536x1536":["https:\/\/reporterosdelsur.org\/diario\/wp-content\/uploads\/2026\/08\/Moheno-2-1.jpeg",1280,853,false],"2048x2048":["https:\/\/reporterosdelsur.org\/diario\/wp-content\/uploads\/2026\/08\/Moheno-2-1.jpeg",1280,853,false],"ultp_layout_landscape_large":["https:\/\/reporterosdelsur.org\/diario\/wp-content\/uploads\/2026\/08\/Moheno-2-1-1200x800.jpeg",1200,800,true],"ultp_layout_landscape":["https:\/\/reporterosdelsur.org\/diario\/wp-content\/uploads\/2026\/08\/Moheno-2-1-870x570.jpeg",870,570,true],"ultp_layout_portrait":["https:\/\/reporterosdelsur.org\/diario\/wp-content\/uploads\/2026\/08\/Moheno-2-1-600x853.jpeg",600,853,true],"ultp_layout_square":["https:\/\/reporterosdelsur.org\/diario\/wp-content\/uploads\/2026\/08\/Moheno-2-1-600x600.jpeg",600,600,true],"hoot-medium-thumb":["https:\/\/reporterosdelsur.org\/diario\/wp-content\/uploads\/2026\/08\/Moheno-2-1-460x400.jpeg",460,400,true],"hoot-preview":["https:\/\/reporterosdelsur.org\/diario\/wp-content\/uploads\/2026\/08\/Moheno-2-1-465x310.jpeg",465,310,true],"hoot-preview-thumb":["https:\/\/reporterosdelsur.org\/diario\/wp-content\/uploads\/2026\/08\/Moheno-2-1-465x550.jpeg",465,550,true],"hoot-large-thumb":["https:\/\/reporterosdelsur.org\/diario\/wp-content\/uploads\/2026\/08\/Moheno-2-1-690x550.jpeg",690,550,true],"hoot-preview-large":["https:\/\/reporterosdelsur.org\/diario\/wp-content\/uploads\/2026\/08\/Moheno-2-1-695x463.jpeg",695,463,true],"hoot-wide-thumb":["https:\/\/reporterosdelsur.org\/diario\/wp-content\/uploads\/2026\/08\/Moheno-2-1-920x425.jpeg",920,425,true],"hoot-extra-wide-thumb":["https:\/\/reporterosdelsur.org\/diario\/wp-content\/uploads\/2026\/08\/Moheno-2-1-1035x425.jpeg",1035,425,true]},"author_info":{"display_name":"Hipolito Garc\u00eda","author_link":"https:\/\/reporterosdelsur.org\/diario\/author\/hipolitog2015gmail-com\/"},"category_info":"<a href=\"https:\/\/reporterosdelsur.org\/diario\/category\/tabasco\/\" rel=\"category tag\">Tabasco<\/a>","tag_info":"Tabasco","comment_count":"0","_links":{"self":[{"href":"https:\/\/reporterosdelsur.org\/diario\/wp-json\/wp\/v2\/posts\/58507","targetHints":{"allow":["GET"]}}],"collection":[{"href":"https:\/\/reporterosdelsur.org\/diario\/wp-json\/wp\/v2\/posts"}],"about":[{"href":"https:\/\/reporterosdelsur.org\/diario\/wp-json\/wp\/v2\/types\/post"}],"author":[{"embeddable":true,"href":"https:\/\/reporterosdelsur.org\/diario\/wp-json\/wp\/v2\/users\/3"}],"replies":[{"embeddable":true,"href":"https:\/\/reporterosdelsur.org\/diario\/wp-json\/wp\/v2\/comments?post=58507"}],"version-history":[{"count":1,"href":"https:\/\/reporterosdelsur.org\/diario\/wp-json\/wp\/v2\/posts\/58507\/revisions"}],"predecessor-version":[{"id":58512,"href":"https:\/\/reporterosdelsur.org\/diario\/wp-json\/wp\/v2\/posts\/58507\/revisions\/58512"}],"wp:featuredmedia":[{"embeddable":true,"href":"https:\/\/reporterosdelsur.org\/diario\/wp-json\/wp\/v2\/media\/58508"}],"wp:attachment":[{"href":"https:\/\/reporterosdelsur.org\/diario\/wp-json\/wp\/v2\/media?parent=58507"}],"wp:term":[{"taxonomy":"category","embeddable":true,"href":"https:\/\/reporterosdelsur.org\/diario\/wp-json\/wp\/v2\/categories?post=58507"},{"taxonomy":"post_tag","embeddable":true,"href":"https:\/\/reporterosdelsur.org\/diario\/wp-json\/wp\/v2\/tags?post=58507"}],"curies":[{"name":"wp","href":"https:\/\/api.w.org\/{rel}","templated":true}]}}