{"id":58492,"date":"2026-08-30T06:34:14","date_gmt":"2026-08-30T12:34:14","guid":{"rendered":"https:\/\/reporterosdelsur.org\/diario\/?p=58492"},"modified":"2026-08-30T06:34:17","modified_gmt":"2026-08-30T12:34:17","slug":"jamenei-acusa-a-eu-e-israel-de-ser-enemigos-de-todo-el-mundo-musulman","status":"publish","type":"post","link":"https:\/\/reporterosdelsur.org\/diario\/2026\/08\/jamenei-acusa-a-eu-e-israel-de-ser-enemigos-de-todo-el-mundo-musulman\/","title":{"rendered":"Jamene\u00ed acusa a EU e Israel de ser enemigos de todo el mundo musulm\u00e1n"},"content":{"rendered":"\n<p class=\"wp-block-paragraph\"><strong>El l\u00edder supremo de Ir\u00e1n llam\u00f3 a los pa\u00edses isl\u00e1micos, particularmente de Asia occidental, el golfo P\u00e9rsico y el norte de \u00c1frica, a identificar las amenazas externas y fortalecer la unidad y la defensa mutua.<\/strong><\/p>\n\n\n\n<p class=\"wp-block-paragraph\"><strong>TEHER\u00c1N.-<\/strong> El l\u00edder supremo de Ir\u00e1n, el ayatol\u00e1 <strong>Mojtab\u00e1 Jamene\u00ed<\/strong>, acus\u00f3 a los gobernantes que calific\u00f3 de \u201ccriminales\u201d de Estados Unidos e Israel de representar una amenaza no solo para la Rep\u00fablica Isl\u00e1mica, sino para el conjunto de la comunidad musulmana.<\/p>\n\n\n\n<p class=\"wp-block-paragraph\">Durante un discurso, Jamene\u00ed exhort\u00f3 a los dirigentes de los pa\u00edses isl\u00e1micos, especialmente de <strong>Asia occidental, el golfo P\u00e9rsico y el norte de \u00c1frica<\/strong>, a identificar lo que denomin\u00f3 el \u201cenemigo real\u201d, conocer sus planes y hacer frente a ellos mediante una mayor coordinaci\u00f3n entre las naciones musulmanas.<\/p>\n\n\n\n<p class=\"wp-block-paragraph\">El l\u00edder iran\u00ed sostuvo que la soluci\u00f3n a los problemas que enfrenta la comunidad musulmana pasa por fortalecer la <strong>unidad de prop\u00f3sito, la amistad y la defensa mutua<\/strong>, ante lo que consider\u00f3 intentos externos por debilitar a los pa\u00edses de la regi\u00f3n.<\/p>\n\n\n\n<p class=\"wp-block-paragraph\">Jamene\u00ed tambi\u00e9n cuestion\u00f3 el desprecio p\u00fablico y el lenguaje ofensivo que, seg\u00fan afirm\u00f3, emplean los dirigentes de las denominadas <strong>\u201cpotencias arrogantes\u201d<\/strong> contra algunos gobernantes musulmanes.<\/p>\n\n\n\n<figure class=\"wp-block-image size-large\"><img loading=\"lazy\" decoding=\"async\" width=\"1024\" height=\"577\" src=\"https:\/\/reporterosdelsur.org\/diario\/wp-content\/uploads\/2026\/08\/Iran-11-1024x577.jpg\" alt=\"\" class=\"wp-image-58493\" srcset=\"https:\/\/reporterosdelsur.org\/diario\/wp-content\/uploads\/2026\/08\/Iran-11-1024x577.jpg 1024w, https:\/\/reporterosdelsur.org\/diario\/wp-content\/uploads\/2026\/08\/Iran-11-300x169.jpg 300w, https:\/\/reporterosdelsur.org\/diario\/wp-content\/uploads\/2026\/08\/Iran-11-768x433.jpg 768w, https:\/\/reporterosdelsur.org\/diario\/wp-content\/uploads\/2026\/08\/Iran-11-465x262.jpg 465w, https:\/\/reporterosdelsur.org\/diario\/wp-content\/uploads\/2026\/08\/Iran-11-695x392.jpg 695w, https:\/\/reporterosdelsur.org\/diario\/wp-content\/uploads\/2026\/08\/Iran-11.jpg 1104w\" sizes=\"auto, (max-width: 1024px) 100vw, 1024px\" \/><\/figure>\n\n\n\n<p class=\"wp-block-paragraph\">Como ejemplo de resistencia ante estas presiones, mencion\u00f3 a la poblaci\u00f3n iran\u00ed y asegur\u00f3 que las conspiraciones de sus adversarios no han conseguido quebrantar de manera significativa la unidad del pa\u00eds.<\/p>\n\n\n\n<h3 class=\"wp-block-heading\">Acusa estrategia para dividir a los pa\u00edses musulmanes<\/h3>\n\n\n\n<p class=\"wp-block-paragraph\">El l\u00edder supremo iran\u00ed afirm\u00f3 que los gobiernos que considera enemigos buscan aprovechar las diferencias <strong>raciales, culturales, sociales, econ\u00f3micas, pol\u00edticas y geogr\u00e1ficas<\/strong> existentes entre los pueblos musulmanes para generar divisiones.<\/p>\n\n\n\n<p class=\"wp-block-paragraph\">Seg\u00fan su planteamiento, estas diferencias son utilizadas \u201ca sabiendas o no\u201d como pretextos para fragmentar tanto a la sociedad iran\u00ed como a las poblaciones de otros pa\u00edses isl\u00e1micos.<\/p>\n\n\n\n<p class=\"wp-block-paragraph\">Jamene\u00ed advirti\u00f3 que el objetivo final ser\u00eda mantener a la comunidad musulmana dividida y debilitada para, <strong>\u201cen el momento oportuno, imponer su dominaci\u00f3n\u201d<\/strong>.<\/p>\n\n\n\n<p class=\"wp-block-paragraph\">Sus declaraciones se producen en un contexto de crecientes tensiones en Medio Oriente y de confrontaci\u00f3n entre Ir\u00e1n, Israel y Estados Unidos, en el que Teher\u00e1n ha insistido en la necesidad de fortalecer sus alianzas regionales y la cooperaci\u00f3n entre pa\u00edses musulmanes.<\/p>\n\n\n\n<p class=\"wp-block-paragraph\">El llamado del dirigente iran\u00ed busca colocar la unidad del mundo isl\u00e1mico como un elemento central frente a las presiones externas y a los conflictos que afectan a la regi\u00f3n.<\/p>\n","protected":false},"excerpt":{"rendered":"<p>El l\u00edder supremo de Ir\u00e1n llam\u00f3 a los pa\u00edses isl\u00e1micos, particularmente de Asia occidental, el golfo P\u00e9rsico y el norte de \u00c1frica, a identificar las amenazas externas y fortalecer la unidad y la defensa mutua. TEHER\u00c1N.- El l\u00edder supremo de Ir\u00e1n, el ayatol\u00e1 Mojtab\u00e1 Jamene\u00ed, acus\u00f3 a los gobernantes que<span class=\"more-link theme-more-link\"><a href=\"https:\/\/reporterosdelsur.org\/diario\/2026\/08\/jamenei-acusa-a-eu-e-israel-de-ser-enemigos-de-todo-el-mundo-musulman\/\">Leer Nota Complete<\/a><\/span><\/p>\n","protected":false},"author":1,"featured_media":58493,"comment_status":"open","ping_status":"open","sticky":false,"template":"","format":"standard","meta":{"footnotes":"","jetpack_publicize_message":"","jetpack_publicize_feature_enabled":true,"jetpack_social_post_already_shared":true,"jetpack_social_options":{"image_generator_settings":{"template":"highway","default_image_id":0,"font":"","enabled":false},"version":2}},"categories":[4],"tags":[68,480,1346,146,481,101,1077,1114,1156,1358,1143,1213,1378,1402,71,38,32,666,333],"class_list":["entry","author-admin","post-58492","post","type-post","status-publish","format-standard","has-post-thumbnail","category-mundo","tag-arabia-saudita","tag-economia","tag-energeticos","tag-eu","tag-finanzas","tag-gas","tag-gobiernos","tag-guerras","tag-internacionales","tag-irak","tag-iran","tag-israel","tag-libano","tag-medio-oriente","tag-mundo","tag-noticias","tag-petroleo","tag-politica-2","tag-seguridad"],"jetpack_publicize_connections":[],"featured_image_urls":{"full":["https:\/\/reporterosdelsur.org\/diario\/wp-content\/uploads\/2026\/08\/Iran-11.jpg",1104,622,false],"thumbnail":["https:\/\/reporterosdelsur.org\/diario\/wp-content\/uploads\/2026\/08\/Iran-11-150x150.jpg",150,150,true],"medium":["https:\/\/reporterosdelsur.org\/diario\/wp-content\/uploads\/2026\/08\/Iran-11-300x169.jpg",300,169,true],"medium_large":["https:\/\/reporterosdelsur.org\/diario\/wp-content\/uploads\/2026\/08\/Iran-11-768x433.jpg",768,433,true],"large":["https:\/\/reporterosdelsur.org\/diario\/wp-content\/uploads\/2026\/08\/Iran-11-1024x577.jpg",1024,577,true],"1536x1536":["https:\/\/reporterosdelsur.org\/diario\/wp-content\/uploads\/2026\/08\/Iran-11.jpg",1104,622,false],"2048x2048":["https:\/\/reporterosdelsur.org\/diario\/wp-content\/uploads\/2026\/08\/Iran-11.jpg",1104,622,false],"ultp_layout_landscape_large":["https:\/\/reporterosdelsur.org\/diario\/wp-content\/uploads\/2026\/08\/Iran-11.jpg",1104,622,false],"ultp_layout_landscape":["https:\/\/reporterosdelsur.org\/diario\/wp-content\/uploads\/2026\/08\/Iran-11-870x570.jpg",870,570,true],"ultp_layout_portrait":["https:\/\/reporterosdelsur.org\/diario\/wp-content\/uploads\/2026\/08\/Iran-11-600x622.jpg",600,622,true],"ultp_layout_square":["https:\/\/reporterosdelsur.org\/diario\/wp-content\/uploads\/2026\/08\/Iran-11-600x600.jpg",600,600,true],"hoot-medium-thumb":["https:\/\/reporterosdelsur.org\/diario\/wp-content\/uploads\/2026\/08\/Iran-11-460x400.jpg",460,400,true],"hoot-preview":["https:\/\/reporterosdelsur.org\/diario\/wp-content\/uploads\/2026\/08\/Iran-11-465x262.jpg",465,262,true],"hoot-preview-thumb":["https:\/\/reporterosdelsur.org\/diario\/wp-content\/uploads\/2026\/08\/Iran-11-465x550.jpg",465,550,true],"hoot-large-thumb":["https:\/\/reporterosdelsur.org\/diario\/wp-content\/uploads\/2026\/08\/Iran-11-690x550.jpg",690,550,true],"hoot-preview-large":["https:\/\/reporterosdelsur.org\/diario\/wp-content\/uploads\/2026\/08\/Iran-11-695x392.jpg",695,392,true],"hoot-wide-thumb":["https:\/\/reporterosdelsur.org\/diario\/wp-content\/uploads\/2026\/08\/Iran-11-920x425.jpg",920,425,true],"hoot-extra-wide-thumb":["https:\/\/reporterosdelsur.org\/diario\/wp-content\/uploads\/2026\/08\/Iran-11-1035x425.jpg",1035,425,true]},"author_info":{"display_name":"Reporteros del Sur","author_link":"https:\/\/reporterosdelsur.org\/diario\/author\/admin\/"},"category_info":"<a href=\"https:\/\/reporterosdelsur.org\/diario\/category\/mundo\/\" rel=\"category tag\">Mundo<\/a>","tag_info":"Mundo","comment_count":"0","_links":{"self":[{"href":"https:\/\/reporterosdelsur.org\/diario\/wp-json\/wp\/v2\/posts\/58492","targetHints":{"allow":["GET"]}}],"collection":[{"href":"https:\/\/reporterosdelsur.org\/diario\/wp-json\/wp\/v2\/posts"}],"about":[{"href":"https:\/\/reporterosdelsur.org\/diario\/wp-json\/wp\/v2\/types\/post"}],"author":[{"embeddable":true,"href":"https:\/\/reporterosdelsur.org\/diario\/wp-json\/wp\/v2\/users\/1"}],"replies":[{"embeddable":true,"href":"https:\/\/reporterosdelsur.org\/diario\/wp-json\/wp\/v2\/comments?post=58492"}],"version-history":[{"count":1,"href":"https:\/\/reporterosdelsur.org\/diario\/wp-json\/wp\/v2\/posts\/58492\/revisions"}],"predecessor-version":[{"id":58494,"href":"https:\/\/reporterosdelsur.org\/diario\/wp-json\/wp\/v2\/posts\/58492\/revisions\/58494"}],"wp:featuredmedia":[{"embeddable":true,"href":"https:\/\/reporterosdelsur.org\/diario\/wp-json\/wp\/v2\/media\/58493"}],"wp:attachment":[{"href":"https:\/\/reporterosdelsur.org\/diario\/wp-json\/wp\/v2\/media?parent=58492"}],"wp:term":[{"taxonomy":"category","embeddable":true,"href":"https:\/\/reporterosdelsur.org\/diario\/wp-json\/wp\/v2\/categories?post=58492"},{"taxonomy":"post_tag","embeddable":true,"href":"https:\/\/reporterosdelsur.org\/diario\/wp-json\/wp\/v2\/tags?post=58492"}],"curies":[{"name":"wp","href":"https:\/\/api.w.org\/{rel}","templated":true}]}}