{"id":58489,"date":"2026-08-30T06:29:47","date_gmt":"2026-08-30T12:29:47","guid":{"rendered":"https:\/\/reporterosdelsur.org\/diario\/?p=58489"},"modified":"2026-08-30T06:29:51","modified_gmt":"2026-08-30T12:29:51","slug":"sep-analiza-regular-uso-de-celulares-y-dispositivos-digitales-en-escuelas","status":"publish","type":"post","link":"https:\/\/reporterosdelsur.org\/diario\/2026\/08\/sep-analiza-regular-uso-de-celulares-y-dispositivos-digitales-en-escuelas\/","title":{"rendered":"SEP analiza regular uso de celulares y dispositivos digitales en escuelas"},"content":{"rendered":"\n<p class=\"wp-block-paragraph\"><strong>Autoridades educativas de las 32 entidades revisaron propuestas para establecer reglas de acuerdo con la edad de los estudiantes, prevenir riesgos en redes sociales y fortalecer la participaci\u00f3n de las familias.<\/strong><\/p>\n\n\n\n<p class=\"wp-block-paragraph\"><strong>CIUDAD DE M\u00c9XICO.-<\/strong> La Secretar\u00eda de Educaci\u00f3n P\u00fablica (SEP) inform\u00f3 que autoridades educativas de las 32 entidades del pa\u00eds analizaron la regulaci\u00f3n del uso de dispositivos digitales en los planteles escolares, as\u00ed como los avances de la estrategia <strong>\u201cEl ABC de las Emociones\u201d<\/strong>, durante la Segunda Reuni\u00f3n Nacional Plenaria Extraordinaria del Consejo Nacional de Autoridades Educativas (Conaedu).<\/p>\n\n\n\n<p class=\"wp-block-paragraph\">Durante el encuentro, realizado de manera virtual, el titular de la SEP, <strong>Mario Delgado Carrillo<\/strong>, explic\u00f3 que, como parte del Consejo T\u00e9cnico Escolar, Fase Intensiva, previo al inicio del ciclo escolar 2026-2027, docentes de preescolar, primaria y secundaria participaron en la <strong>Consulta Nacional para el Uso y Regulaci\u00f3n de Dispositivos Digitales<\/strong>.<\/p>\n\n\n\n<p class=\"wp-block-paragraph\">De acuerdo con los resultados expuestos, los maestros consideran necesario avanzar hacia una regulaci\u00f3n clara del uso de celulares y otros dispositivos tecnol\u00f3gicos, tomando en cuenta la edad de los estudiantes. Tambi\u00e9n plantearon establecer protocolos para prevenir y atender situaciones de riesgo relacionadas con el uso de dispositivos y redes sociales.<\/p>\n\n\n\n<p class=\"wp-block-paragraph\">Delgado destac\u00f3 adem\u00e1s la necesidad de involucrar a madres y padres de familia mediante acuerdos de corresponsabilidad, orientaciones y materiales que les permitan acompa\u00f1ar a sus hijas e hijos en el uso responsable de la tecnolog\u00eda.<\/p>\n\n\n\n<p class=\"wp-block-paragraph\">El funcionario se\u00f1al\u00f3 que se busca evitar que el uso indiscriminado de dispositivos interfiera con actividades fundamentales para ni\u00f1as, ni\u00f1os y adolescentes, como jugar durante el recreo, desarrollar habilidades socioemocionales y convivir con sus compa\u00f1eros.<\/p>\n\n\n\n<p class=\"wp-block-paragraph\">Asimismo, advirti\u00f3 que el uso excesivo de estos dispositivos puede convertirse en un factor de desconcentraci\u00f3n y ansiedad, adem\u00e1s de favorecer conductas de uso problem\u00e1tico.<\/p>\n\n\n\n<h3 class=\"wp-block-heading\">Acceso de menores a Internet<\/h3>\n\n\n\n<p class=\"wp-block-paragraph\">Por su parte, el subsecretario de Educaci\u00f3n Superior, <strong>Ricardo Villanueva Lomel\u00ed<\/strong>, present\u00f3 un recuento de los principales datos obtenidos en los foros de discusi\u00f3n sobre los efectos de las tecnolog\u00edas, los dispositivos digitales y las redes sociales en ni\u00f1as, ni\u00f1os y j\u00f3venes.<\/p>\n\n\n\n<p class=\"wp-block-paragraph\">Se\u00f1al\u00f3 que, a nivel mundial, <strong>33 por ciento de los usuarios de Internet son menores de edad<\/strong>, mientras que <strong>95 por ciento de los adolescentes de entre 12 y 17 a\u00f1os tienen acceso a Internet<\/strong>, situaci\u00f3n que plantea nuevos retos para las comunidades educativas.<\/p>\n\n\n\n<p class=\"wp-block-paragraph\">Ante este panorama, las autoridades educativas destacaron la importancia de establecer mecanismos que permitan aprovechar las herramientas digitales con fines educativos, pero bajo reglas que protejan el bienestar y la seguridad de los estudiantes.<\/p>\n\n\n\n<figure class=\"wp-block-image size-large\"><img loading=\"lazy\" decoding=\"async\" width=\"1024\" height=\"1024\" src=\"https:\/\/reporterosdelsur.org\/diario\/wp-content\/uploads\/2026\/08\/SEP-1024x1024.jpg\" alt=\"\" class=\"wp-image-58490\" srcset=\"https:\/\/reporterosdelsur.org\/diario\/wp-content\/uploads\/2026\/08\/SEP-1024x1024.jpg 1024w, https:\/\/reporterosdelsur.org\/diario\/wp-content\/uploads\/2026\/08\/SEP-300x300.jpg 300w, https:\/\/reporterosdelsur.org\/diario\/wp-content\/uploads\/2026\/08\/SEP-150x150.jpg 150w, https:\/\/reporterosdelsur.org\/diario\/wp-content\/uploads\/2026\/08\/SEP-768x768.jpg 768w, https:\/\/reporterosdelsur.org\/diario\/wp-content\/uploads\/2026\/08\/SEP-600x600.jpg 600w, https:\/\/reporterosdelsur.org\/diario\/wp-content\/uploads\/2026\/08\/SEP-465x465.jpg 465w, https:\/\/reporterosdelsur.org\/diario\/wp-content\/uploads\/2026\/08\/SEP-500x500.jpg 500w, https:\/\/reporterosdelsur.org\/diario\/wp-content\/uploads\/2026\/08\/SEP.jpg 1365w\" sizes=\"auto, (max-width: 1024px) 100vw, 1024px\" \/><\/figure>\n\n\n\n<h3 class=\"wp-block-heading\">Fortalecen estrategia \u201cEl ABC de las Emociones\u201d<\/h3>\n\n\n\n<p class=\"wp-block-paragraph\">Durante la reuni\u00f3n tambi\u00e9n se revisaron los avances de la estrategia <strong>\u201cEl ABC de las Emociones\u201d<\/strong>, cuyo objetivo es fortalecer el bienestar socioemocional y el cuidado de la salud mental de adolescentes y j\u00f3venes.<\/p>\n\n\n\n<p class=\"wp-block-paragraph\">La subsecretaria de Educaci\u00f3n Media Superior, <strong>Tania Rodr\u00edguez Mora<\/strong>, inform\u00f3 que el programa estar\u00e1 dirigido particularmente a estudiantes de tercero de secundaria y de todo el bachillerato nacional.<\/p>\n\n\n\n<p class=\"wp-block-paragraph\">Como parte de la estrategia, la SEP distribuir\u00e1 <strong>16 millones de orientaciones impresas<\/strong>: 7.5 millones destinadas a estudiantes, 7.5 millones para madres y padres de familia y un mill\u00f3n para personal docente.<\/p>\n\n\n\n<p class=\"wp-block-paragraph\">A esta distribuci\u00f3n se sumar\u00e1n <strong>250 mil carteles<\/strong> con mensajes relacionados con el cuidado de la salud mental.<\/p>\n\n\n\n<p class=\"wp-block-paragraph\">Los materiales estar\u00e1n acompa\u00f1ados de actividades l\u00fadicas en las aulas, capacitaci\u00f3n y acompa\u00f1amiento para docentes, as\u00ed como acciones coordinadas con el sector salud, con la finalidad de proporcionar herramientas para identificar, prevenir y atender oportunamente situaciones que puedan afectar el bienestar emocional de los integrantes de las comunidades escolares.<\/p>\n\n\n\n<p class=\"wp-block-paragraph\">La SEP tambi\u00e9n inform\u00f3 que el portal <strong>\u201cEl ABC de las Emociones\u201d<\/strong> concentrar\u00e1 gu\u00edas digitales, intervenciones did\u00e1cticas y materiales adicionales que ser\u00e1n complementados durante el ciclo escolar.<\/p>\n\n\n\n<p class=\"wp-block-paragraph\">Finalmente, Rodr\u00edguez Mora anunci\u00f3 que <strong>a partir del 23 de septiembre<\/strong> se reforzar\u00e1 la presencia de servidores p\u00fablicos en las escuelas para acompa\u00f1ar actividades de lectura, reflexi\u00f3n y trabajo socioemocional.<\/p>\n","protected":false},"excerpt":{"rendered":"<p>Autoridades educativas de las 32 entidades revisaron propuestas para establecer reglas de acuerdo con la edad de los estudiantes, prevenir riesgos en redes sociales y fortalecer la participaci\u00f3n de las familias. CIUDAD DE M\u00c9XICO.- La Secretar\u00eda de Educaci\u00f3n P\u00fablica (SEP) inform\u00f3 que autoridades educativas de las 32 entidades del pa\u00eds<span class=\"more-link theme-more-link\"><a href=\"https:\/\/reporterosdelsur.org\/diario\/2026\/08\/sep-analiza-regular-uso-de-celulares-y-dispositivos-digitales-en-escuelas\/\">Leer Nota Complete<\/a><\/span><\/p>\n","protected":false},"author":1,"featured_media":58490,"comment_status":"open","ping_status":"open","sticky":false,"template":"","format":"standard","meta":{"footnotes":"","jetpack_publicize_message":"","jetpack_publicize_feature_enabled":true,"jetpack_social_post_already_shared":true,"jetpack_social_options":{"image_generator_settings":{"template":"highway","default_image_id":0,"font":"","enabled":false},"version":2}},"categories":[3],"tags":[1135,480,444,481,2175,1156,1210,38,564,333,1943,470,446],"class_list":["entry","author-admin","post-58489","post","type-post","status-publish","format-standard","has-post-thumbnail","category-mexico","tag-celulares","tag-economia","tag-escuelas","tag-finanzas","tag-gobierno-de-mexico","tag-internacionales","tag-nacionales","tag-noticias","tag-programas-sociales","tag-seguridad","tag-sep","tag-turismo","tag-viviendas"],"jetpack_publicize_connections":[],"featured_image_urls":{"full":["https:\/\/reporterosdelsur.org\/diario\/wp-content\/uploads\/2026\/08\/SEP.jpg",1365,1365,false],"thumbnail":["https:\/\/reporterosdelsur.org\/diario\/wp-content\/uploads\/2026\/08\/SEP-150x150.jpg",150,150,true],"medium":["https:\/\/reporterosdelsur.org\/diario\/wp-content\/uploads\/2026\/08\/SEP-300x300.jpg",300,300,true],"medium_large":["https:\/\/reporterosdelsur.org\/diario\/wp-content\/uploads\/2026\/08\/SEP-768x768.jpg",768,768,true],"large":["https:\/\/reporterosdelsur.org\/diario\/wp-content\/uploads\/2026\/08\/SEP-1024x1024.jpg",1024,1024,true],"1536x1536":["https:\/\/reporterosdelsur.org\/diario\/wp-content\/uploads\/2026\/08\/SEP.jpg",1365,1365,false],"2048x2048":["https:\/\/reporterosdelsur.org\/diario\/wp-content\/uploads\/2026\/08\/SEP.jpg",1365,1365,false],"ultp_layout_landscape_large":["https:\/\/reporterosdelsur.org\/diario\/wp-content\/uploads\/2026\/08\/SEP-1200x800.jpg",1200,800,true],"ultp_layout_landscape":["https:\/\/reporterosdelsur.org\/diario\/wp-content\/uploads\/2026\/08\/SEP-870x570.jpg",870,570,true],"ultp_layout_portrait":["https:\/\/reporterosdelsur.org\/diario\/wp-content\/uploads\/2026\/08\/SEP-600x900.jpg",600,900,true],"ultp_layout_square":["https:\/\/reporterosdelsur.org\/diario\/wp-content\/uploads\/2026\/08\/SEP-600x600.jpg",600,600,true],"hoot-medium-thumb":["https:\/\/reporterosdelsur.org\/diario\/wp-content\/uploads\/2026\/08\/SEP-460x400.jpg",460,400,true],"hoot-preview":["https:\/\/reporterosdelsur.org\/diario\/wp-content\/uploads\/2026\/08\/SEP-465x465.jpg",465,465,true],"hoot-preview-thumb":["https:\/\/reporterosdelsur.org\/diario\/wp-content\/uploads\/2026\/08\/SEP-465x550.jpg",465,550,true],"hoot-large-thumb":["https:\/\/reporterosdelsur.org\/diario\/wp-content\/uploads\/2026\/08\/SEP-690x550.jpg",690,550,true],"hoot-preview-large":["https:\/\/reporterosdelsur.org\/diario\/wp-content\/uploads\/2026\/08\/SEP-500x500.jpg",500,500,true],"hoot-wide-thumb":["https:\/\/reporterosdelsur.org\/diario\/wp-content\/uploads\/2026\/08\/SEP-920x425.jpg",920,425,true],"hoot-extra-wide-thumb":["https:\/\/reporterosdelsur.org\/diario\/wp-content\/uploads\/2026\/08\/SEP-1035x425.jpg",1035,425,true]},"author_info":{"display_name":"Reporteros del Sur","author_link":"https:\/\/reporterosdelsur.org\/diario\/author\/admin\/"},"category_info":"<a href=\"https:\/\/reporterosdelsur.org\/diario\/category\/mexico\/\" rel=\"category tag\">M\u00e9xico<\/a>","tag_info":"M\u00e9xico","comment_count":"0","_links":{"self":[{"href":"https:\/\/reporterosdelsur.org\/diario\/wp-json\/wp\/v2\/posts\/58489","targetHints":{"allow":["GET"]}}],"collection":[{"href":"https:\/\/reporterosdelsur.org\/diario\/wp-json\/wp\/v2\/posts"}],"about":[{"href":"https:\/\/reporterosdelsur.org\/diario\/wp-json\/wp\/v2\/types\/post"}],"author":[{"embeddable":true,"href":"https:\/\/reporterosdelsur.org\/diario\/wp-json\/wp\/v2\/users\/1"}],"replies":[{"embeddable":true,"href":"https:\/\/reporterosdelsur.org\/diario\/wp-json\/wp\/v2\/comments?post=58489"}],"version-history":[{"count":1,"href":"https:\/\/reporterosdelsur.org\/diario\/wp-json\/wp\/v2\/posts\/58489\/revisions"}],"predecessor-version":[{"id":58491,"href":"https:\/\/reporterosdelsur.org\/diario\/wp-json\/wp\/v2\/posts\/58489\/revisions\/58491"}],"wp:featuredmedia":[{"embeddable":true,"href":"https:\/\/reporterosdelsur.org\/diario\/wp-json\/wp\/v2\/media\/58490"}],"wp:attachment":[{"href":"https:\/\/reporterosdelsur.org\/diario\/wp-json\/wp\/v2\/media?parent=58489"}],"wp:term":[{"taxonomy":"category","embeddable":true,"href":"https:\/\/reporterosdelsur.org\/diario\/wp-json\/wp\/v2\/categories?post=58489"},{"taxonomy":"post_tag","embeddable":true,"href":"https:\/\/reporterosdelsur.org\/diario\/wp-json\/wp\/v2\/tags?post=58489"}],"curies":[{"name":"wp","href":"https:\/\/api.w.org\/{rel}","templated":true}]}}