{"id":58486,"date":"2026-08-30T06:21:53","date_gmt":"2026-08-30T12:21:53","guid":{"rendered":"https:\/\/reporterosdelsur.org\/diario\/?p=58486"},"modified":"2026-08-30T06:21:57","modified_gmt":"2026-08-30T12:21:57","slug":"yair-netanyahu-respalda-a-argentina-en-disputa-por-las-malvinas","status":"publish","type":"post","link":"https:\/\/reporterosdelsur.org\/diario\/2026\/08\/yair-netanyahu-respalda-a-argentina-en-disputa-por-las-malvinas\/","title":{"rendered":"Yair Netanyahu respalda a Argentina en disputa por las Malvinas"},"content":{"rendered":"\n<p class=\"wp-block-paragraph\"><strong>El hijo del primer ministro israel\u00ed, Benjam\u00edn Netanyahu, gener\u00f3 pol\u00e9mica al afirmar en redes sociales que las islas Malvinas pertenecen a Argentina, en medio de versiones sobre un eventual cambio en la postura de Estados Unidos respecto al reclamo de soberan\u00eda.<\/strong><\/p>\n\n\n\n<p class=\"wp-block-paragraph\">ISRAEL.- Yair Netanyahu, hijo del primer ministro de Israel, Benjam\u00edn Netanyahu, se pronunci\u00f3 este viernes sobre la disputa de soberan\u00eda entre Argentina y el Reino Unido por las islas Malvinas, luego de que trascendiera que Estados Unidos podr\u00eda reconsiderar su respaldo a la posici\u00f3n brit\u00e1nica sobre el archipi\u00e9lago.<\/p>\n\n\n\n<p class=\"wp-block-paragraph\">A trav\u00e9s de sus redes sociales, el activista pol\u00edtico israel\u00ed reaccion\u00f3 a un reporte sobre las posibles presiones de Washington a Londres y escribi\u00f3: <strong>\u201c\u00a1Las islas Maldivas pertenecen a Argentina!\u201d<\/strong>, confundiendo en su publicaci\u00f3n el nombre de las islas Malvinas con el de las Maldivas.<\/p>\n\n\n\n<p class=\"wp-block-paragraph\">El comentario surgi\u00f3 despu\u00e9s de que el diario brit\u00e1nico <em>The Telegraph<\/em> informara que Estados Unidos podr\u00eda dejar de respaldar la posici\u00f3n del Reino Unido sobre las Malvinas si el Gobierno brit\u00e1nico no incrementa de manera suficiente su gasto en defensa.<\/p>\n\n\n\n<figure class=\"wp-block-image size-large\"><img loading=\"lazy\" decoding=\"async\" width=\"1024\" height=\"577\" src=\"https:\/\/reporterosdelsur.org\/diario\/wp-content\/uploads\/2026\/08\/Israel-1024x577.png\" alt=\"\" class=\"wp-image-58487\" srcset=\"https:\/\/reporterosdelsur.org\/diario\/wp-content\/uploads\/2026\/08\/Israel-1024x577.png 1024w, https:\/\/reporterosdelsur.org\/diario\/wp-content\/uploads\/2026\/08\/Israel-300x169.png 300w, https:\/\/reporterosdelsur.org\/diario\/wp-content\/uploads\/2026\/08\/Israel-768x433.png 768w, https:\/\/reporterosdelsur.org\/diario\/wp-content\/uploads\/2026\/08\/Israel-465x262.png 465w, https:\/\/reporterosdelsur.org\/diario\/wp-content\/uploads\/2026\/08\/Israel-695x392.png 695w, https:\/\/reporterosdelsur.org\/diario\/wp-content\/uploads\/2026\/08\/Israel.png 1104w\" sizes=\"auto, (max-width: 1024px) 100vw, 1024px\" \/><\/figure>\n\n\n\n<p class=\"wp-block-paragraph\">De acuerdo con el reporte, un funcionario estadounidense se\u00f1al\u00f3 que las conversaciones entre Washington y Londres sobre el conflicto son \u201cfrancas\u201d y que <strong>\u201cno se descarta nada\u201d<\/strong>, lo que abri\u00f3 la posibilidad de modificaciones en la postura estadounidense sobre la disputa territorial.<\/p>\n\n\n\n<p class=\"wp-block-paragraph\">La declaraci\u00f3n de Yair Netanyahu ocurre en un contexto de estrechamiento de las relaciones entre los gobiernos de Argentina e Israel. En abril de 2026, el primer ministro israel\u00ed recibi\u00f3 en Jerusal\u00e9n al presidente argentino Javier Milei, a quien calific\u00f3 como <strong>\u201cun gran amigo del Estado de Israel\u201d<\/strong>.<\/p>\n\n\n\n<p class=\"wp-block-paragraph\">Durante aquel encuentro, ambos mandatarios ratificaron la alianza entre sus gobiernos, mientras Milei la describi\u00f3 como una <strong>\u201cuni\u00f3n moral, espiritual y pol\u00edtica\u201d<\/strong>.<\/p>\n\n\n\n<h3 class=\"wp-block-heading\">Disputa hist\u00f3rica<\/h3>\n\n\n\n<p class=\"wp-block-paragraph\">Argentina mantiene su reclamo de soberan\u00eda sobre las islas Malvinas, Georgias del Sur y Sandwich del Sur, adem\u00e1s de los espacios mar\u00edtimos circundantes. El conflicto se remonta al siglo XIX y tuvo su episodio militar m\u00e1s importante en 1982, cuando Argentina y el Reino Unido se enfrentaron en una guerra que termin\u00f3 con la derrota argentina.<\/p>\n\n\n\n<p class=\"wp-block-paragraph\">Buenos Aires sostiene que las islas forman parte de su territorio y reclama una soluci\u00f3n negociada con el Reino Unido. Londres, en cambio, mantiene que su soberan\u00eda sobre el archipi\u00e9lago no est\u00e1 en discusi\u00f3n y defiende el principio de autodeterminaci\u00f3n de los habitantes de las islas.<\/p>\n\n\n\n<h3 class=\"wp-block-heading\">Agresi\u00f3n contra palestina y periodistas<\/h3>\n\n\n\n<p class=\"wp-block-paragraph\">En otro hecho ocurrido en la regi\u00f3n, un grupo de colonos israel\u00edes enmascarados atac\u00f3 con palos y piedras a una mujer palestina y a tres integrantes de un equipo de NBC News en la localidad de Jalud, al norte de Cisjordania ocupada.<\/p>\n\n\n\n<figure class=\"wp-block-embed is-type-rich is-provider-x wp-block-embed-x\"><div class=\"wp-block-embed__wrapper\">\n<blockquote class=\"twitter-tweet\" data-width=\"550\" data-dnt=\"true\"><p lang=\"en\" dir=\"ltr\">\ud83d\udea8\ud83c\uddee\ud83c\uddf1 WATCH: The moment an NBC news crew is attacked by Israeli settlers in the West Bank <br><br>\u201cThey jumped out, beat us, then jumped back in the car\u201d<br><br>[<a href=\"https:\/\/x.com\/NBCNews?ref_src=twsrc%5Etfw\">@NBCNews<\/a>] <a href=\"https:\/\/t.co\/isHZW5cz0Z\">pic.twitter.com\/isHZW5cz0Z<\/a><\/p>&mdash; Politics Global (@PolitlcsGlobal) <a href=\"https:\/\/x.com\/PolitlcsGlobal\/status\/2093817461283946698?ref_src=twsrc%5Etfw\">August 29, 2026<\/a><\/blockquote><script async src=\"https:\/\/platform.x.com\/widgets.js\" charset=\"utf-8\"><\/script>\n<\/div><\/figure>\n\n\n\n<p class=\"wp-block-paragraph\">La mujer, identificada como <strong>Aida Ahmed Abdullah, de 51 a\u00f1os<\/strong>, hab\u00eda relatado al equipo period\u00edstico que fue expulsada de su vivienda por colonos israel\u00edes. Tras la entrevista, ella y los tres periodistas fueron agredidos y resultaron heridos, por lo que recibieron atenci\u00f3n m\u00e9dica.<\/p>\n\n\n\n<p class=\"wp-block-paragraph\">El incidente se suma a las tensiones que persisten en Cisjordania, en un contexto marcado por enfrentamientos y denuncias de violencia entre palestinos, colonos israel\u00edes y fuerzas de seguridad.<\/p>\n","protected":false},"excerpt":{"rendered":"<p>El hijo del primer ministro israel\u00ed, Benjam\u00edn Netanyahu, gener\u00f3 pol\u00e9mica al afirmar en redes sociales que las islas Malvinas pertenecen a Argentina, en medio de versiones sobre un eventual cambio en la postura de Estados Unidos respecto al reclamo de soberan\u00eda. ISRAEL.- Yair Netanyahu, hijo del primer ministro de Israel,<span class=\"more-link theme-more-link\"><a href=\"https:\/\/reporterosdelsur.org\/diario\/2026\/08\/yair-netanyahu-respalda-a-argentina-en-disputa-por-las-malvinas\/\">Leer Nota Complete<\/a><\/span><\/p>\n","protected":false},"author":1,"featured_media":58487,"comment_status":"open","ping_status":"open","sticky":false,"template":"","format":"standard","meta":{"footnotes":"","jetpack_publicize_message":"","jetpack_publicize_feature_enabled":true,"jetpack_social_post_already_shared":true,"jetpack_social_options":{"image_generator_settings":{"template":"highway","default_image_id":0,"font":"","enabled":false},"version":2}},"categories":[4],"tags":[480,1346,146,481,101,1077,1114,1156,1213,1378,1402,71,38,32,666,333],"class_list":["entry","author-admin","post-58486","post","type-post","status-publish","format-standard","has-post-thumbnail","category-mundo","tag-economia","tag-energeticos","tag-eu","tag-finanzas","tag-gas","tag-gobiernos","tag-guerras","tag-internacionales","tag-israel","tag-libano","tag-medio-oriente","tag-mundo","tag-noticias","tag-petroleo","tag-politica-2","tag-seguridad"],"jetpack_publicize_connections":[],"featured_image_urls":{"full":["https:\/\/reporterosdelsur.org\/diario\/wp-content\/uploads\/2026\/08\/Israel.png",1104,622,false],"thumbnail":["https:\/\/reporterosdelsur.org\/diario\/wp-content\/uploads\/2026\/08\/Israel-150x150.png",150,150,true],"medium":["https:\/\/reporterosdelsur.org\/diario\/wp-content\/uploads\/2026\/08\/Israel-300x169.png",300,169,true],"medium_large":["https:\/\/reporterosdelsur.org\/diario\/wp-content\/uploads\/2026\/08\/Israel-768x433.png",768,433,true],"large":["https:\/\/reporterosdelsur.org\/diario\/wp-content\/uploads\/2026\/08\/Israel-1024x577.png",1024,577,true],"1536x1536":["https:\/\/reporterosdelsur.org\/diario\/wp-content\/uploads\/2026\/08\/Israel.png",1104,622,false],"2048x2048":["https:\/\/reporterosdelsur.org\/diario\/wp-content\/uploads\/2026\/08\/Israel.png",1104,622,false],"ultp_layout_landscape_large":["https:\/\/reporterosdelsur.org\/diario\/wp-content\/uploads\/2026\/08\/Israel.png",1104,622,false],"ultp_layout_landscape":["https:\/\/reporterosdelsur.org\/diario\/wp-content\/uploads\/2026\/08\/Israel-870x570.png",870,570,true],"ultp_layout_portrait":["https:\/\/reporterosdelsur.org\/diario\/wp-content\/uploads\/2026\/08\/Israel-600x622.png",600,622,true],"ultp_layout_square":["https:\/\/reporterosdelsur.org\/diario\/wp-content\/uploads\/2026\/08\/Israel-600x600.png",600,600,true],"hoot-medium-thumb":["https:\/\/reporterosdelsur.org\/diario\/wp-content\/uploads\/2026\/08\/Israel-460x400.png",460,400,true],"hoot-preview":["https:\/\/reporterosdelsur.org\/diario\/wp-content\/uploads\/2026\/08\/Israel-465x262.png",465,262,true],"hoot-preview-thumb":["https:\/\/reporterosdelsur.org\/diario\/wp-content\/uploads\/2026\/08\/Israel-465x550.png",465,550,true],"hoot-large-thumb":["https:\/\/reporterosdelsur.org\/diario\/wp-content\/uploads\/2026\/08\/Israel-690x550.png",690,550,true],"hoot-preview-large":["https:\/\/reporterosdelsur.org\/diario\/wp-content\/uploads\/2026\/08\/Israel-695x392.png",695,392,true],"hoot-wide-thumb":["https:\/\/reporterosdelsur.org\/diario\/wp-content\/uploads\/2026\/08\/Israel-920x425.png",920,425,true],"hoot-extra-wide-thumb":["https:\/\/reporterosdelsur.org\/diario\/wp-content\/uploads\/2026\/08\/Israel-1035x425.png",1035,425,true]},"author_info":{"display_name":"Reporteros del Sur","author_link":"https:\/\/reporterosdelsur.org\/diario\/author\/admin\/"},"category_info":"<a href=\"https:\/\/reporterosdelsur.org\/diario\/category\/mundo\/\" rel=\"category tag\">Mundo<\/a>","tag_info":"Mundo","comment_count":"0","_links":{"self":[{"href":"https:\/\/reporterosdelsur.org\/diario\/wp-json\/wp\/v2\/posts\/58486","targetHints":{"allow":["GET"]}}],"collection":[{"href":"https:\/\/reporterosdelsur.org\/diario\/wp-json\/wp\/v2\/posts"}],"about":[{"href":"https:\/\/reporterosdelsur.org\/diario\/wp-json\/wp\/v2\/types\/post"}],"author":[{"embeddable":true,"href":"https:\/\/reporterosdelsur.org\/diario\/wp-json\/wp\/v2\/users\/1"}],"replies":[{"embeddable":true,"href":"https:\/\/reporterosdelsur.org\/diario\/wp-json\/wp\/v2\/comments?post=58486"}],"version-history":[{"count":1,"href":"https:\/\/reporterosdelsur.org\/diario\/wp-json\/wp\/v2\/posts\/58486\/revisions"}],"predecessor-version":[{"id":58488,"href":"https:\/\/reporterosdelsur.org\/diario\/wp-json\/wp\/v2\/posts\/58486\/revisions\/58488"}],"wp:featuredmedia":[{"embeddable":true,"href":"https:\/\/reporterosdelsur.org\/diario\/wp-json\/wp\/v2\/media\/58487"}],"wp:attachment":[{"href":"https:\/\/reporterosdelsur.org\/diario\/wp-json\/wp\/v2\/media?parent=58486"}],"wp:term":[{"taxonomy":"category","embeddable":true,"href":"https:\/\/reporterosdelsur.org\/diario\/wp-json\/wp\/v2\/categories?post=58486"},{"taxonomy":"post_tag","embeddable":true,"href":"https:\/\/reporterosdelsur.org\/diario\/wp-json\/wp\/v2\/tags?post=58486"}],"curies":[{"name":"wp","href":"https:\/\/api.w.org\/{rel}","templated":true}]}}