{"id":55560,"date":"2026-07-28T16:20:29","date_gmt":"2026-07-28T22:20:29","guid":{"rendered":"https:\/\/reporterosdelsur.org\/diario\/?p=55560"},"modified":"2026-07-28T16:20:33","modified_gmt":"2026-07-28T22:20:33","slug":"fiscalia-de-tabasco-nombra-a-irasema-gomez-hipolito-como-directora-del-centro-de-justicia-para-las-mujeres","status":"publish","type":"post","link":"https:\/\/reporterosdelsur.org\/diario\/2026\/07\/fiscalia-de-tabasco-nombra-a-irasema-gomez-hipolito-como-directora-del-centro-de-justicia-para-las-mujeres\/","title":{"rendered":"Fiscal\u00eda de Tabasco nombra a Irasema G\u00f3mez Hip\u00f3lito como directora del Centro de Justicia para las Mujeres"},"content":{"rendered":"\n<p class=\"wp-block-paragraph\"><strong>TABASCO.-<\/strong> Con el objetivo de fortalecer la atenci\u00f3n integral a mujeres v\u00edctimas de violencia, el fiscal general del Estado, <strong>\u00d3scar Tonathiu V\u00e1zquez Landeros<\/strong>, design\u00f3 a <strong>Irasema G\u00f3mez Hip\u00f3lito<\/strong> como directora del <strong>Centro de Justicia para las Mujeres (CEJUM)<\/strong> en Tabasco.<\/p>\n\n\n\n<p class=\"wp-block-paragraph\">El nombramiento se da en el marco de la reforma a la <strong>Ley Org\u00e1nica de la Fiscal\u00eda General del Estado de Tabasco (FGET)<\/strong>, aprobada por el Congreso local el pasado <strong>9 de abril de 2026<\/strong>, mediante la cual se adicionaron los art\u00edculos 19 A y 19 B para reconocer jur\u00eddicamente al antes denominado Centro de Justicia, Empoderamiento e Igualdad para las Mujeres como una unidad administrativa de la Fiscal\u00eda, adoptando oficialmente el nombre de <strong>Centro de Justicia para las Mujeres en el Estado de Tabasco<\/strong>.<\/p>\n\n\n\n<p class=\"wp-block-paragraph\">La FGET inform\u00f3 que, mientras se realizan las adecuaciones administrativas y operativas derivadas del decreto, el CEJUM mantiene la prestaci\u00f3n de sus servicios a trav\u00e9s de los m\u00f3dulos de atenci\u00f3n inicial, as\u00ed como de las \u00e1reas jur\u00eddica y de psicolog\u00eda, con el prop\u00f3sito de garantizar el acompa\u00f1amiento y la protecci\u00f3n de las v\u00edctimas.<\/p>\n\n\n\n<figure class=\"wp-block-image size-full\"><img loading=\"lazy\" decoding=\"async\" width=\"991\" height=\"743\" src=\"https:\/\/reporterosdelsur.org\/diario\/wp-content\/uploads\/2026\/07\/fge-3-3.jpeg\" alt=\"\" class=\"wp-image-55562\" srcset=\"https:\/\/reporterosdelsur.org\/diario\/wp-content\/uploads\/2026\/07\/fge-3-3.jpeg 991w, https:\/\/reporterosdelsur.org\/diario\/wp-content\/uploads\/2026\/07\/fge-3-3-300x225.jpeg 300w, https:\/\/reporterosdelsur.org\/diario\/wp-content\/uploads\/2026\/07\/fge-3-3-768x576.jpeg 768w, https:\/\/reporterosdelsur.org\/diario\/wp-content\/uploads\/2026\/07\/fge-3-3-465x349.jpeg 465w, https:\/\/reporterosdelsur.org\/diario\/wp-content\/uploads\/2026\/07\/fge-3-3-667x500.jpeg 667w\" sizes=\"auto, (max-width: 991px) 100vw, 991px\" \/><\/figure>\n\n\n\n<h2 class=\"wp-block-heading\">Amplia trayectoria en procuraci\u00f3n de justicia<\/h2>\n\n\n\n<p class=\"wp-block-paragraph\">Al frente de esta nueva etapa del CEJUM estar\u00e1 la licenciada en Derecho <strong>Irasema G\u00f3mez Hip\u00f3lito<\/strong>, egresada de la <strong>Benem\u00e9rita Universidad Aut\u00f3noma de Puebla<\/strong>, quien cuenta con experiencia como abogada litigante en las materias penal, civil, administrativa y de amparo.<\/p>\n\n\n\n<p class=\"wp-block-paragraph\">A lo largo de su carrera profesional ha desempe\u00f1ado funciones en la <strong>Procuradur\u00eda General de Justicia del Estado de Chiapas<\/strong>, la <strong>Procuradur\u00eda General de la Rep\u00fablica<\/strong>, en sus delegaciones de Chiapas y Oaxaca, as\u00ed como en la <strong>Fiscal\u00eda General del Estado de Tabasco<\/strong>, donde ha desarrollado labores relacionadas con la procuraci\u00f3n de justicia.<\/p>\n\n\n\n<figure class=\"wp-block-image size-large\"><img loading=\"lazy\" decoding=\"async\" width=\"768\" height=\"1024\" src=\"https:\/\/reporterosdelsur.org\/diario\/wp-content\/uploads\/2026\/07\/fge-2-5-768x1024.jpeg\" alt=\"\" class=\"wp-image-55563\" srcset=\"https:\/\/reporterosdelsur.org\/diario\/wp-content\/uploads\/2026\/07\/fge-2-5-768x1024.jpeg 768w, https:\/\/reporterosdelsur.org\/diario\/wp-content\/uploads\/2026\/07\/fge-2-5-225x300.jpeg 225w, https:\/\/reporterosdelsur.org\/diario\/wp-content\/uploads\/2026\/07\/fge-2-5-413x550.jpeg 413w, https:\/\/reporterosdelsur.org\/diario\/wp-content\/uploads\/2026\/07\/fge-2-5-375x500.jpeg 375w, https:\/\/reporterosdelsur.org\/diario\/wp-content\/uploads\/2026\/07\/fge-2-5.jpeg 864w\" sizes=\"auto, (max-width: 768px) 100vw, 768px\" \/><\/figure>\n\n\n\n<p class=\"wp-block-paragraph\">Adem\u00e1s, su formaci\u00f3n acad\u00e9mica incluye cursos, talleres, seminarios y diplomados en derechos humanos, atenci\u00f3n a v\u00edctimas del delito, equidad y g\u00e9nero, t\u00e9cnicas de investigaci\u00f3n jur\u00eddica, t\u00e9cnicas de entrevista, sistema penal acusatorio y juicios orales, entre otras especialidades vinculadas con la protecci\u00f3n de los derechos de las mujeres.<\/p>\n\n\n\n<p class=\"wp-block-paragraph\">Con esta designaci\u00f3n, la Fiscal\u00eda General del Estado busca consolidar el fortalecimiento institucional del CEJUM y ampliar la capacidad de atenci\u00f3n a mujeres que enfrentan situaciones de violencia, mediante un modelo de acompa\u00f1amiento jur\u00eddico, psicol\u00f3gico y especializado que contribuya a garantizar el acceso a la justicia y la protecci\u00f3n de sus derechos.<\/p>\n","protected":false},"excerpt":{"rendered":"<p>TABASCO.- Con el objetivo de fortalecer la atenci\u00f3n integral a mujeres v\u00edctimas de violencia, el fiscal general del Estado, \u00d3scar Tonathiu V\u00e1zquez Landeros, design\u00f3 a Irasema G\u00f3mez Hip\u00f3lito como directora del Centro de Justicia para las Mujeres (CEJUM) en Tabasco. El nombramiento se da en el marco de la reforma<span class=\"more-link theme-more-link\"><a href=\"https:\/\/reporterosdelsur.org\/diario\/2026\/07\/fiscalia-de-tabasco-nombra-a-irasema-gomez-hipolito-como-directora-del-centro-de-justicia-para-las-mujeres\/\">Leer Nota Complete<\/a><\/span><\/p>\n","protected":false},"author":1,"featured_media":55561,"comment_status":"open","ping_status":"open","sticky":false,"template":"","format":"standard","meta":{"footnotes":"","jetpack_publicize_message":"","jetpack_publicize_feature_enabled":true,"jetpack_social_post_already_shared":true,"jetpack_social_options":{"image_generator_settings":{"template":"highway","default_image_id":0,"font":"","enabled":false},"version":2}},"categories":[2],"tags":[694,982,371,507,1355,491,384,38,372,132,459,333,34],"class_list":["entry","author-admin","post-55560","post","type-post","status-publish","format-standard","has-post-thumbnail","category-tabasco","tag-extorsion","tag-fgr-tabasco","tag-gn","tag-justicia","tag-llamadas-telefonicas","tag-marina","tag-mujeres","tag-noticias","tag-operativos","tag-secuestro","tag-sedena","tag-seguridad","tag-villahermosa"],"jetpack_publicize_connections":[],"featured_image_urls":{"full":["https:\/\/reporterosdelsur.org\/diario\/wp-content\/uploads\/2026\/07\/fge-1-6.jpeg",1600,900,false],"thumbnail":["https:\/\/reporterosdelsur.org\/diario\/wp-content\/uploads\/2026\/07\/fge-1-6-150x150.jpeg",150,150,true],"medium":["https:\/\/reporterosdelsur.org\/diario\/wp-content\/uploads\/2026\/07\/fge-1-6-300x169.jpeg",300,169,true],"medium_large":["https:\/\/reporterosdelsur.org\/diario\/wp-content\/uploads\/2026\/07\/fge-1-6-768x432.jpeg",768,432,true],"large":["https:\/\/reporterosdelsur.org\/diario\/wp-content\/uploads\/2026\/07\/fge-1-6-1024x576.jpeg",1024,576,true],"1536x1536":["https:\/\/reporterosdelsur.org\/diario\/wp-content\/uploads\/2026\/07\/fge-1-6-1536x864.jpeg",1536,864,true],"2048x2048":["https:\/\/reporterosdelsur.org\/diario\/wp-content\/uploads\/2026\/07\/fge-1-6.jpeg",1600,900,false],"ultp_layout_landscape_large":["https:\/\/reporterosdelsur.org\/diario\/wp-content\/uploads\/2026\/07\/fge-1-6-1200x800.jpeg",1200,800,true],"ultp_layout_landscape":["https:\/\/reporterosdelsur.org\/diario\/wp-content\/uploads\/2026\/07\/fge-1-6-870x570.jpeg",870,570,true],"ultp_layout_portrait":["https:\/\/reporterosdelsur.org\/diario\/wp-content\/uploads\/2026\/07\/fge-1-6-600x900.jpeg",600,900,true],"ultp_layout_square":["https:\/\/reporterosdelsur.org\/diario\/wp-content\/uploads\/2026\/07\/fge-1-6-600x600.jpeg",600,600,true],"hoot-medium-thumb":["https:\/\/reporterosdelsur.org\/diario\/wp-content\/uploads\/2026\/07\/fge-1-6-460x400.jpeg",460,400,true],"hoot-preview":["https:\/\/reporterosdelsur.org\/diario\/wp-content\/uploads\/2026\/07\/fge-1-6-465x262.jpeg",465,262,true],"hoot-preview-thumb":["https:\/\/reporterosdelsur.org\/diario\/wp-content\/uploads\/2026\/07\/fge-1-6-465x550.jpeg",465,550,true],"hoot-large-thumb":["https:\/\/reporterosdelsur.org\/diario\/wp-content\/uploads\/2026\/07\/fge-1-6-690x550.jpeg",690,550,true],"hoot-preview-large":["https:\/\/reporterosdelsur.org\/diario\/wp-content\/uploads\/2026\/07\/fge-1-6-695x391.jpeg",695,391,true],"hoot-wide-thumb":["https:\/\/reporterosdelsur.org\/diario\/wp-content\/uploads\/2026\/07\/fge-1-6-920x425.jpeg",920,425,true],"hoot-extra-wide-thumb":["https:\/\/reporterosdelsur.org\/diario\/wp-content\/uploads\/2026\/07\/fge-1-6-1035x425.jpeg",1035,425,true]},"author_info":{"display_name":"Reporteros del Sur","author_link":"https:\/\/reporterosdelsur.org\/diario\/author\/admin\/"},"category_info":"<a href=\"https:\/\/reporterosdelsur.org\/diario\/category\/tabasco\/\" rel=\"category tag\">Tabasco<\/a>","tag_info":"Tabasco","comment_count":"0","_links":{"self":[{"href":"https:\/\/reporterosdelsur.org\/diario\/wp-json\/wp\/v2\/posts\/55560","targetHints":{"allow":["GET"]}}],"collection":[{"href":"https:\/\/reporterosdelsur.org\/diario\/wp-json\/wp\/v2\/posts"}],"about":[{"href":"https:\/\/reporterosdelsur.org\/diario\/wp-json\/wp\/v2\/types\/post"}],"author":[{"embeddable":true,"href":"https:\/\/reporterosdelsur.org\/diario\/wp-json\/wp\/v2\/users\/1"}],"replies":[{"embeddable":true,"href":"https:\/\/reporterosdelsur.org\/diario\/wp-json\/wp\/v2\/comments?post=55560"}],"version-history":[{"count":1,"href":"https:\/\/reporterosdelsur.org\/diario\/wp-json\/wp\/v2\/posts\/55560\/revisions"}],"predecessor-version":[{"id":55564,"href":"https:\/\/reporterosdelsur.org\/diario\/wp-json\/wp\/v2\/posts\/55560\/revisions\/55564"}],"wp:featuredmedia":[{"embeddable":true,"href":"https:\/\/reporterosdelsur.org\/diario\/wp-json\/wp\/v2\/media\/55561"}],"wp:attachment":[{"href":"https:\/\/reporterosdelsur.org\/diario\/wp-json\/wp\/v2\/media?parent=55560"}],"wp:term":[{"taxonomy":"category","embeddable":true,"href":"https:\/\/reporterosdelsur.org\/diario\/wp-json\/wp\/v2\/categories?post=55560"},{"taxonomy":"post_tag","embeddable":true,"href":"https:\/\/reporterosdelsur.org\/diario\/wp-json\/wp\/v2\/tags?post=55560"}],"curies":[{"name":"wp","href":"https:\/\/api.w.org\/{rel}","templated":true}]}}