{"id":48307,"date":"2026-05-03T20:36:03","date_gmt":"2026-05-04T02:36:03","guid":{"rendered":"https:\/\/reporterosdelsur.org\/diario\/?p=48307"},"modified":"2026-05-03T20:36:03","modified_gmt":"2026-05-04T02:36:03","slug":"cronica-en-stands-municipales-resaltan-marcas-con-tradicion-junto-a-emprendimientos-comunitarios","status":"publish","type":"post","link":"https:\/\/reporterosdelsur.org\/diario\/2026\/05\/cronica-en-stands-municipales-resaltan-marcas-con-tradicion-junto-a-emprendimientos-comunitarios\/","title":{"rendered":"Cr\u00f3nica: En stands municipales, resaltan marcas con tradici\u00f3n junto a emprendimientos comunitarios\u2026"},"content":{"rendered":"\n<p class=\"wp-block-paragraph\"><strong>Escobas \u201cGuamillo\u201d, hechas por mujeres del poblado Netzahualc\u00f3yotl, rescata una tradici\u00f3n a punto de extinguirse; la bebida embotellada \u201cCocuni\u201d, por productores del puerto de S\u00e1nchez Magallanes, aprovecha un recurso natural abundante en la zona<\/strong><\/p>\n\n\n\n<p class=\"has-text-align-center wp-block-paragraph\"><strong>VILLAHERMOSA, TAB<\/strong><\/p>\n\n\n\n<p class=\"wp-block-paragraph\">Para inaugurar los primeros dos stands de la Feria Tabasco 2026, los organizadores de la &#8216;Fiesta del Pueblo&#8217; eligieron cambiar el tradicional list\u00f3n rojo por una impresionante tira color blanca de ocho metros de largo.<\/p>\n\n\n\n<p class=\"wp-block-paragraph\">La primera que cortar\u00edan el Gobernador de Tabasco, Javier May Rodr\u00edguez, acompa\u00f1ado de la presidenta honoraria del DIF Tabasco, Aurora Raleigh de la Cruz; la presidenta municipal del municipio anfitri\u00f3n, Beatriz Casta\u00f1\u00f3n F\u00e9lix; y la Flor Tabasco 2026, Mar\u00eda Jos\u00e9 Hern\u00e1ndez Vera, junto con los dem\u00e1s invitados, ser\u00eda por el orden alfab\u00e9tico acostumbrado, la del pabell\u00f3n de Balanc\u00e1n.<\/p>\n\n\n\n<p class=\"wp-block-paragraph\">Frente al acceso, la comitiva se encontr\u00f3 con los tentadores sabores y olores de una vianda de quesos, penchuques (tortillas) de shish de chicharr\u00f3n, merengues, tostadas de pozol, una variedad de tamalitos de frijol, pollo colorado y chaya, pozol en j\u00edcara y conservas de toronja, pero primero lo primero: conocer lo que produce este municipio de los R\u00edos.<\/p>\n\n\n\n<figure class=\"wp-block-image size-large\"><img loading=\"lazy\" decoding=\"async\" width=\"1024\" height=\"682\" src=\"https:\/\/reporterosdelsur.org\/diario\/wp-content\/uploads\/cro4-1-1024x682.jpeg\" alt=\"\" class=\"wp-image-48309\" srcset=\"https:\/\/reporterosdelsur.org\/diario\/wp-content\/uploads\/cro4-1-1024x682.jpeg 1024w, https:\/\/reporterosdelsur.org\/diario\/wp-content\/uploads\/cro4-1-300x200.jpeg 300w, https:\/\/reporterosdelsur.org\/diario\/wp-content\/uploads\/cro4-1-768x512.jpeg 768w, https:\/\/reporterosdelsur.org\/diario\/wp-content\/uploads\/cro4-1-1200x800.jpeg 1200w, https:\/\/reporterosdelsur.org\/diario\/wp-content\/uploads\/cro4-1-465x310.jpeg 465w, https:\/\/reporterosdelsur.org\/diario\/wp-content\/uploads\/cro4-1-695x463.jpeg 695w, https:\/\/reporterosdelsur.org\/diario\/wp-content\/uploads\/cro4-1.jpeg 1280w\" sizes=\"auto, (max-width: 1024px) 100vw, 1024px\" \/><\/figure>\n\n\n\n<p class=\"wp-block-paragraph\">Bien pronto los visitantes supieron que ya se prepara la Ruta del Queso de Poro Artesanal, donde se podr\u00e1 saborear el producto que ha dado fama a la regi\u00f3n recorriendo sus 24 queser\u00edas, 14 de las cuales poseen una f\u00e1brica en la cabecera municipal, y el resto se encuentra en las rancher\u00edas de los productores.<\/p>\n\n\n\n<p class=\"wp-block-paragraph\">May Rodr\u00edguez degust\u00f3 los quesos de \u201cEl Tigre\u201d, reconociendo que \u201cest\u00e1n muy sabrosos\u201d y recomend\u00e1ndole a probarlos a la presidenta honoraria del DIF Tabasco.<\/p>\n\n\n\n<p class=\"wp-block-paragraph\">El quesero de tercera generaci\u00f3n, Francisco Gonz\u00e1lez, nieto de Ambrosio Gonz\u00e1lez, fundador de la marca, agradeci\u00f3 al mandatario la visita y le explic\u00f3 que actualmente cuentan con tres f\u00e1bricas, dos en la cabecera municipal y una en el rancho.<\/p>\n\n\n\n<figure class=\"wp-block-image size-large\"><img loading=\"lazy\" decoding=\"async\" width=\"1024\" height=\"682\" src=\"https:\/\/reporterosdelsur.org\/diario\/wp-content\/uploads\/cro3-1-1024x682.jpeg\" alt=\"\" class=\"wp-image-48311\" srcset=\"https:\/\/reporterosdelsur.org\/diario\/wp-content\/uploads\/cro3-1-1024x682.jpeg 1024w, https:\/\/reporterosdelsur.org\/diario\/wp-content\/uploads\/cro3-1-300x200.jpeg 300w, https:\/\/reporterosdelsur.org\/diario\/wp-content\/uploads\/cro3-1-768x512.jpeg 768w, https:\/\/reporterosdelsur.org\/diario\/wp-content\/uploads\/cro3-1-1200x800.jpeg 1200w, https:\/\/reporterosdelsur.org\/diario\/wp-content\/uploads\/cro3-1-465x310.jpeg 465w, https:\/\/reporterosdelsur.org\/diario\/wp-content\/uploads\/cro3-1-695x463.jpeg 695w, https:\/\/reporterosdelsur.org\/diario\/wp-content\/uploads\/cro3-1.jpeg 1280w\" sizes=\"auto, (max-width: 1024px) 100vw, 1024px\" \/><\/figure>\n\n\n\n<p class=\"wp-block-paragraph\">Al avanzar, los visitantes se encontraron con una r\u00e9plica da la colorida iglesia del Se\u00f1or de Tila y cerca de un campo de girasoles hecho de papel, nada m\u00e1s apropiado que encontrar una variedad de frascos de diferentes tonalidades con la etiqueta \u201cYosi miel\u201d, una marca con 15 a\u00f1os de presencia en el mercado mielero, seg\u00fan explic\u00f3 don H\u00e9ctor Capetillo al mostrar sus productos.<\/p>\n\n\n\n<p class=\"wp-block-paragraph\">Al orgulloso y esforzado apicultor le dio gusto confirmar que el mandatario sabe mucho de abejas y le agradeci\u00f3 que lo invitaran a exponer su miel enchilada, pensada para acompa\u00f1ar con queso, y su miel en penca, sobre la misma cera como la produce la comuna, entre otras innovaciones. Capetillo le dijo al mandatario que gracias a los programas Sembrando Vida federal y estatal, emprendimientos como el suyo se ven beneficiados, pues gracias a los cultivos frutales, la miel adquiere m\u00e1s valor agregado.&nbsp;<\/p>\n\n\n\n<p class=\"wp-block-paragraph\">Cuando May Rodr\u00edguez vio las hacedoras de las escobas \u201cGuamillo\u201d, exhibiendo su producto, las sonrisas se dibujaron al acercarse. Parec\u00eda como si fuera ayer, aunque ya hab\u00edan pasado varios meses, que ellas visitaron la Jornada de Atenci\u00f3n celebrada en su propia comunidad, para dar a conocer su emprendimiento al mandatario. \u201cNo hemos parado, hemos estado trabajando desde entonces\u201d, saludaron.<\/p>\n\n\n\n<p class=\"wp-block-paragraph\">En esta ocasi\u00f3n, ellas agradecieron al mandatario todo el apoyo que han recibido a trav\u00e9s de la Secretar\u00eda de Turismo y Desarrollo Econ\u00f3mico. Y le explicaron que el nombre de las escobas es una mezcla de dos palabras con las que se elaboran estas efectivas escobas: el \u00e1rbol del gu\u00e1simo y el maimillo. Y las elaboran con sus propias manos, de ah\u00ed las breves palabras que dijo la alcaldesa balancanense como invitaci\u00f3n a visitar el pabell\u00f3n: \u201cSean cordialmente bienvenidos a nuestro stand, donde podemos mostrar la mano de nuestros artesanos\u201d.<\/p>\n\n\n\n<p class=\"wp-block-paragraph\">Las emprendedoras explicaron que las escobas son hechas con material artesanal, cien por ciento natural, al tiempo que rescatan \u201cuna tradici\u00f3n que se hab\u00eda estado dejando en el abandono, con la llegada de nuevos productos, pr\u00e1cticamente se hab\u00eda estado olvidando este tipo de artesan\u00eda\u201d.<\/p>\n\n\n\n<p class=\"wp-block-paragraph\">El mandatario dej\u00f3 el pabell\u00f3n con una promesa: \u201cNos vemos all\u00e1 en julio para el Festival del Queso\u201d, y pas\u00f3 en el segundo d\u00eda de la Feria a inaugurar el espacio del otro municipio anfitri\u00f3n, C\u00e1rdenas. Ya nadie se extra\u00f1\u00f3 del list\u00f3 rojo, destacando que esta tira es m\u00e1s elegante y contiene los logos del municipio anfitri\u00f3n y del Gobierno del Pueblo.<\/p>\n\n\n\n<p class=\"wp-block-paragraph\">Ya los estaban esperando el presidente municipal, Euclides Alejandro Alejandro, acompa\u00f1ado de la embajadora de ese municipio.<\/p>\n\n\n\n<p class=\"wp-block-paragraph\">En el interior, los visitantes se encontraron con marcas y emprendimientos con muchos a\u00f1os, al lado de nuevos rostros que el Gobierno del Pueblo invit\u00f3 para darse a conocer.<\/p>\n\n\n\n<figure class=\"wp-block-image size-large\"><img loading=\"lazy\" decoding=\"async\" width=\"1024\" height=\"682\" src=\"https:\/\/reporterosdelsur.org\/diario\/wp-content\/uploads\/cro2-1-1024x682.jpeg\" alt=\"\" class=\"wp-image-48310\" srcset=\"https:\/\/reporterosdelsur.org\/diario\/wp-content\/uploads\/cro2-1-1024x682.jpeg 1024w, https:\/\/reporterosdelsur.org\/diario\/wp-content\/uploads\/cro2-1-300x200.jpeg 300w, https:\/\/reporterosdelsur.org\/diario\/wp-content\/uploads\/cro2-1-768x512.jpeg 768w, https:\/\/reporterosdelsur.org\/diario\/wp-content\/uploads\/cro2-1-1200x800.jpeg 1200w, https:\/\/reporterosdelsur.org\/diario\/wp-content\/uploads\/cro2-1-465x310.jpeg 465w, https:\/\/reporterosdelsur.org\/diario\/wp-content\/uploads\/cro2-1-695x463.jpeg 695w, https:\/\/reporterosdelsur.org\/diario\/wp-content\/uploads\/cro2-1.jpeg 1280w\" sizes=\"auto, (max-width: 1024px) 100vw, 1024px\" \/><\/figure>\n\n\n\n<p class=\"wp-block-paragraph\">May Rodr\u00edguez admir\u00f3 las j\u00edcaras labradas y los canastos de los artensanos cardenenses que con a\u00f1os de experiencia elaboran una sola pieza en pocas horas. Tambi\u00e9n se detuvo a admirar los cuadros de reconocidos pintores, pues la localidad es cuna de valiosos artistas del pincel.<\/p>\n\n\n\n<p class=\"wp-block-paragraph\">Al avanzar, los invitados se toparon con un letrero donde se le\u00eda \u201cCocuni\u201d y cargando unas botellas transparentes, les dio la bienvenida el joven productor Alfredo L\u00f3pez May, quien explic\u00f3 que \u201crealizan agua de coco completamente org\u00e1nica, cosechada directamente de la mata\u201d.<\/p>\n\n\n\n<p class=\"wp-block-paragraph\">C\u00e1rdenas cuenta con 25 kil\u00f3metros de costa, y la sociedad productora de\u201cCocuni\u201d, integrada por 59 familias, aprovecha la abundancia de esta planta en su entorno, la villa Coronel Andr\u00e9s S\u00e1nchez Magallanes. De hecho, el mandatario apenas vio al joven emprendedor, le pregunt\u00f3 c\u00f3mo les hab\u00eda ido con las ventas en la temporada de playa en el puerto. \u201cNos fue muy bien\u201d, devolvi\u00f3 el interpelado.<\/p>\n\n\n\n<p class=\"wp-block-paragraph\">Luego resalt\u00f3 emocionado para los que ven\u00edan en la comitiva que \u201cla excelente idea es nuestra, pero impulsada pr\u00e1cticamente por el Gobernador, porque est\u00e1 creyendo en las familias. Queremos seguir produciendo, queremos darnos a conocer m\u00e1s como una excelente marca tabasque\u00f1a, pero sobre todo originaria de C\u00e1rdenas\u201d.<\/p>\n\n\n\n<p class=\"wp-block-paragraph\">A nombre de \u201cCocuni\u201d, L\u00f3pez May dio las gracias al mandatario por invitarlos a exponer en la feria porque \u201cnos ayuda para la promoci\u00f3n, para darnos a conocer, vincularnos y crear alianzas\u201d&nbsp;&nbsp;<\/p>\n\n\n\n<p class=\"wp-block-paragraph\">El recorrido acab\u00f3 en una deliciosa degustaci\u00f3n de comida t\u00edpica cardenense, con sabor a mar: galletas de soda con un mousse de queso crema con chaya desparramada con chile amashito en polvo y una fresca bebida con sabor a chayas.<\/p>\n","protected":false},"excerpt":{"rendered":"<p>Escobas \u201cGuamillo\u201d, hechas por mujeres del poblado Netzahualc\u00f3yotl, rescata una tradici\u00f3n a punto de extinguirse; la bebida embotellada \u201cCocuni\u201d, por productores del puerto de S\u00e1nchez Magallanes, aprovecha un recurso natural abundante en la zona VILLAHERMOSA, TAB Para inaugurar los primeros dos stands de la Feria Tabasco 2026, los organizadores de<span class=\"more-link theme-more-link\"><a href=\"https:\/\/reporterosdelsur.org\/diario\/2026\/05\/cronica-en-stands-municipales-resaltan-marcas-con-tradicion-junto-a-emprendimientos-comunitarios\/\">Leer Nota Complete<\/a><\/span><\/p>\n","protected":false},"author":2,"featured_media":48308,"comment_status":"open","ping_status":"open","sticky":false,"template":"","format":"standard","meta":{"footnotes":"","jetpack_publicize_message":"","jetpack_publicize_feature_enabled":true,"jetpack_social_post_already_shared":false,"jetpack_social_options":{"image_generator_settings":{"template":"highway","default_image_id":0,"font":"","enabled":false},"version":2}},"categories":[6,2],"tags":[],"class_list":["entry","author-guza0892gmail-com","post-48307","post","type-post","status-publish","format-standard","has-post-thumbnail","category-destacado","category-tabasco"],"jetpack_publicize_connections":[],"featured_image_urls":{"full":["https:\/\/reporterosdelsur.org\/diario\/wp-content\/uploads\/cro1-3.jpeg",1280,853,false],"thumbnail":["https:\/\/reporterosdelsur.org\/diario\/wp-content\/uploads\/cro1-3-150x150.jpeg",150,150,true],"medium":["https:\/\/reporterosdelsur.org\/diario\/wp-content\/uploads\/cro1-3-300x200.jpeg",300,200,true],"medium_large":["https:\/\/reporterosdelsur.org\/diario\/wp-content\/uploads\/cro1-3-768x512.jpeg",768,512,true],"large":["https:\/\/reporterosdelsur.org\/diario\/wp-content\/uploads\/cro1-3-1024x682.jpeg",1024,682,true],"1536x1536":["https:\/\/reporterosdelsur.org\/diario\/wp-content\/uploads\/cro1-3.jpeg",1280,853,false],"2048x2048":["https:\/\/reporterosdelsur.org\/diario\/wp-content\/uploads\/cro1-3.jpeg",1280,853,false],"ultp_layout_landscape_large":["https:\/\/reporterosdelsur.org\/diario\/wp-content\/uploads\/cro1-3-1200x800.jpeg",1200,800,true],"ultp_layout_landscape":["https:\/\/reporterosdelsur.org\/diario\/wp-content\/uploads\/cro1-3-870x570.jpeg",870,570,true],"ultp_layout_portrait":["https:\/\/reporterosdelsur.org\/diario\/wp-content\/uploads\/cro1-3-600x853.jpeg",600,853,true],"ultp_layout_square":["https:\/\/reporterosdelsur.org\/diario\/wp-content\/uploads\/cro1-3-600x600.jpeg",600,600,true],"hoot-medium-thumb":["https:\/\/reporterosdelsur.org\/diario\/wp-content\/uploads\/cro1-3-460x400.jpeg",460,400,true],"hoot-preview":["https:\/\/reporterosdelsur.org\/diario\/wp-content\/uploads\/cro1-3-465x310.jpeg",465,310,true],"hoot-preview-thumb":["https:\/\/reporterosdelsur.org\/diario\/wp-content\/uploads\/cro1-3-465x550.jpeg",465,550,true],"hoot-large-thumb":["https:\/\/reporterosdelsur.org\/diario\/wp-content\/uploads\/cro1-3-690x550.jpeg",690,550,true],"hoot-preview-large":["https:\/\/reporterosdelsur.org\/diario\/wp-content\/uploads\/cro1-3-695x463.jpeg",695,463,true],"hoot-wide-thumb":["https:\/\/reporterosdelsur.org\/diario\/wp-content\/uploads\/cro1-3-920x425.jpeg",920,425,true],"hoot-extra-wide-thumb":["https:\/\/reporterosdelsur.org\/diario\/wp-content\/uploads\/cro1-3-1035x425.jpeg",1035,425,true]},"author_info":{"display_name":"Reporteros del Sur","author_link":"https:\/\/reporterosdelsur.org\/diario\/author\/guza0892gmail-com\/"},"category_info":"<a href=\"https:\/\/reporterosdelsur.org\/diario\/category\/destacado\/\" rel=\"category tag\">Destacado<\/a> <a href=\"https:\/\/reporterosdelsur.org\/diario\/category\/tabasco\/\" rel=\"category tag\">Tabasco<\/a>","tag_info":"Tabasco","comment_count":"0","_links":{"self":[{"href":"https:\/\/reporterosdelsur.org\/diario\/wp-json\/wp\/v2\/posts\/48307","targetHints":{"allow":["GET"]}}],"collection":[{"href":"https:\/\/reporterosdelsur.org\/diario\/wp-json\/wp\/v2\/posts"}],"about":[{"href":"https:\/\/reporterosdelsur.org\/diario\/wp-json\/wp\/v2\/types\/post"}],"author":[{"embeddable":true,"href":"https:\/\/reporterosdelsur.org\/diario\/wp-json\/wp\/v2\/users\/2"}],"replies":[{"embeddable":true,"href":"https:\/\/reporterosdelsur.org\/diario\/wp-json\/wp\/v2\/comments?post=48307"}],"version-history":[{"count":1,"href":"https:\/\/reporterosdelsur.org\/diario\/wp-json\/wp\/v2\/posts\/48307\/revisions"}],"predecessor-version":[{"id":48312,"href":"https:\/\/reporterosdelsur.org\/diario\/wp-json\/wp\/v2\/posts\/48307\/revisions\/48312"}],"wp:featuredmedia":[{"embeddable":true,"href":"https:\/\/reporterosdelsur.org\/diario\/wp-json\/wp\/v2\/media\/48308"}],"wp:attachment":[{"href":"https:\/\/reporterosdelsur.org\/diario\/wp-json\/wp\/v2\/media?parent=48307"}],"wp:term":[{"taxonomy":"category","embeddable":true,"href":"https:\/\/reporterosdelsur.org\/diario\/wp-json\/wp\/v2\/categories?post=48307"},{"taxonomy":"post_tag","embeddable":true,"href":"https:\/\/reporterosdelsur.org\/diario\/wp-json\/wp\/v2\/tags?post=48307"}],"curies":[{"name":"wp","href":"https:\/\/api.w.org\/{rel}","templated":true}]}}