{"id":48191,"date":"2026-05-02T20:20:27","date_gmt":"2026-05-03T02:20:27","guid":{"rendered":"https:\/\/reporterosdelsur.org\/diario\/?p=48191"},"modified":"2026-05-03T00:54:50","modified_gmt":"2026-05-03T06:54:50","slug":"embajadora-de-e-zapata-ignora-denuncia-politica-de-su-tio-y-felicita-de-corazon-a-maria-ines-de-tacotalpa-ganadora-de-la-flor-tabasco-2026","status":"publish","type":"post","link":"https:\/\/reporterosdelsur.org\/diario\/2026\/05\/embajadora-de-e-zapata-ignora-denuncia-politica-de-su-tio-y-felicita-de-corazon-a-maria-ines-de-tacotalpa-ganadora-de-la-flor-tabasco-2026\/","title":{"rendered":"Embajadora de E-Zapata ignora denuncia pol\u00edtica de su t\u00edo y felicita &#8220;de coraz\u00f3n&#8221; a Mar\u00eda Jos\u00e9 de Tacotalpa, ganadora de la Flor Tabasco 2026&#8230;"},"content":{"rendered":"\n<p class=\"has-text-align-center wp-block-paragraph\"><strong>REPORTEROS DEL SUR<\/strong><\/p>\n\n\n\n<p class=\"wp-block-paragraph\">La embajadora de Emiliano Zapata, Mari\u00fa Mendoza Cabrera, ignora acusaci\u00f3n de \u201cuso pol\u00edtico\u201d en la elecci\u00f3n de la Flor Tabasco 2026, que hizo su t\u00edo y secretario del Ayuntamiento, Miguel Aurelio Cabrera Guti\u00e9rrez, del partido Movimiento Ciudadano (MC).<\/p>\n\n\n\n<p class=\"wp-block-paragraph\">\u00a0\u00a0\u00a0\u00a0\u00a0\u00a0 Seg\u00fan Cabrera Guti\u00e9rrez, su sobrina fue \u201cutilizada\u201d para enviar un mensaje pol\u00edtico durante la elecci\u00f3n de la Flor de Oro, lo que habr\u00eda derivado en ausentarse de los eventos de la feria.<\/p>\n\n\n\n<figure class=\"wp-block-image size-large\"><img loading=\"lazy\" decoding=\"async\" width=\"1024\" height=\"683\" src=\"https:\/\/reporterosdelsur.org\/diario\/wp-content\/uploads\/200-1-1024x683.jpg\" alt=\"\" class=\"wp-image-48193\" srcset=\"https:\/\/reporterosdelsur.org\/diario\/wp-content\/uploads\/200-1-1024x683.jpg 1024w, https:\/\/reporterosdelsur.org\/diario\/wp-content\/uploads\/200-1-300x200.jpg 300w, https:\/\/reporterosdelsur.org\/diario\/wp-content\/uploads\/200-1-768x512.jpg 768w, https:\/\/reporterosdelsur.org\/diario\/wp-content\/uploads\/200-1-1536x1025.jpg 1536w, https:\/\/reporterosdelsur.org\/diario\/wp-content\/uploads\/200-1-1200x800.jpg 1200w, https:\/\/reporterosdelsur.org\/diario\/wp-content\/uploads\/200-1-465x310.jpg 465w, https:\/\/reporterosdelsur.org\/diario\/wp-content\/uploads\/200-1-695x464.jpg 695w, https:\/\/reporterosdelsur.org\/diario\/wp-content\/uploads\/200-1.jpg 2048w\" sizes=\"auto, (max-width: 1024px) 100vw, 1024px\" \/><\/figure>\n\n\n\n<figure class=\"wp-block-image size-large\"><img loading=\"lazy\" decoding=\"async\" width=\"683\" height=\"1024\" src=\"https:\/\/reporterosdelsur.org\/diario\/wp-content\/uploads\/taco-7-683x1024.jpeg\" alt=\"\" class=\"wp-image-48192\" srcset=\"https:\/\/reporterosdelsur.org\/diario\/wp-content\/uploads\/taco-7-683x1024.jpeg 683w, https:\/\/reporterosdelsur.org\/diario\/wp-content\/uploads\/taco-7-200x300.jpeg 200w, https:\/\/reporterosdelsur.org\/diario\/wp-content\/uploads\/taco-7-768x1151.jpeg 768w, https:\/\/reporterosdelsur.org\/diario\/wp-content\/uploads\/taco-7-600x900.jpeg 600w, https:\/\/reporterosdelsur.org\/diario\/wp-content\/uploads\/taco-7-367x550.jpeg 367w, https:\/\/reporterosdelsur.org\/diario\/wp-content\/uploads\/taco-7-334x500.jpeg 334w, https:\/\/reporterosdelsur.org\/diario\/wp-content\/uploads\/taco-7.jpeg 854w\" sizes=\"auto, (max-width: 683px) 100vw, 683px\" \/><\/figure>\n\n\n\n<p class=\"wp-block-paragraph\">Mediante un comunicado, la joven embajadora respondi\u00f3 para felicitar \u201cde coraz\u00f3n\u201d a la ganadora de la Flor, Mar\u00eda Jos\u00e9 Hern\u00e1ndez Vera, del municipio de Tacotalpa, as\u00ed como a todas participantes, sin mencionar para nada la inconformidad de su t\u00edo.<\/p>\n\n\n\n<figure class=\"wp-block-image size-full\"><img loading=\"lazy\" decoding=\"async\" width=\"465\" height=\"462\" src=\"https:\/\/reporterosdelsur.org\/diario\/wp-content\/uploads\/flor-10.jpg\" alt=\"\" class=\"wp-image-48194\" srcset=\"https:\/\/reporterosdelsur.org\/diario\/wp-content\/uploads\/flor-10.jpg 465w, https:\/\/reporterosdelsur.org\/diario\/wp-content\/uploads\/flor-10-300x298.jpg 300w, https:\/\/reporterosdelsur.org\/diario\/wp-content\/uploads\/flor-10-150x150.jpg 150w\" sizes=\"auto, (max-width: 465px) 100vw, 465px\" \/><\/figure>\n\n\n\n<p class=\"wp-block-paragraph\"><strong>NOTA RELACIONADA <\/strong><\/p>\n\n\n\n<figure class=\"wp-block-embed is-type-wp-embed is-provider-incrustado wp-block-embed-incrustado\"><div class=\"wp-block-embed__wrapper\">\n<blockquote class=\"wp-embedded-content\" data-secret=\"wtngc0lhgv\"><a href=\"https:\/\/reporterosdelsur.org\/diario\/2026\/05\/acusan-uso-politico-en-certamen-de-belleza-en-emiliano-zapata-familiar-de-participante-alza-la-voz\/\">T\u00edo de Embajadora de Emiliano Zapata y secretario del Ayuntamiento, gobernado por MC, acusa uso pol\u00edtico de su sobrina&#8230;<\/a><\/blockquote><iframe loading=\"lazy\" class=\"wp-embedded-content\" sandbox=\"allow-scripts\" security=\"restricted\" style=\"position: absolute; visibility: hidden;\" title=\"&#8220;T\u00edo de Embajadora de Emiliano Zapata y secretario del Ayuntamiento, gobernado por MC, acusa uso pol\u00edtico de su sobrina&#8230;&#8221; &#8212; \" src=\"https:\/\/reporterosdelsur.org\/diario\/2026\/05\/acusan-uso-politico-en-certamen-de-belleza-en-emiliano-zapata-familiar-de-participante-alza-la-voz\/embed\/#?secret=6oB9km1RxM#?secret=wtngc0lhgv\" data-secret=\"wtngc0lhgv\" width=\"600\" height=\"338\" frameborder=\"0\" marginwidth=\"0\" marginheight=\"0\" scrolling=\"no\"><\/iframe>\n<\/div><\/figure>\n","protected":false},"excerpt":{"rendered":"<p>REPORTEROS DEL SUR La embajadora de Emiliano Zapata, Mari\u00fa Mendoza Cabrera, ignora acusaci\u00f3n de \u201cuso pol\u00edtico\u201d en la elecci\u00f3n de la Flor Tabasco 2026, que hizo su t\u00edo y secretario del Ayuntamiento, Miguel Aurelio Cabrera Guti\u00e9rrez, del partido Movimiento Ciudadano (MC). \u00a0\u00a0\u00a0\u00a0\u00a0\u00a0 Seg\u00fan Cabrera Guti\u00e9rrez, su sobrina fue \u201cutilizada\u201d para<span class=\"more-link theme-more-link\"><a href=\"https:\/\/reporterosdelsur.org\/diario\/2026\/05\/embajadora-de-e-zapata-ignora-denuncia-politica-de-su-tio-y-felicita-de-corazon-a-maria-ines-de-tacotalpa-ganadora-de-la-flor-tabasco-2026\/\">Leer Nota Complete<\/a><\/span><\/p>\n","protected":false},"author":2,"featured_media":48195,"comment_status":"open","ping_status":"open","sticky":false,"template":"","format":"standard","meta":{"footnotes":"","jetpack_publicize_message":"","jetpack_publicize_feature_enabled":true,"jetpack_social_post_already_shared":false,"jetpack_social_options":{"image_generator_settings":{"template":"highway","default_image_id":0,"font":"","enabled":false},"version":2}},"categories":[6,2],"tags":[],"class_list":["entry","author-guza0892gmail-com","post-48191","post","type-post","status-publish","format-standard","has-post-thumbnail","category-destacado","category-tabasco"],"jetpack_publicize_connections":[],"featured_image_urls":{"full":["https:\/\/reporterosdelsur.org\/diario\/wp-content\/uploads\/zapata-1024x682-1.jpeg",1024,682,false],"thumbnail":["https:\/\/reporterosdelsur.org\/diario\/wp-content\/uploads\/zapata-1024x682-1-150x150.jpeg",150,150,true],"medium":["https:\/\/reporterosdelsur.org\/diario\/wp-content\/uploads\/zapata-1024x682-1-300x200.jpeg",300,200,true],"medium_large":["https:\/\/reporterosdelsur.org\/diario\/wp-content\/uploads\/zapata-1024x682-1-768x512.jpeg",768,512,true],"large":["https:\/\/reporterosdelsur.org\/diario\/wp-content\/uploads\/zapata-1024x682-1.jpeg",1024,682,false],"1536x1536":["https:\/\/reporterosdelsur.org\/diario\/wp-content\/uploads\/zapata-1024x682-1.jpeg",1024,682,false],"2048x2048":["https:\/\/reporterosdelsur.org\/diario\/wp-content\/uploads\/zapata-1024x682-1.jpeg",1024,682,false],"ultp_layout_landscape_large":["https:\/\/reporterosdelsur.org\/diario\/wp-content\/uploads\/zapata-1024x682-1.jpeg",1024,682,false],"ultp_layout_landscape":["https:\/\/reporterosdelsur.org\/diario\/wp-content\/uploads\/zapata-1024x682-1-870x570.jpeg",870,570,true],"ultp_layout_portrait":["https:\/\/reporterosdelsur.org\/diario\/wp-content\/uploads\/zapata-1024x682-1-600x682.jpeg",600,682,true],"ultp_layout_square":["https:\/\/reporterosdelsur.org\/diario\/wp-content\/uploads\/zapata-1024x682-1-600x600.jpeg",600,600,true],"hoot-medium-thumb":["https:\/\/reporterosdelsur.org\/diario\/wp-content\/uploads\/zapata-1024x682-1-460x400.jpeg",460,400,true],"hoot-preview":["https:\/\/reporterosdelsur.org\/diario\/wp-content\/uploads\/zapata-1024x682-1-465x310.jpeg",465,310,true],"hoot-preview-thumb":["https:\/\/reporterosdelsur.org\/diario\/wp-content\/uploads\/zapata-1024x682-1-465x550.jpeg",465,550,true],"hoot-large-thumb":["https:\/\/reporterosdelsur.org\/diario\/wp-content\/uploads\/zapata-1024x682-1-690x550.jpeg",690,550,true],"hoot-preview-large":["https:\/\/reporterosdelsur.org\/diario\/wp-content\/uploads\/zapata-1024x682-1-695x463.jpeg",695,463,true],"hoot-wide-thumb":["https:\/\/reporterosdelsur.org\/diario\/wp-content\/uploads\/zapata-1024x682-1-920x425.jpeg",920,425,true],"hoot-extra-wide-thumb":["https:\/\/reporterosdelsur.org\/diario\/wp-content\/uploads\/zapata-1024x682-1-1024x425.jpeg",1024,425,true]},"author_info":{"display_name":"Reporteros del Sur","author_link":"https:\/\/reporterosdelsur.org\/diario\/author\/guza0892gmail-com\/"},"category_info":"<a href=\"https:\/\/reporterosdelsur.org\/diario\/category\/destacado\/\" rel=\"category tag\">Destacado<\/a> <a href=\"https:\/\/reporterosdelsur.org\/diario\/category\/tabasco\/\" rel=\"category tag\">Tabasco<\/a>","tag_info":"Tabasco","comment_count":"0","_links":{"self":[{"href":"https:\/\/reporterosdelsur.org\/diario\/wp-json\/wp\/v2\/posts\/48191","targetHints":{"allow":["GET"]}}],"collection":[{"href":"https:\/\/reporterosdelsur.org\/diario\/wp-json\/wp\/v2\/posts"}],"about":[{"href":"https:\/\/reporterosdelsur.org\/diario\/wp-json\/wp\/v2\/types\/post"}],"author":[{"embeddable":true,"href":"https:\/\/reporterosdelsur.org\/diario\/wp-json\/wp\/v2\/users\/2"}],"replies":[{"embeddable":true,"href":"https:\/\/reporterosdelsur.org\/diario\/wp-json\/wp\/v2\/comments?post=48191"}],"version-history":[{"count":4,"href":"https:\/\/reporterosdelsur.org\/diario\/wp-json\/wp\/v2\/posts\/48191\/revisions"}],"predecessor-version":[{"id":48225,"href":"https:\/\/reporterosdelsur.org\/diario\/wp-json\/wp\/v2\/posts\/48191\/revisions\/48225"}],"wp:featuredmedia":[{"embeddable":true,"href":"https:\/\/reporterosdelsur.org\/diario\/wp-json\/wp\/v2\/media\/48195"}],"wp:attachment":[{"href":"https:\/\/reporterosdelsur.org\/diario\/wp-json\/wp\/v2\/media?parent=48191"}],"wp:term":[{"taxonomy":"category","embeddable":true,"href":"https:\/\/reporterosdelsur.org\/diario\/wp-json\/wp\/v2\/categories?post=48191"},{"taxonomy":"post_tag","embeddable":true,"href":"https:\/\/reporterosdelsur.org\/diario\/wp-json\/wp\/v2\/tags?post=48191"}],"curies":[{"name":"wp","href":"https:\/\/api.w.org\/{rel}","templated":true}]}}